{"id":272231,"date":"2018-12-10T10:57:01","date_gmt":"2018-12-10T07:57:01","guid":{"rendered":"https:\/\/www.nationalturk.com\/?p=272231"},"modified":"2018-12-10T10:59:57","modified_gmt":"2018-12-10T07:59:57","slug":"cok-onemli-ihtiyacmis-80-milyon-liraya-diyanet-kulliyesi","status":"publish","type":"post","link":"https:\/\/www.nationalturk.com\/tr\/cok-onemli-ihtiyacmis-80-milyon-liraya-diyanet-kulliyesi\/","title":{"rendered":"\u00c7ok \u00f6nemli ihtiya\u00e7m\u0131\u015f: 80 milyon liraya diyanet k\u00fclliyesi!"},"content":{"rendered":"<h2>Elaz\u0131\u011f Harput&#8217;ta yap\u0131lmas\u0131 planlanan ve yakla\u015f\u0131k iki y\u0131ld\u0131r \u00fczerinde \u00e7al\u0131\u015f\u0131lan &#8216;Uluslararas\u0131 Harput Diyanet K\u00fclliyesi&#8217; projesi hayata ge\u00e7iriliyor. 8 bin 600 metrekarelik alana in\u015fa edilecek k\u00fclliyenin maliyeti 80 milyon TL&#8217;yi bulacak.<\/h2>\n<p><a href=\"https:\/\/www.sozcu.com.tr\/2018\/gundem\/harputa-80-milyon-tlye-diyanet-kulliyesi-2785160\/\" rel=\"noopener\" target=\"_blank\">S\u00f6zc\u00fc&#8217;den Deniz Ayhan&#8217;\u0131n haberine g\u00f6re<\/a>, Harput Diyanet E\u011fitim Merkezi binas\u0131n\u0131n y\u0131k\u0131larak yerine yap\u0131lacak olan Uluslararas\u0131 Harput Diyanet K\u00fclliyesi projesi i\u00e7in Elaz\u0131\u011f \u0130l \u00d6zel \u0130daresi ihaleye \u00e7\u0131kt\u0131. Projenin maliyeti yakla\u015f\u0131k 80 milyon TL olarak a\u00e7\u0131kland\u0131. \u0130l \u00d6zel \u0130dare Destek Hizmetleri M\u00fcd\u00fcrl\u00fc\u011f\u00fc&#8217;nde yap\u0131lan in\u015faat ihalesini Ziver in\u015faat kazand\u0131.<\/p>\n<p>AKP Merkez Karar Y\u00f6netim Kurulu \u00dcyesi ve Elaz\u0131\u011f Milletvekili Metin Bulut, projeyle ilgili olarak, &#8220;Malumunuz bu tasarruf tedbirlerinden dolay\u0131 baz\u0131 tesislere ba\u015flamama durumu s\u00f6z konusuydu. Ama biz bunun Elaz\u0131\u011f\u0131m\u0131z a\u00e7\u0131s\u0131ndan ne kadar \u00f6nemli oldu\u011funu, ne kadar k\u0131ymetli oldu\u011funu, bir an \u00f6nce ihalesinin yap\u0131lmas\u0131 gerekti\u011fini ortaya koyunca bakanl\u0131\u011f\u0131m\u0131z da bu konuda bizleri k\u0131rmad\u0131&#8221; dedi.<\/p>\n<p>8 bin 600 metrekarelik alana in\u015fa edilecek k\u00fclliyenin i\u00e7erisinde, kongre merkezi, e\u011fitim binalar\u0131, seyir kulesi, \u0130slami Ara\u015ft\u0131rmalar Merkezi, \u00e7ok ama\u00e7l\u0131 k\u00fct\u00fcphane, \u00e7ok ama\u00e7l\u0131 konferans salonlar\u0131, e\u011fitim s\u0131n\u0131flar\u0131, sosyal alanlar, spor sahas\u0131, restoran ve kafe, g\u00fcnl\u00fck ortalama 200 ki\u015finin kalaca\u011f\u0131 yatakhane olacak. \u0130n\u015faat\u0131n yap\u0131laca\u011f\u0131 alan 25 bin metrekareden olu\u015fuyor. K\u00fclliye binas\u0131n\u0131n yap\u0131m\u0131na bu ay ba\u015flanacak, tamamlanma s\u00fcresi tahmini olarak 900 g\u00fcn olarak hesaplan\u0131yor.<\/p>\n<!-- Error, Advert is not available at this time due to schedule\/geolocation restrictions! -->\n","protected":false},"excerpt":{"rendered":"<p>Elaz\u0131\u011f Harput&#8217;ta yap\u0131lmas\u0131 planlanan ve yakla\u015f\u0131k iki y\u0131ld\u0131r \u00fczerinde \u00e7al\u0131\u015f\u0131lan &#8216;Uluslararas\u0131 Harput Diyanet K\u00fclliyesi&#8217; projesi hayata ge\u00e7iriliyor. 8 bin 600 metrekarelik alana in\u015fa edilecek k\u00fclliyenin maliyeti 80 milyon TL&#8217;yi bulacak. S\u00f6zc\u00fc&#8217;den Deniz Ayhan&#8217;\u0131n haberine g\u00f6re, Harput Diyanet E\u011fitim Merkezi binas\u0131n\u0131n y\u0131k\u0131larak yerine yap\u0131lacak olan Uluslararas\u0131 Harput Diyanet K\u00fclliyesi projesi i\u00e7in Elaz\u0131\u011f \u0130l \u00d6zel \u0130daresi ihaleye &hellip;<\/p>\n","protected":false},"author":4,"featured_media":272232,"comment_status":"open","ping_status":"open","sticky":false,"template":"","format":"standard","meta":{"_acf_changed":false,"footnotes":""},"categories":[6155,5005,349,6805],"tags":[9476,52198,8296,123981],"class_list":["post-272231","post","type-post","status-publish","format-standard","has-post-thumbnail","hentry","category-gundem","category-manset","category-son-dakika","category-turkiye","tag-akp","tag-diyanet","tag-elazig","tag-harput"],"acf":[],"_links":{"self":[{"href":"https:\/\/www.nationalturk.com\/tr\/wp-json\/wp\/v2\/posts\/272231","targetHints":{"allow":["GET"]}}],"collection":[{"href":"https:\/\/www.nationalturk.com\/tr\/wp-json\/wp\/v2\/posts"}],"about":[{"href":"https:\/\/www.nationalturk.com\/tr\/wp-json\/wp\/v2\/types\/post"}],"author":[{"embeddable":true,"href":"https:\/\/www.nationalturk.com\/tr\/wp-json\/wp\/v2\/users\/4"}],"replies":[{"embeddable":true,"href":"https:\/\/www.nationalturk.com\/tr\/wp-json\/wp\/v2\/comments?post=272231"}],"version-history":[{"count":0,"href":"https:\/\/www.nationalturk.com\/tr\/wp-json\/wp\/v2\/posts\/272231\/revisions"}],"wp:featuredmedia":[{"embeddable":true,"href":"https:\/\/www.nationalturk.com\/tr\/wp-json\/wp\/v2\/media\/272232"}],"wp:attachment":[{"href":"https:\/\/www.nationalturk.com\/tr\/wp-json\/wp\/v2\/media?parent=272231"}],"wp:term":[{"taxonomy":"category","embeddable":true,"href":"https:\/\/www.nationalturk.com\/tr\/wp-json\/wp\/v2\/categories?post=272231"},{"taxonomy":"post_tag","embeddable":true,"href":"https:\/\/www.nationalturk.com\/tr\/wp-json\/wp\/v2\/tags?post=272231"}],"curies":[{"name":"wp","href":"https:\/\/api.w.org\/{rel}","templated":true}]}}