{"id":272280,"date":"2018-12-11T15:20:37","date_gmt":"2018-12-11T12:20:37","guid":{"rendered":"https:\/\/www.nationalturk.com\/?p=272280"},"modified":"2018-12-11T15:20:37","modified_gmt":"2018-12-11T12:20:37","slug":"sari-yelekliler-tatmin-olmadi-cumartesi-yine-eylem-var","status":"publish","type":"post","link":"https:\/\/www.nationalturk.com\/tr\/sari-yelekliler-tatmin-olmadi-cumartesi-yine-eylem-var\/","title":{"rendered":"Sar\u0131 Yelekliler tatmin olmad\u0131, cumartesi yine eylem var"},"content":{"rendered":"<h2>Frans\u0131z bas\u0131n\u0131nda yer alan haberlere g\u00f6re, &#8220;sar\u0131 yelekliler&#8221;, Fransa Cumhurba\u015fkan\u0131 Emmanuel Macron&#8217;un d\u00fcn ak\u015fam asgari \u00fccrete 100 avro zam yap\u0131laca\u011f\u0131, 2 bin avronun alt\u0131ndaki emeklilik maa\u015flar\u0131ndan art\u0131k kesinti yap\u0131lmayaca\u011f\u0131 y\u00f6n\u00fcndeki a\u00e7\u0131klamalar\u0131n\u0131 yetersiz buldu.<\/h2>\n<p>&#8220;Sar\u0131 yelekliler&#8221;in s\u00f6zc\u00fclerinden Eric Drouet, yapt\u0131\u011f\u0131 a\u00e7\u0131klamada, Macron&#8217;un g\u00f6sterilerin ba\u015f\u0131ndan bu yana kendilerini ciddiye almad\u0131\u011f\u0131n\u0131 belirterek, eylemcileri cumartesi yeni bir g\u00f6steri d\u00fczenlemeye davet etti.<\/p>\n<p>\u00d6te yandan Montauban kentinde ya\u015fayan ve &#8220;sar\u0131 yelekliler&#8221;e destek veren Christophe Torrent, bas\u0131na yapt\u0131\u011f\u0131 a\u00e7\u0131klamada, &#8220;Bu a\u00e7\u0131klamalar \u00e7ok yetersiz. Asgari \u00fccrete 100 avro zam tatmin edici de\u011fil.&#8221; dedi.<\/p>\n<p>Puy-en-Velay \u015fehrinden &#8220;sar\u0131 yelekliler&#8221;e destek veren Michel Arnal ise daha g\u00fc\u00e7l\u00fc kararlar istediklerini ve bu a\u00e7\u0131klamalar\u0131 yetersiz bulduklar\u0131n\u0131 s\u00f6yledi.<\/p>\n<p>&#8220;Sar\u0131 yelekliler&#8221;in s\u00f6zc\u00fclerinden Jacline Mouraud, LCI televizyonunda yapt\u0131\u011f\u0131 a\u00e7\u0131klamada, bundan sonra h\u00fck\u00fcmetle diyalog i\u00e7erisinde olmalar\u0131 gerekti\u011fini ifade etti.<\/p>\n<p>Aveyron kentinde ya\u015fayan &#8220;sar\u0131 yelekliler&#8221;den Jean Christophe da asgari \u00fccrete 100 avro zamm\u0131n yetersiz oldu\u011funu ve sorunlar\u0131 \u00e7\u00f6zmedi\u011fini kaydetti.<\/p>\n<p>Macron, &#8220;sar\u0131 yelekliler&#8221;in protestolar\u0131 konusunda d\u00fcn ak\u015fam yapt\u0131\u011f\u0131 a\u00e7\u0131klamada, \u015firketlere ek vergi y\u00fck\u00fc getirmeden asgari \u00fccrete 2019 itibar\u0131yla ayl\u0131k 100 avro zam yap\u0131laca\u011f\u0131n\u0131 a\u00e7\u0131klam\u0131\u015ft\u0131.<\/p>\n<p>Yapabilen i\u015fverenlerin \u00e7al\u0131\u015fanlar\u0131na y\u0131l sonunda prim \u00f6demesini istedi\u011fini belirten Macron, 2 bin avronun alt\u0131ndaki emeklilik maa\u015flar\u0131ndan art\u0131k kesinti yap\u0131lmayaca\u011f\u0131n\u0131 duyurmu\u015ftu.<\/p>\n<p>Macron, 5 Aral\u0131k&#8217;ta Elysee Saray\u0131 arac\u0131l\u0131\u011f\u0131yla akaryak\u0131t zamlar\u0131n\u0131 gelecek y\u0131l i\u00e7in iptal etti\u011fini a\u00e7\u0131klam\u0131\u015ft\u0131 ancak &#8220;sar\u0131 yelekliler&#8221; bunu yeterli bulmam\u0131\u015ft\u0131.<\/p>\n<p>Protestolar\u0131n nedeni<br \/>\nFransa&#8217;da akaryak\u0131t zamlar\u0131na ve ekonomik \u015fartlar\u0131n k\u00f6t\u00fcle\u015fmesine tepki olarak 17 Kas\u0131m&#8217;da ba\u015flayan ancak daha sonra Macron y\u00f6netimine y\u00f6nelik \u00f6fkeye d\u00f6n\u00fc\u015fen &#8220;sar\u0131 yelekliler&#8221;in eylemleri, \u00fclkede son y\u0131llar\u0131n en \u015fiddetli protestosu haline geldi.<\/p>\n<p>Genellikle \u015fehir merkezlerindeki y\u00fcksek kiralar nedeniyle k\u0131rsal b\u00f6lgelere yerle\u015fenlerden olu\u015fan g\u00f6stericiler, Macron&#8217;dan ekonomik ko\u015fullar\u0131n iyile\u015ftirilmesini talep ediyor.<\/p>\n<p>&#8220;Sar\u0131 yelekliler&#8221;in protesto etti\u011fi akaryak\u0131t zamlar\u0131n\u0131n 2019 y\u0131l\u0131 i\u00e7in iptal edildi\u011fi a\u00e7\u0131klanm\u0131\u015f ancak eylemciler bunu yeterli bulmayarak g\u00f6sterileri s\u00fcrd\u00fcreceklerini duyurmu\u015ftu. <\/p>\n<!-- Error, Advert is not available at this time due to schedule\/geolocation restrictions! -->\n","protected":false},"excerpt":{"rendered":"<p>Frans\u0131z bas\u0131n\u0131nda yer alan haberlere g\u00f6re, &#8220;sar\u0131 yelekliler&#8221;, Fransa Cumhurba\u015fkan\u0131 Emmanuel Macron&#8217;un d\u00fcn ak\u015fam asgari \u00fccrete 100 avro zam yap\u0131laca\u011f\u0131, 2 bin avronun alt\u0131ndaki emeklilik maa\u015flar\u0131ndan art\u0131k kesinti yap\u0131lmayaca\u011f\u0131 y\u00f6n\u00fcndeki a\u00e7\u0131klamalar\u0131n\u0131 yetersiz buldu. &#8220;Sar\u0131 yelekliler&#8221;in s\u00f6zc\u00fclerinden Eric Drouet, yapt\u0131\u011f\u0131 a\u00e7\u0131klamada, Macron&#8217;un g\u00f6sterilerin ba\u015f\u0131ndan bu yana kendilerini ciddiye almad\u0131\u011f\u0131n\u0131 belirterek, eylemcileri cumartesi yeni bir g\u00f6steri d\u00fczenlemeye &hellip;<\/p>\n","protected":false},"author":4,"featured_media":272281,"comment_status":"open","ping_status":"open","sticky":false,"template":"","format":"standard","meta":{"_acf_changed":false,"footnotes":""},"categories":[6770,6155,5005,349],"tags":[212477,17,219165],"class_list":["post-272280","post","type-post","status-publish","format-standard","has-post-thumbnail","hentry","category-avrupa","category-gundem","category-manset","category-son-dakika","tag-emmanuel-macron","tag-fransa","tag-sari-yelekliler"],"acf":[],"_links":{"self":[{"href":"https:\/\/www.nationalturk.com\/tr\/wp-json\/wp\/v2\/posts\/272280","targetHints":{"allow":["GET"]}}],"collection":[{"href":"https:\/\/www.nationalturk.com\/tr\/wp-json\/wp\/v2\/posts"}],"about":[{"href":"https:\/\/www.nationalturk.com\/tr\/wp-json\/wp\/v2\/types\/post"}],"author":[{"embeddable":true,"href":"https:\/\/www.nationalturk.com\/tr\/wp-json\/wp\/v2\/users\/4"}],"replies":[{"embeddable":true,"href":"https:\/\/www.nationalturk.com\/tr\/wp-json\/wp\/v2\/comments?post=272280"}],"version-history":[{"count":0,"href":"https:\/\/www.nationalturk.com\/tr\/wp-json\/wp\/v2\/posts\/272280\/revisions"}],"wp:featuredmedia":[{"embeddable":true,"href":"https:\/\/www.nationalturk.com\/tr\/wp-json\/wp\/v2\/media\/272281"}],"wp:attachment":[{"href":"https:\/\/www.nationalturk.com\/tr\/wp-json\/wp\/v2\/media?parent=272280"}],"wp:term":[{"taxonomy":"category","embeddable":true,"href":"https:\/\/www.nationalturk.com\/tr\/wp-json\/wp\/v2\/categories?post=272280"},{"taxonomy":"post_tag","embeddable":true,"href":"https:\/\/www.nationalturk.com\/tr\/wp-json\/wp\/v2\/tags?post=272280"}],"curies":[{"name":"wp","href":"https:\/\/api.w.org\/{rel}","templated":true}]}}