{"id":272361,"date":"2018-12-13T14:29:04","date_gmt":"2018-12-13T11:29:04","guid":{"rendered":"https:\/\/www.nationalturk.com\/?p=272361"},"modified":"2018-12-13T14:31:19","modified_gmt":"2018-12-13T11:31:19","slug":"merkez-bankasi-faiz-kararini-acikladi","status":"publish","type":"post","link":"https:\/\/www.nationalturk.com\/tr\/merkez-bankasi-faiz-kararini-acikladi\/","title":{"rendered":"Merkez Bankas\u0131 faiz karar\u0131n\u0131 a\u00e7\u0131klad\u0131"},"content":{"rendered":"<h2>Merkez Bankas\u0131 bir hafta vadeli repo ihale faiz oran\u0131n\u0131 (politika faizi) y\u00fczde 24&#8217;te sabit tuttu. \/ Son Dakika&#8230;<\/h2>\n<p>Para Politikas\u0131 Kurulu a\u00e7\u0131klamas\u0131nda, &#8220;Enflasyon g\u00f6r\u00fcn\u00fcm\u00fcnde belirgin bir iyile\u015fme sa\u011flanana kadar s\u0131k\u0131 parasal duru\u015f korunacakt\u0131r.&#8221; denildi.<\/p>\n<p>TCMB&#8217;den faiz oranlar\u0131na ili\u015fkin yap\u0131lan duyuruda, PPK&#8217;n\u0131n, Merkez Bankas\u0131 Ba\u015fkan\u0131 Murat \u00c7etinkaya ba\u015fkanl\u0131\u011f\u0131nda topland\u0131\u011f\u0131 bildirildi.<\/p>\n<p>Duyuruda, Kurul&#8217;un politika faizi olan bir hafta vadeli repo ihale faiz oran\u0131n\u0131 y\u00fczde 24 d\u00fczeyinde sabit tutulmas\u0131na karar verdi\u011fi belirtilerek, son d\u00f6nemde a\u00e7\u0131klanan verilerin, ekonomideki dengelenme e\u011filiminin belirginle\u015fti\u011fini g\u00f6sterdi\u011fi kaydedildi.<\/p>\n<p>D\u0131\u015f talebin g\u00fcc\u00fcn\u00fc korumakla birlikte finansal ko\u015fullardaki s\u0131k\u0131la\u015fman\u0131n da etkisiyle iktisadi faaliyetteki yava\u015flaman\u0131n devam etti\u011fi belirtilen duyuruda, &#8220;\u0130thal girdi maliyetleri ve i\u00e7 talep geli\u015fmelerine ba\u011fl\u0131 olarak enflasyon g\u00f6r\u00fcn\u00fcm\u00fcnde bir miktar iyile\u015fme g\u00f6zlenmekle birlikte fiyat istikrar\u0131na y\u00f6nelik riskler devam etmektedir. Bu \u00e7er\u00e7evede Kurul, enflasyon g\u00f6r\u00fcn\u00fcm\u00fcnde belirgin bir iyile\u015fme sa\u011flanana kadar s\u0131k\u0131 parasal duru\u015fun korunmas\u0131na karar vermi\u015ftir.&#8221; ifadeleri kullan\u0131ld\u0131.<\/p>\n<p>Duyuruda, Merkez Bankas\u0131&#8217;n\u0131n fiyat istikrar\u0131 temel amac\u0131 do\u011frultusunda elindeki b\u00fct\u00fcn ara\u00e7lar\u0131 kullanmaya devam edece\u011fi vurgulanarak, \u015funlar kaydedildi:<\/p>\n<p>&#8220;Enflasyon beklentileri, fiyatlama davran\u0131\u015flar\u0131, para politikas\u0131 kararlar\u0131n\u0131n gecikmeli etkileri, maliye politikas\u0131n\u0131n dengelenme s\u00fcrecine verece\u011fi katk\u0131 ve enflasyonu etkileyen di\u011fer unsurlardaki geli\u015fmeler yak\u0131ndan izlenerek ihtiya\u00e7 duyulmas\u0131 halinde ilave parasal s\u0131k\u0131la\u015ft\u0131rma yap\u0131labilecektir. A\u00e7\u0131klanacak her t\u00fcrl\u00fc yeni verinin ve haberin Kurul\u2019un gelece\u011fe y\u00f6nelik politika duru\u015funu de\u011fi\u015ftirmesine neden olabilece\u011fi \u00f6nemle vurgulanmal\u0131d\u0131r.&#8221;<\/p>\n<!-- Error, Advert is not available at this time due to schedule\/geolocation restrictions! -->\n","protected":false},"excerpt":{"rendered":"<p>Merkez Bankas\u0131 bir hafta vadeli repo ihale faiz oran\u0131n\u0131 (politika faizi) y\u00fczde 24&#8217;te sabit tuttu. \/ Son Dakika&#8230; Para Politikas\u0131 Kurulu a\u00e7\u0131klamas\u0131nda, &#8220;Enflasyon g\u00f6r\u00fcn\u00fcm\u00fcnde belirgin bir iyile\u015fme sa\u011flanana kadar s\u0131k\u0131 parasal duru\u015f korunacakt\u0131r.&#8221; denildi. TCMB&#8217;den faiz oranlar\u0131na ili\u015fkin yap\u0131lan duyuruda, PPK&#8217;n\u0131n, Merkez Bankas\u0131 Ba\u015fkan\u0131 Murat \u00c7etinkaya ba\u015fkanl\u0131\u011f\u0131nda topland\u0131\u011f\u0131 bildirildi. Duyuruda, Kurul&#8217;un politika faizi olan bir &hellip;<\/p>\n","protected":false},"author":4,"featured_media":262390,"comment_status":"open","ping_status":"open","sticky":false,"template":"","format":"standard","meta":{"_acf_changed":false,"footnotes":""},"categories":[6199,6155,5005,349],"tags":[56634,10463,27382],"class_list":["post-272361","post","type-post","status-publish","format-standard","has-post-thumbnail","hentry","category-ekonomi","category-gundem","category-manset","category-son-dakika","tag-faiz","tag-merkez-bankasi","tag-son-dakika"],"acf":[],"_links":{"self":[{"href":"https:\/\/www.nationalturk.com\/tr\/wp-json\/wp\/v2\/posts\/272361","targetHints":{"allow":["GET"]}}],"collection":[{"href":"https:\/\/www.nationalturk.com\/tr\/wp-json\/wp\/v2\/posts"}],"about":[{"href":"https:\/\/www.nationalturk.com\/tr\/wp-json\/wp\/v2\/types\/post"}],"author":[{"embeddable":true,"href":"https:\/\/www.nationalturk.com\/tr\/wp-json\/wp\/v2\/users\/4"}],"replies":[{"embeddable":true,"href":"https:\/\/www.nationalturk.com\/tr\/wp-json\/wp\/v2\/comments?post=272361"}],"version-history":[{"count":0,"href":"https:\/\/www.nationalturk.com\/tr\/wp-json\/wp\/v2\/posts\/272361\/revisions"}],"wp:featuredmedia":[{"embeddable":true,"href":"https:\/\/www.nationalturk.com\/tr\/wp-json\/wp\/v2\/media\/262390"}],"wp:attachment":[{"href":"https:\/\/www.nationalturk.com\/tr\/wp-json\/wp\/v2\/media?parent=272361"}],"wp:term":[{"taxonomy":"category","embeddable":true,"href":"https:\/\/www.nationalturk.com\/tr\/wp-json\/wp\/v2\/categories?post=272361"},{"taxonomy":"post_tag","embeddable":true,"href":"https:\/\/www.nationalturk.com\/tr\/wp-json\/wp\/v2\/tags?post=272361"}],"curies":[{"name":"wp","href":"https:\/\/api.w.org\/{rel}","templated":true}]}}