{"id":272403,"date":"2018-12-14T15:34:08","date_gmt":"2018-12-14T12:34:08","guid":{"rendered":"https:\/\/www.nationalturk.com\/?p=272403"},"modified":"2022-09-06T16:57:25","modified_gmt":"2022-09-06T13:57:25","slug":"milan-icin-yine-uefadan-men-tehlikesi","status":"publish","type":"post","link":"https:\/\/www.nationalturk.com\/tr\/milan-icin-yine-uefadan-men-tehlikesi\/","title":{"rendered":"Milan i\u00e7in yine UEFA&#8217;dan men tehlikesi"},"content":{"rendered":"<h2>UEFA, \u0130talya&#8217;n\u0131n Milan Kul\u00fcb\u00fcne para cezas\u0131 ve ileriye d\u00f6n\u00fck ihtar verdi.<\/h2>\n<p>UEFA&#8217;dan yap\u0131lan yaz\u0131l\u0131 a\u00e7\u0131klamada, UEFA Kul\u00fcp Finansal Kontrol Kurulunun, finansal fair play kurallar\u0131n\u0131 ihlal etti\u011fi gerek\u00e7esiyle Milan Kul\u00fcb\u00fcne 12 milyon avro para cezas\u0131 verdi\u011fi, bu tutar\u0131n \u0130talyan ekibin bu y\u0131lki UEFA gelirlerinden kesilece\u011fi kaydedildi. <\/p>\n<p>A\u00e7\u0131klamada, 30 Haziran 2021 tarihine kadar finansal fair-play \u015fartlar\u0131n\u0131n yerine getirilmemesi durumunda, k\u0131rm\u0131z\u0131-siyahl\u0131 ekibin 2022-23 ve 2023-24 sezonlar\u0131nda Avrupa kupalar\u0131na kat\u0131lmas\u0131 halinde bir sezon men cezas\u0131 alaca\u011f\u0131 ifade edildi. <\/p>\n<p>UEFA, haziran ay\u0131nda ald\u0131\u011f\u0131 kararla Milan&#8217;a bir y\u0131l men cezas\u0131 vermi\u015f, ancak \u0130talyan ekibinin itiraz\u0131 \u00fczerine Uluslararas\u0131 Spor Tahkim Mahkemesi (CAS) karar\u0131 kald\u0131rm\u0131\u015ft\u0131. <\/p>\n<p>Bu sezon UEFA Avrupa Ligi&#8217;nde m\u00fccadele eden Milan, F Grubu&#8217;nu 10 puanla \u00fc\u00e7\u00fcnc\u00fc s\u0131rada tamamlad\u0131 ve gruptan \u00e7\u0131kamad\u0131. <\/p>\n<!-- Error, Advert is not available at this time due to schedule\/geolocation restrictions! -->\n","protected":false},"excerpt":{"rendered":"<p>UEFA, \u0130talya&#8217;n\u0131n Milan Kul\u00fcb\u00fcne para cezas\u0131 ve ileriye d\u00f6n\u00fck ihtar verdi. UEFA&#8217;dan yap\u0131lan yaz\u0131l\u0131 a\u00e7\u0131klamada, UEFA Kul\u00fcp Finansal Kontrol Kurulunun, finansal fair play kurallar\u0131n\u0131 ihlal etti\u011fi gerek\u00e7esiyle Milan Kul\u00fcb\u00fcne 12 milyon avro para cezas\u0131 verdi\u011fi, bu tutar\u0131n \u0130talyan ekibin bu y\u0131lki UEFA gelirlerinden kesilece\u011fi kaydedildi. A\u00e7\u0131klamada, 30 Haziran 2021 tarihine kadar finansal fair-play \u015fartlar\u0131n\u0131n yerine &hellip;<\/p>\n","protected":false},"author":4,"featured_media":272404,"comment_status":"open","ping_status":"open","sticky":false,"template":"","format":"standard","meta":{"_acf_changed":false,"footnotes":""},"categories":[6774,6155,5005,349,6194],"tags":[10,2621,847],"class_list":["post-272403","post","type-post","status-publish","format-standard","has-post-thumbnail","hentry","category-futbol","category-gundem","category-manset","category-son-dakika","category-spor","tag-italya","tag-milan","tag-uefa"],"acf":[],"_links":{"self":[{"href":"https:\/\/www.nationalturk.com\/tr\/wp-json\/wp\/v2\/posts\/272403","targetHints":{"allow":["GET"]}}],"collection":[{"href":"https:\/\/www.nationalturk.com\/tr\/wp-json\/wp\/v2\/posts"}],"about":[{"href":"https:\/\/www.nationalturk.com\/tr\/wp-json\/wp\/v2\/types\/post"}],"author":[{"embeddable":true,"href":"https:\/\/www.nationalturk.com\/tr\/wp-json\/wp\/v2\/users\/4"}],"replies":[{"embeddable":true,"href":"https:\/\/www.nationalturk.com\/tr\/wp-json\/wp\/v2\/comments?post=272403"}],"version-history":[{"count":0,"href":"https:\/\/www.nationalturk.com\/tr\/wp-json\/wp\/v2\/posts\/272403\/revisions"}],"wp:featuredmedia":[{"embeddable":true,"href":"https:\/\/www.nationalturk.com\/tr\/wp-json\/wp\/v2\/media\/272404"}],"wp:attachment":[{"href":"https:\/\/www.nationalturk.com\/tr\/wp-json\/wp\/v2\/media?parent=272403"}],"wp:term":[{"taxonomy":"category","embeddable":true,"href":"https:\/\/www.nationalturk.com\/tr\/wp-json\/wp\/v2\/categories?post=272403"},{"taxonomy":"post_tag","embeddable":true,"href":"https:\/\/www.nationalturk.com\/tr\/wp-json\/wp\/v2\/tags?post=272403"}],"curies":[{"name":"wp","href":"https:\/\/api.w.org\/{rel}","templated":true}]}}