{"id":272406,"date":"2018-12-14T16:15:19","date_gmt":"2018-12-14T13:15:19","guid":{"rendered":"https:\/\/www.nationalturk.com\/?p=272406"},"modified":"2018-12-14T16:15:19","modified_gmt":"2018-12-14T13:15:19","slug":"700-terorist-kaldi-onlarin-da-canlarini-alacagiz","status":"publish","type":"post","link":"https:\/\/www.nationalturk.com\/tr\/700-terorist-kaldi-onlarin-da-canlarini-alacagiz\/","title":{"rendered":"&#8220;700 ter\u00f6rist kald\u0131 onlar\u0131n da canlar\u0131n\u0131 alaca\u011f\u0131z&#8221;"},"content":{"rendered":"<h2>\u0130\u00e7i\u015fleri Bakan\u0131 S\u00fcleyman Soylu, &#8220;Da\u011flarda toplam 700 ter\u00f6rist kald\u0131. K\u0131\u015f\u0131n 5 metre kar olsa da canlar\u0131n\u0131 almazsak bu millet bize hakk\u0131n\u0131 helal etmez.&#8221; ifadelerini kulland\u0131.<\/h2>\n<p>Bakan Soylu, &#8220;Cumhurba\u015fkan\u0131m\u0131z talimat\u0131n\u0131 verdi. F\u0131rat&#8217;\u0131n do\u011fusu da bat\u0131s\u0131 da neresiyse bilinsin ki, ter\u00f6rist nerede varsa ensesindeyiz, bitirece\u011fiz. Bu co\u011frafyay\u0131 bu pisliklerden temizleyece\u011fiz.&#8221; dedi.<\/p>\n<!-- Error, Advert is not available at this time due to schedule\/geolocation restrictions! -->\n","protected":false},"excerpt":{"rendered":"<p>\u0130\u00e7i\u015fleri Bakan\u0131 S\u00fcleyman Soylu, &#8220;Da\u011flarda toplam 700 ter\u00f6rist kald\u0131. K\u0131\u015f\u0131n 5 metre kar olsa da canlar\u0131n\u0131 almazsak bu millet bize hakk\u0131n\u0131 helal etmez.&#8221; ifadelerini kulland\u0131. Bakan Soylu, &#8220;Cumhurba\u015fkan\u0131m\u0131z talimat\u0131n\u0131 verdi. F\u0131rat&#8217;\u0131n do\u011fusu da bat\u0131s\u0131 da neresiyse bilinsin ki, ter\u00f6rist nerede varsa ensesindeyiz, bitirece\u011fiz. Bu co\u011frafyay\u0131 bu pisliklerden temizleyece\u011fiz.&#8221; dedi.<\/p>\n","protected":false},"author":4,"featured_media":272407,"comment_status":"open","ping_status":"open","sticky":false,"template":"","format":"standard","meta":{"_acf_changed":false,"footnotes":""},"categories":[6155,5005,6202,349],"tags":[5592,40322],"class_list":["post-272406","post","type-post","status-publish","format-standard","has-post-thumbnail","hentry","category-gundem","category-manset","category-politika","category-son-dakika","tag-pkk","tag-suleyman-soylu"],"acf":[],"_links":{"self":[{"href":"https:\/\/www.nationalturk.com\/tr\/wp-json\/wp\/v2\/posts\/272406","targetHints":{"allow":["GET"]}}],"collection":[{"href":"https:\/\/www.nationalturk.com\/tr\/wp-json\/wp\/v2\/posts"}],"about":[{"href":"https:\/\/www.nationalturk.com\/tr\/wp-json\/wp\/v2\/types\/post"}],"author":[{"embeddable":true,"href":"https:\/\/www.nationalturk.com\/tr\/wp-json\/wp\/v2\/users\/4"}],"replies":[{"embeddable":true,"href":"https:\/\/www.nationalturk.com\/tr\/wp-json\/wp\/v2\/comments?post=272406"}],"version-history":[{"count":0,"href":"https:\/\/www.nationalturk.com\/tr\/wp-json\/wp\/v2\/posts\/272406\/revisions"}],"wp:featuredmedia":[{"embeddable":true,"href":"https:\/\/www.nationalturk.com\/tr\/wp-json\/wp\/v2\/media\/272407"}],"wp:attachment":[{"href":"https:\/\/www.nationalturk.com\/tr\/wp-json\/wp\/v2\/media?parent=272406"}],"wp:term":[{"taxonomy":"category","embeddable":true,"href":"https:\/\/www.nationalturk.com\/tr\/wp-json\/wp\/v2\/categories?post=272406"},{"taxonomy":"post_tag","embeddable":true,"href":"https:\/\/www.nationalturk.com\/tr\/wp-json\/wp\/v2\/tags?post=272406"}],"curies":[{"name":"wp","href":"https:\/\/api.w.org\/{rel}","templated":true}]}}