{"id":272497,"date":"2018-12-18T18:37:24","date_gmt":"2018-12-18T15:37:24","guid":{"rendered":"https:\/\/www.nationalturk.com\/?p=272497"},"modified":"2018-12-18T18:37:24","modified_gmt":"2018-12-18T15:37:24","slug":"chpnin-istanbul-ve-ankara-adaylari-belli-oldu","status":"publish","type":"post","link":"https:\/\/www.nationalturk.com\/tr\/chpnin-istanbul-ve-ankara-adaylari-belli-oldu\/","title":{"rendered":"CHP&#8217;nin \u0130stanbul ve Ankara adaylar\u0131 belli oldu"},"content":{"rendered":"<h2>CHP&#8217;nin Ankara B\u00fcy\u00fck\u015fehir Belediye Ba\u015fkan Aday\u0131 Mansur Yava\u015f, \u0130stanbul B\u00fcy\u00fck\u015fehir Belediye Ba\u015fkan Aday\u0131 ise Ekrem \u0130mamo\u011flu oldu.<\/h2>\n<p>CHP&#8217;de bug\u00fcn \u00f6nce Merkez Y\u00f6netim Kurulu (MYK), sonra Parti Meclisi (PM), Genel Ba\u015fkan Kemal K\u0131l\u0131\u00e7daro\u011flu ba\u015fkanl\u0131\u011f\u0131nda topland\u0131.<\/p>\n<p>Parti Meclisi&#8217;ndeki oylamada CHP&#8217;nin yerel se\u00e7imlerdeki Ankara B\u00fcy\u00fck\u015fehir Belediye Ba\u015fkan aday\u0131 12&#8217;ye kar\u015f\u0131 45 oyla Mansur Yava\u015f oldu.<\/p>\n<p>Mansur Yava\u015f karar\u0131n ard\u0131ndan Twitter&#8217;dan yapt\u0131\u011f\u0131 a\u00e7\u0131klamada \u015fu ifadelere yer verdi:<\/p>\n<p>&#8221;Ba\u015fkent Ankara adayl\u0131\u011f\u0131 i\u00e7in \u015fahs\u0131m\u0131 l\u00e2y\u0131k g\u00f6ren Millet \u0130ttifak\u0131\u2019n\u0131n Genel Ba\u015fkanlar\u0131 Say\u0131n K\u0131l\u0131\u00e7daro\u011flu\u2019na, Say\u0131n Ak\u015fener\u2019e ve parti y\u00f6neticilerine te\u015fekk\u00fcr ederim. Bu g\u00fcveni, se\u00e7imi kazan\u0131p, ba\u015far\u0131 ile ta\u00e7land\u0131rmak boynumuzun borcudur. Yolumuz a\u00e7\u0131k olsun.<\/p>\n<p>Allah&#8217;\u0131n izni, halk\u0131m\u0131z\u0131n takdiriyle Cumhuriyetimizin kalbi G\u00fczel Ankara\u2019ya hizmetkar olmaya talibim. Parti ayr\u0131m\u0131 yapmaks\u0131z\u0131n t\u00fcm Ankaral\u0131lara te\u015fekk\u00fcrlerimi ve \u015f\u00fckranlar\u0131m\u0131 sunuyorum.&#8221;<\/p>\n<p>Parti Meclisi&#8217;ndeki oylamada \u0130stanbul B\u00fcy\u00fck\u015fehir Belediye Ba\u015fkan aday\u0131 olarak Beylikd\u00fcz\u00fc Belediye Ba\u015fkan\u0131 Ekrem \u0130mamo\u011flu ismi, oy \u00e7oklu\u011fuyla kabul edildi.<\/p>\n<p>Karar sonras\u0131 Twitter&#8217;dan a\u00e7\u0131klama yapan \u0130mamo\u011flu \u015fu ifadeleri kulland\u0131:<\/p>\n<p>&#8221;\u0130stanbul\u2019un gelece\u011fi ve \u0130stanbullular\u0131n mutlulu\u011fu i\u00e7in yola \u00e7\u0131k\u0131yoruz. Beni bu g\u00f6reve lay\u0131k g\u00f6ren partime, genel ba\u015fkan\u0131m\u0131za ve t\u00fcm \u0130stanbullulara i\u00e7tenlikle te\u015fekk\u00fcr ediyorum.&#8221;<\/p>\n<p>Kameralar\u0131n kar\u015f\u0131s\u0131na ge\u00e7en Ekrem \u0130mamo\u011flu burada yapt\u0131\u011f\u0131 a\u00e7\u0131klamada ise \u00f6zetle \u015f\u00f6yle konu\u015ftu:<\/p>\n<p>&#8221;Bu \u00f6nemli bir ba\u015flang\u0131\u00e7 an\u0131d\u0131r. \u00c7ok g\u00fczel bir s\u00fcre\u00e7 ya\u015fayal\u0131m. \u0130stanbullulara nas\u0131l bir \u0130stanbul istedi\u011fimizi anlataca\u011f\u0131z. D\u00fcnyan\u0131n merkezi olmas\u0131 gereken bu g\u00fczel kentin t\u00fcm unsurlar\u0131n\u0131 t\u00fcm \u0130stanbul ile hatta t\u00fcm T\u00fcrkiye ile hatta t\u00fcm d\u00fcnya ile payla\u015faca\u011f\u0131z. \u00c7ok kararl\u0131 bir s\u00fcreci ya\u015fayaca\u011f\u0131z ama ayn\u0131 zamanda erdemli \u00f6zenli ve ahlakl\u0131 bir s\u00fcreci bu kampanya s\u00fcrecinde t\u00fcm \u0130stanbul&#8217;a ya\u015fataca\u011f\u0131m\u0131zdan b\u00fct\u00fcn vatanda\u015flar\u0131m\u0131z emin olabilirler. Bu y\u00f6n\u00fcyle haz\u0131rl\u0131klar\u0131m\u0131z\u0131n \u0130stanbul&#8217;un gelece\u011fi i\u00e7in en \u00fcst seviyede en de\u011ferli vatanda\u015f hazinesiyle bu ilin ya\u015fayanlar\u0131n\u0131n i\u00e7inde oldu\u011fu bir s\u00fcrecin hep birlikte y\u00f6netilece\u011finden de kimsenin ku\u015fkusu olmas\u0131n. En do\u011fru karar\u0131 verece\u011fini bildi\u011fimiz \u0130stanbullularla yeni bir ba\u015flang\u0131c\u0131 ve yeni bir d\u00f6nemi yeni s\u00f6zlerin s\u00f6ylendi\u011fi bir s\u00fcreci hep birlikte payla\u015faca\u011f\u0131m\u0131zdan da y\u00fczde 100 emin bir birey olarak Ekrem \u0130mamo\u011flu olarak \u0130stanbullular\u0131n huzuruna \u00e7\u0131km\u0131\u015f bulunmaktay\u0131m. T\u00fcm bu kavramlarla Beylikd\u00fcz\u00fc&#8217;nde yaratt\u0131\u011f\u0131m\u0131z sevgiyle sayg\u0131 ortam\u0131yla ifade ediyorum ki Beylikd\u00fcz\u00fc&#8217;nde ya\u015fayan herkesin kalbini kazand\u0131\u011f\u0131m\u0131z gibi t\u00fcm \u0130stanbul&#8217;un ve \u0130stanbullular\u0131n kalbini kazanmaya geldi\u011fimizi belirtiyor tekrar herkese te\u015fekk\u00fcr ediyorum. Bu s\u00fcre\u00e7 \u0130stanbulumuza ve T\u00fcrkiyemize hay\u0131rl\u0131 olsun Allah beni hi\u00e7 kimseye mahcup etmesin diyorum.&#8221;<\/p>\n<!-- Error, Advert is not available at this time due to schedule\/geolocation restrictions! -->\n","protected":false},"excerpt":{"rendered":"<p>CHP&#8217;nin Ankara B\u00fcy\u00fck\u015fehir Belediye Ba\u015fkan Aday\u0131 Mansur Yava\u015f, \u0130stanbul B\u00fcy\u00fck\u015fehir Belediye Ba\u015fkan Aday\u0131 ise Ekrem \u0130mamo\u011flu oldu. CHP&#8217;de bug\u00fcn \u00f6nce Merkez Y\u00f6netim Kurulu (MYK), sonra Parti Meclisi (PM), Genel Ba\u015fkan Kemal K\u0131l\u0131\u00e7daro\u011flu ba\u015fkanl\u0131\u011f\u0131nda topland\u0131. Parti Meclisi&#8217;ndeki oylamada CHP&#8217;nin yerel se\u00e7imlerdeki Ankara B\u00fcy\u00fck\u015fehir Belediye Ba\u015fkan aday\u0131 12&#8217;ye kar\u015f\u0131 45 oyla Mansur Yava\u015f oldu. Mansur Yava\u015f karar\u0131n &hellip;<\/p>\n","protected":false},"author":4,"featured_media":267778,"comment_status":"open","ping_status":"open","sticky":false,"template":"","format":"standard","meta":{"_acf_changed":false,"footnotes":""},"categories":[6155,5005,6202,349],"tags":[1688,8723,213620,1011,134344,27382],"class_list":["post-272497","post","type-post","status-publish","format-standard","has-post-thumbnail","hentry","category-gundem","category-manset","category-politika","category-son-dakika","tag-ankara","tag-chp","tag-ekrem-imamoglu","tag-istanbul","tag-mansur-yavas","tag-son-dakika"],"acf":[],"_links":{"self":[{"href":"https:\/\/www.nationalturk.com\/tr\/wp-json\/wp\/v2\/posts\/272497","targetHints":{"allow":["GET"]}}],"collection":[{"href":"https:\/\/www.nationalturk.com\/tr\/wp-json\/wp\/v2\/posts"}],"about":[{"href":"https:\/\/www.nationalturk.com\/tr\/wp-json\/wp\/v2\/types\/post"}],"author":[{"embeddable":true,"href":"https:\/\/www.nationalturk.com\/tr\/wp-json\/wp\/v2\/users\/4"}],"replies":[{"embeddable":true,"href":"https:\/\/www.nationalturk.com\/tr\/wp-json\/wp\/v2\/comments?post=272497"}],"version-history":[{"count":0,"href":"https:\/\/www.nationalturk.com\/tr\/wp-json\/wp\/v2\/posts\/272497\/revisions"}],"wp:featuredmedia":[{"embeddable":true,"href":"https:\/\/www.nationalturk.com\/tr\/wp-json\/wp\/v2\/media\/267778"}],"wp:attachment":[{"href":"https:\/\/www.nationalturk.com\/tr\/wp-json\/wp\/v2\/media?parent=272497"}],"wp:term":[{"taxonomy":"category","embeddable":true,"href":"https:\/\/www.nationalturk.com\/tr\/wp-json\/wp\/v2\/categories?post=272497"},{"taxonomy":"post_tag","embeddable":true,"href":"https:\/\/www.nationalturk.com\/tr\/wp-json\/wp\/v2\/tags?post=272497"}],"curies":[{"name":"wp","href":"https:\/\/api.w.org\/{rel}","templated":true}]}}