{"id":27265,"date":"2010-06-08T17:58:41","date_gmt":"2010-06-08T15:58:41","guid":{"rendered":"http:\/\/www.nationalturk.com\/?p=27265"},"modified":"2012-05-05T12:08:57","modified_gmt":"2012-05-05T09:08:57","slug":"aigk-cica-abdullah-gul-israil-aciklamasi-video-7460284","status":"publish","type":"post","link":"https:\/\/www.nationalturk.com\/tr\/aigk-cica-abdullah-gul-israil-aciklamasi-video-7460284\/","title":{"rendered":"Zirvede \u0130srail k\u0131nanmad\u0131, sebebini Abdullah G\u00fcl a\u00e7\u0131klad\u0131"},"content":{"rendered":"<p><strong>Asya&#8217;da \u0130\u015fbirli\u011fi ve G\u00fcven Art\u0131r\u0131c\u0131 \u00d6nlemler Konferans\u0131 (A\u0130GK\/CICA) sonu\u00e7 bildirgesinde \u0130srail k\u0131nanmad\u0131. <\/strong><\/p>\n<p>T\u00fcrkiye Ba\u015fkanl\u0131k a\u00e7\u0131klamas\u0131nda ise \u0130srail hari\u00e7, t\u00fcm \u00fcyeler yard\u0131m gemilerine yap\u0131lan sald\u0131r\u0131y\u0131 \u015fiddetle k\u0131nad\u0131. Bas\u0131n toplant\u0131s\u0131 d\u00fczenleyen Cumhurba\u015fkan\u0131 Abdullah G\u00fcl, sonu\u00e7 bildirgesinde \u0130srail&#8217;in k\u0131nanmas\u0131n\u0131 teknik sebepler olarak a\u00e7\u0131klad\u0131.<\/p>\n<p><strong>\u0130\u015eTE ABDULLAH G\u00dcL&#8217;\u00dcN A\u00c7IKLAMALARI;<\/strong><\/p>\n<p><strong>[media id=552 width=610 height=340]<\/strong><\/p>\n<p>Asya&#8217;da \u0130\u015fbirli\u011fi ve G\u00fcven Art\u0131r\u0131c\u0131 \u00d6nlemler Konferans\u0131&#8217;n\u0131n 3. Devlet ve H\u00fck\u00fcmet Ba\u015fkanlar\u0131 Zirvesi sonunda T\u00fcrk D\u00f6nem Ba\u015fkanl\u0131\u011f\u0131&#8217;nca yap\u0131lan Ba\u015fkanl\u0131k A\u00e7\u0131klamas\u0131nda, \u0130srail hari\u00e7 b\u00fct\u00fcn \u00fcye \u00fckelerin Gazze \u015eeridine insani yard\u0131m ta\u015f\u0131yan uluslararas\u0131 yard\u0131m konvoyuna \u0130srail&#8217;in sald\u0131r\u0131s\u0131n\u0131 k\u0131nad\u0131klar\u0131 belirtildi.<\/p>\n<p>Zirvenin sonu\u00e7 bildirisinde \u0130srail&#8217;in Gazze&#8217;ye giden yard\u0131m gemisi konusuna yer verilmeyerek, d\u00f6nem ba\u015fkan\u0131 olarak T\u00fcrkiye&#8217;nin s\u00f6zl\u00fc ba\u015fkanl\u0131k a\u00e7\u0131klamas\u0131 yapmas\u0131 ve bu konuya orada at\u0131fta bulunmas\u0131 kararla\u015ft\u0131r\u0131ld\u0131.<\/p>\n<p>Zirve sonunda T\u00fcrkiye ba\u015fkanl\u0131k a\u00e7\u0131klamas\u0131n\u0131 okuyan Cumhurba\u015fkan\u0131 Abdullah G\u00fcl, \u015fu bilgileri verdi;<\/p>\n<p>&#8220;T\u00fcm di\u011fer \u00fcye \u00fclkeler yard\u0131m konvoyuna \u0130srail taraf\u0131ndan yap\u0131lan sald\u0131r\u0131 konusunda derin endi\u015fe duymu\u015flar ve bir \u00fcye hari\u00e7 bu eylemi k\u0131nam\u0131\u015flard\u0131r, bu eylemlerin tekrar\u0131n\u0131 \u00f6nlemek am\u0131c\u0131yla BM G\u00fcvenlik Konseyi a\u00e7\u0131klamas\u0131 do\u011frultusunda olay\u0131n \u015feffaf bir \u015fekilde soru\u015fturulmas\u0131n\u0131 desteklemi\u015flerdir.<\/p>\n<p>\u00dcye \u00fclkeler sald\u0131r\u0131n\u0131n incelenmesi i\u00e7in BM Ba\u011f\u0131ms\u0131z Komisyon kurulmas\u0131 gerekti\u011fini belirtmi\u015flerdir.<\/p>\n<p>Gazze \u015feridine y\u00f6nelik ambargonun kald\u0131r\u0131lmas\u0131 \u00e7a\u011fr\u0131s\u0131nda bulunmu\u015flard\u0131r.<\/p>\n<p>\u00dcye \u00fclkelerin \u00e7o\u011fu \u0130srail&#8217;e n\u00fckleer silahlar\u0131n \u00f6nlenmesi anla\u015fmalar\u0131na taraf olmas\u0131 \u00e7a\u011fr\u0131s\u0131nda bulunmu\u015flard\u0131r.<\/p>\n<p>\u00dcye \u00fclkeler \u0130srail&#8217;in 1967 y\u0131l\u0131ndan bu yana i\u015fgal etti\u011fi topraklardan \u00e7ekilmesi \u00e7a\u011fr\u0131s\u0131nda bulunmu\u015flard\u0131r.&#8221;<\/p>\n<span style=\"font-weight: bold; color: #f00;\">Error, group does not exist! Check your syntax! (ID: 51)<\/span>\n<!-- Error, Advert is not available at this time due to schedule\/geolocation restrictions! -->\n","protected":false},"excerpt":{"rendered":"<p>\u0130srail neden k\u0131nanmad\u0131? Asya&#8217;da \u0130\u015fbirli\u011fi ve G\u00fcven Art\u0131r\u0131c\u0131 \u00d6nlemler Konferans\u0131 (A\u0130GK\/CICA) sonu\u00e7 bildirgesinde \u0130srail k\u0131nanmad\u0131.<\/p>\n","protected":false},"author":4,"featured_media":27266,"comment_status":"open","ping_status":"open","sticky":false,"template":"","format":"standard","meta":{"_acf_changed":false,"footnotes":""},"categories":[6155,6202,349,6805,342],"tags":[4343,16336,29694,29696,29695,29142,7362,6963,1555,29697],"class_list":["post-27265","post","type-post","status-publish","format-standard","has-post-thumbnail","hentry","category-gundem","category-politika","category-son-dakika","category-turkiye","category-video","tag-abdullah-gul","tag-abdullah-gul-basin-toplantisi","tag-aigk-cica","tag-aigk-sonuc-bildirgesi-video","tag-aigk-toplantisi-sonuc-aciklamasi","tag-bati-seria","tag-filistin","tag-gazze","tag-israil","tag-israil-neden-kinanmadi"],"acf":[],"_links":{"self":[{"href":"https:\/\/www.nationalturk.com\/tr\/wp-json\/wp\/v2\/posts\/27265","targetHints":{"allow":["GET"]}}],"collection":[{"href":"https:\/\/www.nationalturk.com\/tr\/wp-json\/wp\/v2\/posts"}],"about":[{"href":"https:\/\/www.nationalturk.com\/tr\/wp-json\/wp\/v2\/types\/post"}],"author":[{"embeddable":true,"href":"https:\/\/www.nationalturk.com\/tr\/wp-json\/wp\/v2\/users\/4"}],"replies":[{"embeddable":true,"href":"https:\/\/www.nationalturk.com\/tr\/wp-json\/wp\/v2\/comments?post=27265"}],"version-history":[{"count":0,"href":"https:\/\/www.nationalturk.com\/tr\/wp-json\/wp\/v2\/posts\/27265\/revisions"}],"wp:featuredmedia":[{"embeddable":true,"href":"https:\/\/www.nationalturk.com\/tr\/wp-json\/wp\/v2\/media\/27266"}],"wp:attachment":[{"href":"https:\/\/www.nationalturk.com\/tr\/wp-json\/wp\/v2\/media?parent=27265"}],"wp:term":[{"taxonomy":"category","embeddable":true,"href":"https:\/\/www.nationalturk.com\/tr\/wp-json\/wp\/v2\/categories?post=27265"},{"taxonomy":"post_tag","embeddable":true,"href":"https:\/\/www.nationalturk.com\/tr\/wp-json\/wp\/v2\/tags?post=27265"}],"curies":[{"name":"wp","href":"https:\/\/api.w.org\/{rel}","templated":true}]}}