{"id":272748,"date":"2018-12-27T14:23:50","date_gmt":"2018-12-27T11:23:50","guid":{"rendered":"https:\/\/www.nationalturk.com\/?p=272748"},"modified":"2022-09-06T13:11:19","modified_gmt":"2022-09-06T10:11:19","slug":"italyada-yine-irkcilik-ancelotti-kopurdu-sahayi-terk-edecegiz","status":"publish","type":"post","link":"https:\/\/www.nationalturk.com\/tr\/italyada-yine-irkcilik-ancelotti-kopurdu-sahayi-terk-edecegiz\/","title":{"rendered":"\u0130talya&#8217;da yine \u0131rk\u00e7\u0131l\u0131k! Ancelotti k\u00f6p\u00fcrd\u00fc: Sahay\u0131 terk edece\u011fiz"},"content":{"rendered":"<h2>\u0130talya Serie A 18. haftas\u0131nda oynanan Inter-Napoli ma\u00e7\u0131nda, Napoli&#8217;de forma giyen Senegal as\u0131ll\u0131 Frans\u0131z futbolcu Kalidou Koulibaly&#8217;yi hedef alan \u0131rk\u00e7\u0131 tezah\u00fcratlar \u0130talyan futbolunda bir kez daha \u0131rk\u00e7\u0131l\u0131k tart\u0131\u015fmalar\u0131n\u0131 ba\u015flatt\u0131.<\/h2>\n<p>Inter&#8217;in 90+1. dakikada Lautaro Martinez&#8217;in att\u0131\u011f\u0131 golle 1-0 kazand\u0131\u011f\u0131 ma\u00e7\u0131n 80. dakikas\u0131nda ikinci sar\u0131 karttan k\u0131rm\u0131z\u0131 kart g\u00f6ren Koulibaly, Interli taraftarlar\u0131n \u0131rk\u00e7\u0131 tezah\u00fcratlar\u0131na maruz kald\u0131.<\/p>\n<p>Kar\u015f\u0131la\u015fma sonras\u0131 d\u00fczenlenen bas\u0131n toplant\u0131s\u0131nda konu\u015fan Napoli Teknik Direkt\u00f6r\u00fc Carlo Ancelotti, &#8220;Ma\u00e7\u0131n \u00fc\u00e7 kez durdurulmas\u0131n\u0131 talep ettik. Koulibaly normal olarak \u0131rk\u00e7\u0131 s\u00f6ylemlerden sinirlendi. Koulibaly, terbiyeli, profesyonel biri. San Siro&#8217;da \u00fc\u00e7 kez anons yap\u0131ld\u0131 ba\u015fka da bir \u015fey olmad\u0131. \u00c7\u00f6z\u00fcm bu mu? Ne zaman ma\u00e7 durdurulur biz sadece bunu bilmek istiyoruz. Bir dahaki sefere sahay\u0131 terk edece\u011fiz. En fazla ma\u011flup sayarlar. Bu bir \u00f6z\u00fcr de\u011fil, bu sorun sadece Napoli ile ilgili de de\u011fil. T\u00fcm \u0130talyan futbolunu ilgilendiriyor.&#8221; ifadelerini kulland\u0131.<\/p>\n<p>Koulibaly de ma\u00e7 sonunda Instagram hesab\u0131ndan, &#8220;Yenilgiden ve \u00f6zellikle de tak\u0131m arkada\u015flar\u0131m\u0131 yaln\u0131z b\u0131rakmaktan dolay\u0131 \u00fczg\u00fcn\u00fcm. Ama tenimin renginden gurur duyuyorum. Frans\u0131z, Senegalli ve Napolili olmaktan da: insan.&#8221; payla\u015f\u0131m\u0131n\u0131 yapt\u0131.<\/p>\n<p>Milano Belediye Ba\u015fkan\u0131 Giuseppe Sala, sosyal medya hesab\u0131ndan yapt\u0131\u011f\u0131 a\u00e7\u0131klamada, kendisi ve Milano kenti ad\u0131na Koulibaly&#8217;den \u00f6z\u00fcr dilerken, bir kez daha ya\u015fanmas\u0131 halinde trib\u00fcnden ayr\u0131laca\u011f\u0131n\u0131 kaydetti.<\/p>\n<p>Mino Raiola da gazetecilere, &#8220;Irk\u00e7\u0131l\u0131\u011f\u0131 yenmedi\u011fi s\u00fcrece \u0130talya&#8217;n\u0131n gelece\u011fi yoktur. H\u00fck\u00fcmet nerede? Futbolcular ve kul\u00fcpler aras\u0131nda dayan\u0131\u015fma ve birlik nerede? Bu herkesin sorunu.&#8221; de\u011ferlendirmesini yapt\u0131.<\/p>\n<p>\u00d6te yandan \u0130talya&#8217;n\u0131n spor gazetelerinden La Gazzetta Dello Sport&#8217;un Genel Yay\u0131n Y\u00f6netmeni Andrea Monti, Koulibaly&#8217;nin ya\u015fad\u0131\u011f\u0131 \u0131rk\u00e7\u0131l\u0131k ile ilgili yapt\u0131\u011f\u0131 a\u00e7\u0131klamada, &#8220;Futbol a\u00e7\u0131s\u0131ndan g\u00fczel bir geceydi ama t\u00fcm ma\u00e7 boyunca Koulibaly&#8217;yi hedef alan \u0131rk\u00e7\u0131 tezah\u00fcratlar a\u00e7\u0131s\u0131ndan \u00e7ok k\u00f6t\u00fcyd\u00fc. Utan\u00e7 verici bir \u0131rk\u00e7\u0131l\u0131k ve San Siro taraftar\u0131n\u0131n buna lay\u0131k oldu\u011funu d\u00fc\u015f\u00fcnm\u00fcyorum. Bence Ancelotti hakl\u0131, ma\u00e7 durdurulmal\u0131yd\u0131.&#8221; yorumunda bulundu.<\/p>\n<!-- Error, Advert is not available at this time due to schedule\/geolocation restrictions! -->\n","protected":false},"excerpt":{"rendered":"<p>\u0130talya Serie A 18. haftas\u0131nda oynanan Inter-Napoli ma\u00e7\u0131nda, Napoli&#8217;de forma giyen Senegal as\u0131ll\u0131 Frans\u0131z futbolcu Kalidou Koulibaly&#8217;yi hedef alan \u0131rk\u00e7\u0131 tezah\u00fcratlar \u0130talyan futbolunda bir kez daha \u0131rk\u00e7\u0131l\u0131k tart\u0131\u015fmalar\u0131n\u0131 ba\u015flatt\u0131. Inter&#8217;in 90+1. dakikada Lautaro Martinez&#8217;in att\u0131\u011f\u0131 golle 1-0 kazand\u0131\u011f\u0131 ma\u00e7\u0131n 80. dakikas\u0131nda ikinci sar\u0131 karttan k\u0131rm\u0131z\u0131 kart g\u00f6ren Koulibaly, Interli taraftarlar\u0131n \u0131rk\u00e7\u0131 tezah\u00fcratlar\u0131na maruz kald\u0131. Kar\u015f\u0131la\u015fma &hellip;<\/p>\n","protected":false},"author":4,"featured_media":272749,"comment_status":"open","ping_status":"open","sticky":false,"template":"","format":"standard","meta":{"_acf_changed":false,"footnotes":""},"categories":[6770,6774,6155,5005,6194],"tags":[54889,7926,6535,10,219293,3594,216384,3962],"class_list":["post-272748","post","type-post","status-publish","format-standard","has-post-thumbnail","hentry","category-avrupa","category-futbol","category-gundem","category-manset","category-spor","tag-ancelotti","tag-inter","tag-irkcilik","tag-italya","tag-kalidou-koulibaly","tag-milano","tag-mino-raiola","tag-napoli"],"acf":[],"_links":{"self":[{"href":"https:\/\/www.nationalturk.com\/tr\/wp-json\/wp\/v2\/posts\/272748","targetHints":{"allow":["GET"]}}],"collection":[{"href":"https:\/\/www.nationalturk.com\/tr\/wp-json\/wp\/v2\/posts"}],"about":[{"href":"https:\/\/www.nationalturk.com\/tr\/wp-json\/wp\/v2\/types\/post"}],"author":[{"embeddable":true,"href":"https:\/\/www.nationalturk.com\/tr\/wp-json\/wp\/v2\/users\/4"}],"replies":[{"embeddable":true,"href":"https:\/\/www.nationalturk.com\/tr\/wp-json\/wp\/v2\/comments?post=272748"}],"version-history":[{"count":0,"href":"https:\/\/www.nationalturk.com\/tr\/wp-json\/wp\/v2\/posts\/272748\/revisions"}],"wp:featuredmedia":[{"embeddable":true,"href":"https:\/\/www.nationalturk.com\/tr\/wp-json\/wp\/v2\/media\/272749"}],"wp:attachment":[{"href":"https:\/\/www.nationalturk.com\/tr\/wp-json\/wp\/v2\/media?parent=272748"}],"wp:term":[{"taxonomy":"category","embeddable":true,"href":"https:\/\/www.nationalturk.com\/tr\/wp-json\/wp\/v2\/categories?post=272748"},{"taxonomy":"post_tag","embeddable":true,"href":"https:\/\/www.nationalturk.com\/tr\/wp-json\/wp\/v2\/tags?post=272748"}],"curies":[{"name":"wp","href":"https:\/\/api.w.org\/{rel}","templated":true}]}}