{"id":272868,"date":"2019-01-02T15:53:54","date_gmt":"2019-01-02T12:53:54","guid":{"rendered":"https:\/\/www.nationalturk.com\/?p=272868"},"modified":"2019-01-02T16:55:54","modified_gmt":"2019-01-02T13:55:54","slug":"quaresmada-son-dakika-gelismesi-kamp-kadrosu-degisti","status":"publish","type":"post","link":"https:\/\/www.nationalturk.com\/tr\/quaresmada-son-dakika-gelismesi-kamp-kadrosu-degisti\/","title":{"rendered":"Quaresma&#8217;da son dakika geli\u015fmesi! Kamp kadrosu de\u011fi\u015fti"},"content":{"rendered":"<h2>Be\u015fikta\u015f\u2019ta s\u0131cak ve ilgin\u00e7 geli\u015fmeler devam ediyor. Sabah saatlerinde kamp kadrosuna al\u0131nmad\u0131klar\u0131 ortaya \u00e7\u0131kan Ricardo Quaresma ve Cyle Larin\u2019in kadroya dahil edildikleri \u00f6\u011frenildi.<\/h2>\n<p>Be\u015fikta\u015f\u2019\u0131n yar\u0131n ba\u015flayacak Antalya kamp\u0131na, alacaklar\u0131n\u0131n \u00f6denmemesi nedeniyle y\u00f6netime ihtar \u00e7eken Ricardo Quaresma\u2019n\u0131n yan\u0131 s\u0131ra Vagner Love, Tolga Zengin, Tolgay Arslan, Cyle Larin ve G\u00f6khan T\u00f6re\u2019nin dahil edilmedi\u011fi bildirilmi\u015fti.<\/p>\n<p>Ancak siyah beyazl\u0131 y\u00f6netimin \u00f6\u011fle saatlerinde yapt\u0131\u011f\u0131 toplant\u0131da Ricardo Quaresma ve Cyle Larin\u2019in Antalya kamp\u0131na dahil edilmesi y\u00f6n\u00fcnde karar erdi\u011fi \u00f6\u011frenildi.<\/p>\n<p>Quaresma i\u00e7in Teknik Direkt\u00f6r \u015eenol G\u00fcne\u015f\u2019in \u0131srarc\u0131 oldu\u011fu belirtilirken, performans\u0131yla beklentileri kar\u015f\u0131layamayan Larin\u2019in neden kadroya al\u0131nd\u0131\u011f\u0131 hen\u00fcz bilinmiyor.<\/p>\n<p>Siyah-beyazl\u0131lar\u0131n 32 ki\u015filik Antalya kamp kadrosunda \u015fu isimler bulunuyor:<\/p>\n<p>Adem Ljajic, Adriano Correia, Alpay \u00c7elebi, Atiba Hutchinson, Caner Erkin, Cyle Larin, Domagoj Vida, Dorukhan Tok\u00f6z, Ege Atlam, Enzo Roco, Erdem Se\u00e7gin, Erdo\u011fan Kaya, Ersin Destano\u011flu, Fatih Aksoy, Fatih De\u011firmenci, Gary Medel, G\u00f6khan G\u00f6n\u00fcl, G\u00fcven Yal\u00e7\u0131n, H\u00fcseyin Seyli\u011fli, Jeremain Lens, Kartal Y\u0131lmaz, Loris Karius, Marlon \u00dc\u00e7\u00fcnc\u00fc, Mertcan A\u00e7\u0131kg\u00f6z, Mustafa Pektemek, Necip Uysal, O\u011fuzhan Aydo\u011fan, O\u011fuzhan \u00d6zyakup, Ricardo Quaresma, R\u0131dvan Y\u0131lmaz, Ryan Babel, Utku Yuvakuran<\/p>\n<p>\u00dc\u00e7 haz\u0131rl\u0131k ma\u00e7\u0131 yapacak<br \/>\nYar\u0131n ba\u015flayacak ve 11 g\u00fcn devam edecek kampta siyah-beyazl\u0131 ekip, \u00fc\u00e7 haz\u0131rl\u0131k ma\u00e7\u0131 oynayacak.<\/p>\n<p>Be\u015fikta\u015f, 8 Ocak Sal\u0131 g\u00fcn\u00fc Hollanda ekibi Helmond Sport ile ilk haz\u0131rl\u0131k ma\u00e7\u0131n\u0131 yapacak. Almanya \u0130kinci Lig tak\u0131mlar\u0131ndan Greuther F\u00fcrth ile 11 Ocak Cuma g\u00fcn\u00fc kar\u015f\u0131la\u015facak siyah-beyazl\u0131lar, 14 Ocak Pazartesi g\u00fcn\u00fc de H\u0131rvatistan ekibi Dinamo Zagreb ile kar\u015f\u0131 kar\u015f\u0131ya gelecek.<\/p>\n<!-- Error, Advert is not available at this time due to schedule\/geolocation restrictions! -->\n","protected":false},"excerpt":{"rendered":"<p>Be\u015fikta\u015f\u2019ta s\u0131cak ve ilgin\u00e7 geli\u015fmeler devam ediyor. Sabah saatlerinde kamp kadrosuna al\u0131nmad\u0131klar\u0131 ortaya \u00e7\u0131kan Ricardo Quaresma ve Cyle Larin\u2019in kadroya dahil edildikleri \u00f6\u011frenildi. Be\u015fikta\u015f\u2019\u0131n yar\u0131n ba\u015flayacak Antalya kamp\u0131na, alacaklar\u0131n\u0131n \u00f6denmemesi nedeniyle y\u00f6netime ihtar \u00e7eken Ricardo Quaresma\u2019n\u0131n yan\u0131 s\u0131ra Vagner Love, Tolga Zengin, Tolgay Arslan, Cyle Larin ve G\u00f6khan T\u00f6re\u2019nin dahil edilmedi\u011fi bildirilmi\u015fti. Ancak siyah beyazl\u0131 &hellip;<\/p>\n","protected":false},"author":4,"featured_media":272869,"comment_status":"open","ping_status":"open","sticky":false,"template":"","format":"standard","meta":{"_acf_changed":false,"footnotes":""},"categories":[6774,6155,5005,349,6194],"tags":[1748,215925,21592],"class_list":["post-272868","post","type-post","status-publish","format-standard","has-post-thumbnail","hentry","category-futbol","category-gundem","category-manset","category-son-dakika","category-spor","tag-besiktas","tag-cyle-larin","tag-ricardo-quaresma"],"acf":[],"_links":{"self":[{"href":"https:\/\/www.nationalturk.com\/tr\/wp-json\/wp\/v2\/posts\/272868","targetHints":{"allow":["GET"]}}],"collection":[{"href":"https:\/\/www.nationalturk.com\/tr\/wp-json\/wp\/v2\/posts"}],"about":[{"href":"https:\/\/www.nationalturk.com\/tr\/wp-json\/wp\/v2\/types\/post"}],"author":[{"embeddable":true,"href":"https:\/\/www.nationalturk.com\/tr\/wp-json\/wp\/v2\/users\/4"}],"replies":[{"embeddable":true,"href":"https:\/\/www.nationalturk.com\/tr\/wp-json\/wp\/v2\/comments?post=272868"}],"version-history":[{"count":0,"href":"https:\/\/www.nationalturk.com\/tr\/wp-json\/wp\/v2\/posts\/272868\/revisions"}],"wp:featuredmedia":[{"embeddable":true,"href":"https:\/\/www.nationalturk.com\/tr\/wp-json\/wp\/v2\/media\/272869"}],"wp:attachment":[{"href":"https:\/\/www.nationalturk.com\/tr\/wp-json\/wp\/v2\/media?parent=272868"}],"wp:term":[{"taxonomy":"category","embeddable":true,"href":"https:\/\/www.nationalturk.com\/tr\/wp-json\/wp\/v2\/categories?post=272868"},{"taxonomy":"post_tag","embeddable":true,"href":"https:\/\/www.nationalturk.com\/tr\/wp-json\/wp\/v2\/tags?post=272868"}],"curies":[{"name":"wp","href":"https:\/\/api.w.org\/{rel}","templated":true}]}}