{"id":272911,"date":"2019-01-03T16:09:39","date_gmt":"2019-01-03T13:09:39","guid":{"rendered":"https:\/\/www.nationalturk.com\/?p=272911"},"modified":"2019-01-03T16:09:39","modified_gmt":"2019-01-03T13:09:39","slug":"yil-sonu-hedeflerimizin-tamamini-neredeyse-tutturduk","status":"publish","type":"post","link":"https:\/\/www.nationalturk.com\/tr\/yil-sonu-hedeflerimizin-tamamini-neredeyse-tutturduk\/","title":{"rendered":"&#8220;Y\u0131l sonu hedeflerimizin tamam\u0131n\u0131 neredeyse tutturduk&#8221;"},"content":{"rendered":"<h2>Hazine ve Maliye Bakan\u0131 Berat Albayrak, 2018 y\u0131l\u0131nda y\u00fczde 20.30 olarak hesaplanan t\u00fcketici enflasyonuyla ilgili, &#8220;Y\u0131l sonu hedeflerimizin tamam\u0131n\u0131 neredeyse tutturduk&#8221; a\u00e7\u0131klamas\u0131nda bulundu.<\/h2>\n<p>TRT Haber&#8217;de ekonomi g\u00fcndemine ili\u015fkin a\u00e7\u0131klamalarda bulunan Hazine ve Maliye Bakan\u0131 Albayrak, enflasyon rakamlar\u0131yla ilgili, &#8220;Y\u0131l sonu itibar\u0131yla hedeflerimizin neredeyse tamam\u0131n\u0131 tutturduk, hatta daha iyi bir performans ortaya koyduk&#8221; ifadesini kulland\u0131.<\/p>\n<p>&#8220;2018&#8217;i enflasyonda koydu\u011fumuz y\u00fczde 20.8&#8217;lik hedefin alt\u0131nda, y\u00fczde 20.3 rakam\u0131yla kapatt\u0131k ki bu ger\u00e7ekten \u00e7ok pozitif bir s\u00fcre\u00e7&#8221; diyen Albayrak, 2019 b\u00fct\u00e7esinde ise \u00e7ok daha iyi bir performans ortaya koyacaklar\u0131n\u0131 dile getirdi.<br \/>\nAlbayrak, &#8220;2019 b\u00fct\u00e7esinde, hem harcama taraf\u0131nda hem gider taraf\u0131nda hem de gelir taraf\u0131nda \u00e7ok daha g\u00fc\u00e7l\u00fc bir performans sergileyece\u011fiz&#8221; diye konu\u015ftu.<\/p>\n<p>Bakan Albayrak, &#8220;2019&#8217;da, 2020 ve 2021&#8217;e temel olu\u015fturmas\u0131 noktas\u0131nda, g\u00fc\u00e7l\u00fc bir \u015fekilde, ayn\u0131 ciddi duru\u015f ve kararl\u0131l\u0131kla yola devam edece\u011fiz&#8221; dedi.<\/p>\n<p>Enflasyonla topyek\u00fcn m\u00fccadele program\u0131n\u0131n yan\u0131 s\u0131ra \u00d6TV ve KDV indirimleriyle de devletin 3 ay boyunca katk\u0131s\u0131n\u0131n s\u00fcrece\u011fini belirten Albayrak, &#8220;G\u00fc\u00e7l\u00fc indirim yapan da var, indirmi\u015f gibi yapan da&#8221; dedi ve fiyat\u0131 indirmi\u015f gibi yapanlar\u0131n tespit edilece\u011fini vurgulad\u0131.<\/p>\n<p>Albayrak, &#8220;Ekim ay\u0131nda a\u00e7\u0131klad\u0131\u011f\u0131m\u0131z, \u00f6zellikle bu kritik 3 ay \u00e7\u00fcnk\u00fc enflasyon a\u00e7\u0131s\u0131ndan 2019&#8217;un ilk 3 ay\u0131 \u00f6nemli, destek vererek 3 ay daha devam edelim diye bir karar verdik&#8221; dedi.<br \/>\nGece saatlerinde d\u00f6viz kurlar\u0131nda meydana gelen dalgalanmaya da de\u011finen Albayrak, &#8220;Asya&#8217;da a\u00e7\u0131k olan piyasalara dayal\u0131 ve geli\u015fmekte olan piyasalara y\u00f6nelik bir dalgalanma. K\u0131sa s\u00fcrede dengelenme oldu&#8221; diye konu\u015ftu.<\/p>\n<p>Albayrak, &#8220;K\u00fc\u00e7\u00fck ve orta \u00f6l\u00e7ekli i\u015fletmeler i\u00e7in t\u00fcm bankalar\u0131m\u0131zla birlikte maliyetini d\u00fc\u015f\u00fcrd\u00fc\u011f\u00fcm\u00fcz g\u00fczel bir paket \u00fczerinde \u00e7al\u0131\u015f\u0131yoruz. \u00d6n\u00fcm\u00fczdeki g\u00fcnlerde bunu a\u00e7\u0131klayaca\u011f\u0131z&#8221; ifadesini kulland\u0131.<\/p>\n<p>&#8220;Piyasalar\u0131n bo\u011fulmas\u0131na izin vermeyece\u011fiz&#8221; diyen Albayrak, \u015f\u00f6yle devam etti:<\/p>\n<p>&#8220;\u0130ki aya\u011f\u0131m\u0131z iki pedalda, \u00f6yle bir \u015fekilde gidece\u011fiz ki kimse araban\u0131n durdurulmas\u0131n\u0131 beklemesin. Ekonominin \u00e7arklar\u0131n\u0131n durmas\u0131na izin vermeyece\u011fiz, kimse frenin k\u00f6klenip araban\u0131n durdurulmas\u0131n\u0131 beklemesin.&#8221;<\/p>\n<!-- Error, Advert is not available at this time due to schedule\/geolocation restrictions! -->\n","protected":false},"excerpt":{"rendered":"<p>Hazine ve Maliye Bakan\u0131 Berat Albayrak, 2018 y\u0131l\u0131nda y\u00fczde 20.30 olarak hesaplanan t\u00fcketici enflasyonuyla ilgili, &#8220;Y\u0131l sonu hedeflerimizin tamam\u0131n\u0131 neredeyse tutturduk&#8221; a\u00e7\u0131klamas\u0131nda bulundu. TRT Haber&#8217;de ekonomi g\u00fcndemine ili\u015fkin a\u00e7\u0131klamalarda bulunan Hazine ve Maliye Bakan\u0131 Albayrak, enflasyon rakamlar\u0131yla ilgili, &#8220;Y\u0131l sonu itibar\u0131yla hedeflerimizin neredeyse tamam\u0131n\u0131 tutturduk, hatta daha iyi bir performans ortaya koyduk&#8221; ifadesini kulland\u0131. &#8220;2018&#8217;i &hellip;<\/p>\n","protected":false},"author":4,"featured_media":272912,"comment_status":"open","ping_status":"open","sticky":false,"template":"","format":"standard","meta":{"_acf_changed":false,"footnotes":""},"categories":[6199,6155,5005,6202,349],"tags":[151423,8190,95322,14688],"class_list":["post-272911","post","type-post","status-publish","format-standard","has-post-thumbnail","hentry","category-ekonomi","category-gundem","category-manset","category-politika","category-son-dakika","tag-berat-albayrak","tag-enflasyon","tag-kdv","tag-otv"],"acf":[],"_links":{"self":[{"href":"https:\/\/www.nationalturk.com\/tr\/wp-json\/wp\/v2\/posts\/272911","targetHints":{"allow":["GET"]}}],"collection":[{"href":"https:\/\/www.nationalturk.com\/tr\/wp-json\/wp\/v2\/posts"}],"about":[{"href":"https:\/\/www.nationalturk.com\/tr\/wp-json\/wp\/v2\/types\/post"}],"author":[{"embeddable":true,"href":"https:\/\/www.nationalturk.com\/tr\/wp-json\/wp\/v2\/users\/4"}],"replies":[{"embeddable":true,"href":"https:\/\/www.nationalturk.com\/tr\/wp-json\/wp\/v2\/comments?post=272911"}],"version-history":[{"count":0,"href":"https:\/\/www.nationalturk.com\/tr\/wp-json\/wp\/v2\/posts\/272911\/revisions"}],"wp:featuredmedia":[{"embeddable":true,"href":"https:\/\/www.nationalturk.com\/tr\/wp-json\/wp\/v2\/media\/272912"}],"wp:attachment":[{"href":"https:\/\/www.nationalturk.com\/tr\/wp-json\/wp\/v2\/media?parent=272911"}],"wp:term":[{"taxonomy":"category","embeddable":true,"href":"https:\/\/www.nationalturk.com\/tr\/wp-json\/wp\/v2\/categories?post=272911"},{"taxonomy":"post_tag","embeddable":true,"href":"https:\/\/www.nationalturk.com\/tr\/wp-json\/wp\/v2\/tags?post=272911"}],"curies":[{"name":"wp","href":"https:\/\/api.w.org\/{rel}","templated":true}]}}