{"id":273028,"date":"2019-01-08T10:48:25","date_gmt":"2019-01-08T07:48:25","guid":{"rendered":"https:\/\/www.nationalturk.com\/?p=273028"},"modified":"2019-01-08T10:48:25","modified_gmt":"2019-01-08T07:48:25","slug":"tahliye-edilen-eren-erdem-icin-yakalama-cikti","status":"publish","type":"post","link":"https:\/\/www.nationalturk.com\/tr\/tahliye-edilen-eren-erdem-icin-yakalama-cikti\/","title":{"rendered":"Tahliye edilen Eren Erdem i\u00e7in yakalama \u00e7\u0131kt\u0131!"},"content":{"rendered":"<h2>Eski CHP Milletvekili Eren Erdem&#8217;in tahliyesine h\u00fckmeden 23. A\u011f\u0131r Ceza Mahkemesi&#8217;nin karar\u0131na itirazda bulunan savc\u0131l\u0131k, ka\u00e7ma \u015f\u00fcphesiyle yeniden yakalama karar\u0131 istedi. 24. A\u011f\u0131r Ceza Mahkemesi de cezaevinden hen\u00fcz tahliye edilmeden Erdem hakk\u0131nda tutuklamaya y\u00f6nelik yakalama karar\u0131 \u00e7\u0131kard\u0131.<\/h2>\n<p>Kar\u015f\u0131 Gazetesi&#8217;nin Genel Yay\u0131n Y\u00f6netmenli\u011fi&#8217;ni yapt\u0131\u011f\u0131 s\u0131rada 17-25 Aral\u0131k s\u00fcrecine ili\u015fkin yasa d\u0131\u015f\u0131 ses kay\u0131tlar\u0131n\u0131 servis etti\u011fi iddias\u0131yla \u0130stanbul 23. A\u011f\u0131r Ceza Mahkemesi&#8217;nde tutuklu yarg\u0131lanan eski CHP Milletvekili Eren Erdem, d\u00fcnk\u00fc duru\u015fmada, delil durumu, yarg\u0131laman\u0131n geldi\u011fi a\u015fama, tutuklulukta ge\u00e7irdi\u011fi s\u00fcre, san\u0131k taraf\u0131ndan karart\u0131lacak delilin bulunmamas\u0131 gerek\u00e7eleriyle tahliyesine karar verilmi\u015fti.<\/p>\n<h3>\u0130tiraz savc\u0131dan geldi!<\/h3>\n<p>Savc\u0131l\u0131k, Erdem&#8217;in yurt d\u0131\u015f\u0131na ka\u00e7ma \u015f\u00fcphesinin bulundu\u011fu iddias\u0131yla mahkemenin verdi\u011fi tahliye karar\u0131na itiraz etti. \u0130tiraz\u0131 de\u011ferlendiren \u00fcst mahkeme olan \u0130stanbul 24. A\u011f\u0131r Ceza Mahkemesi, savc\u0131l\u0131\u011f\u0131n itiraz\u0131n\u0131 kabul ederek Erdem hakk\u0131nda tutuklamaya y\u00f6nelik yakalama karar\u0131 \u00e7\u0131kar\u0131lmas\u0131na karar verdi.<\/p>\n<h4>\u00d6nceki yakalanmas\u0131 g\u00f6z \u00f6n\u00fcne al\u0131nd\u0131!<\/h4>\n<p>\u0130stanbul 24. A\u011f\u0131r Ceza Mahkemesi taraf\u0131ndan verilen kararda Erdem&#8217;in ka\u00e7ma \u015f\u00fcphesinin bulundu\u011fu belirtildi. Kararda \u015fu ifadelere yer verildi; \u201cBug\u00fcn \u0130stanbul 23. A\u011f\u0131r Ceza Mahkemesi&#8217;nin adli kontrol tedbirleri uygulanmak suretiyle tahliyesine karar verildi\u011fi dosya kapsam\u0131, san\u0131k savunmas\u0131, dinlenen tan\u0131k beyanlar\u0131, bir k\u0131s\u0131m mahkemede dinlenen san\u0131k savunmalar\u0131, dosya kapsam\u0131ndaki mevcut delil durumu birlikte de\u011ferlendirildi\u011finde kuvvetli su\u00e7 \u015f\u00fcphesinin varl\u0131\u011f\u0131n\u0131 g\u00f6steren somut olgular\u0131n bulunmas\u0131, san\u0131\u011f\u0131n yurt d\u0131\u015f\u0131na \u00e7\u0131kmak isterken yakaland\u0131\u011f\u0131 da g\u00f6z \u00f6n\u00fcne al\u0131nd\u0131\u011f\u0131nda ka\u00e7ma \u015f\u00fcphesinin varl\u0131\u011f\u0131n\u0131 g\u00f6steren somut olgular\u0131n bulunmas\u0131, san\u0131\u011f\u0131n \u00fczerine at\u0131l\u0131 su\u00e7un alt ve \u00fcst s\u0131n\u0131rlar\u0131, tutuklu kald\u0131\u011f\u0131 s\u00fcre Anayasa&#8217;n\u0131n 13. maddesindeki d\u00fczenleme de dikkate al\u0131nd\u0131\u011f\u0131nda adli kontrol tedbirlerinin uygulanmas\u0131n\u0131n yetersiz kalaca\u011f\u0131, tutuklama tedbirinin \u00f6l\u00e7\u00fcl\u00fc olaca\u011f\u0131 kanaatine var\u0131ld\u0131\u011f\u0131ndan iddia makam\u0131n\u0131n san\u0131k Eren Erdem&#8217;in tahliyesine y\u00f6nelik itiraz\u0131n kabul\u00fcyle san\u0131k hakk\u0131nda tutuklamas\u0131na y\u00f6nelik yakalama emri d\u00fczenlenmi\u015ftir\u201d<\/p>\n<h5>19 y\u0131la kadar hapsi isteniyor<\/h5>\n<p>D\u00fcnk\u00fc duru\u015fmada esas hakk\u0131nda m\u00fctalaas\u0131n\u0131 a\u00e7\u0131klayan savc\u0131l\u0131k, Erdem&#8217;in, \u2018\u00d6rg\u00fcte \u00fcye olmamakla birlikte \u00f6rg\u00fcte yard\u0131m etmek&#8217; ve \u2018gizlili\u011fin ihlali&#8217; su\u00e7lar\u0131ndan 19 y\u0131la kadar hapsini istedi.<\/p>\n<p>Eski CHP milletvekili Eren Erdem&#8217;in ailesi ve yak\u0131nlar\u0131 Silivri cezaevi \u00f6n\u00fcnde tahliye edilmesini beklerken \u00fcst mahkemeden yakalama karar\u0131 geldi.<\/p>\n<h5>Karar\u0131 Tanr\u0131kulu duyurdu<\/h5>\n<p>Yakalama emri karar\u0131n\u0131 CHP \u0130stanbul Milletvekili Sezgin Tanr\u0131kulu Silivri Cezaevi \u00f6n\u00fcnden yapt\u0131\u011f\u0131 yay\u0131nla duyurdu.<br \/>\nTanr\u0131kulu, \u201cMahkeme derhal tahliye karar\u0131 verilmi\u015fti. Mahkeme karar\u0131n\u0131n Silivri Cezaevi\u2019ne iletilmedi\u011fi bilgisini ald\u0131k. Savc\u0131l\u0131k bu tahliye karar\u0131 yerine getirilmesin diye bu karar\u0131 bildirmemi\u015f ya da sistem ar\u0131zas\u0131 nedeniyle tahliye edilmedi\u011fi s\u00f6ylendi.<\/p>\n<p>Ama biraz \u00f6nce \u00f6\u011frendik ki savc\u0131l\u0131k bu karara itiraz etmi\u015f ve 24. A\u011f\u0131r Ceza Mahkemesi yeniden yakalama karar\u0131 vermi\u015ftir. Bu karar tamamen hukuk d\u0131\u015f\u0131d\u0131r, adalet d\u0131\u015f\u0131d\u0131r. Mesai saatlerinden sonra toplanmas\u0131, karar vermesi bu karar\u0131 buraya iletmesi tamamen hukuk d\u0131\u015f\u0131d\u0131r. Burada bekliyorduk ama maalesef cezaevinden \u00e7\u0131kar\u0131lmad\u0131. T\u00fcrkiye\u2019de yarg\u0131n\u0131n bitti\u011finin g\u00f6stergesidir. Odas\u0131ndan bile \u00e7\u0131kar\u0131lmadan tahliye karar\u0131 engellenmi\u015f durumda\u201d a\u00e7\u0131klamas\u0131nda bulundu.<\/p>\n<h5>Muharrem Erkek: B\u00fct\u00fcn kumpaslar gibi \u00e7\u00f6kecek<\/h5>\n<p>CHP Genel Ba\u015fkan Yard\u0131mc\u0131s\u0131 Muharrem Erkek de kat\u0131ld\u0131\u011f\u0131 TV program\u0131nda a\u00e7\u0131klamalarda bulundu. Erkek, \u201c\u00c7a\u011flayan Adliyesi\u2019ndeydim davay\u0131 takip ettim. O kadar \u00fcz\u00fcnt\u00fc verici ki, savc\u0131 m\u00fctalaas\u0131nda FET\u00d6 ter\u00f6r \u00f6rg\u00fct\u00fcne yard\u0131m su\u00e7unu i\u015fledi\u011fini idia ediyor. Bu iddia ak\u0131l d\u0131\u015f\u0131 vicdan d\u0131\u015f\u0131d\u0131r. Eren Erdem\u2019in hayat\u0131 FET\u00d6 ile m\u00fccadeleyle ge\u00e7ti.Ge\u00e7mi\u015fte kumpas davalar\u0131n\u0131 ya\u015fad\u0131k. B\u00fct\u00fcn kumpas davalar\u0131 gibi bu da \u00e7\u00f6kecek.<\/p>\n<p>\u0130nan\u0131n hukuk\u00e7u olarak \u00fcz\u00fcl\u00fcyorum su\u00e7suz bir insan\u0131n hapiste olmas\u0131 hepimiz i\u00e7in a\u011f\u0131r bir durumdur. Eren Erdem su\u00e7suz.Eren Erdem\u2019in FET\u00d6 ile ne ilgisi olabilir?\u201d dedi.<\/p>\n<h6>Tanal \u0130nsan Haklar\u0131 Evrensel Bildirgesi\u2019ni y\u0131rtt\u0131<\/h6>\n<p>CHP\u2019li Mahmut Tanal ise, \u201cMahkemenin olu\u015fmas\u0131 i\u00e7in sabah olmas\u0131 gerekirdi. Kendi evlerinde tahliye karar\u0131na itiraz ederek yeniden tutuklanmas\u0131 hukuk d\u0131\u015f\u0131d\u0131r. Mahkeme sanal ortamda bir karar olu\u015fmaz. Bu tamamen bir insan haklar\u0131n ihlalidir.\u201d ifadelerini kulland\u0131. Mahmut Tanal cezaevi \u00f6n\u00fcnde \u0130nsan Haklar\u0131 Evrensel Bildirgesi\u2019ni y\u0131rtt\u0131.<\/p>\n<h6>Hasan Erdem: Ne ben ne o\u011flum korkmuyoruz<\/h6>\n<p>Eren Erdem&#8217;in babas\u0131 Hasan Erdem tahliye karar\u0131 verilmesinin ard\u0131ndan yeniden yakalama emri \u00e7\u0131kar\u0131lmas\u0131na isyan etti. Baba Erdem, \u201cO talimatlar\u0131 veren ki\u015fiye sesleniyorum: Kula\u011f\u0131na k\u00fcpe olsun, ne ben ne benim o\u011flum senden korkmuyoruz. Diz \u00e7\u00f6kt\u00fcremeyeceksin. Eren Erdem&#8217;in \u00fczerinden de CHP&#8217;ye gitmeye \u00e7al\u0131\u015fma bo\u015funa. O\u011fluma atfetti\u011fin b\u00fct\u00fcn su\u00e7lar\u0131 ben de i\u015fledim; orta\u011f\u0131m. Ne bi\u00e7im vicdan var sende, nas\u0131l M\u00fcsl\u00fcmans\u0131n. Bu talimatlar bizi y\u0131ld\u0131rmaz, m\u00fccadelemize devam edece\u011fiz. Yar\u0131n Taksim&#8217;de e\u015fim ile beraber kendimizi yakaca\u011f\u0131z\u201d s\u00f6zleriyle tepkisini ifade etti.<\/p>\n<h6>\u00d6zel\u2019den sert a\u00e7\u0131klama<\/h6>\n<p>CHP Grup Ba\u015fkan Vekili \u00d6zg\u00fcr \u00d6zel de sosyal medya hesab\u0131ndan yakalama karar\u0131na ili\u015fkin sert a\u00e7\u0131klamada bulundu. \u00d6zel, \u201cEren Erdem i\u00e7in mahkemenin verdi\u011fi tahliye karar\u0131n\u0131 cezaevine 6 saat bildirtmeyip, bu s\u0131rada bir ba\u015fka mahkemeye yeniden tutuklama karar\u0131 verdiren postmodern derin devlete sesleniyorum AL\u00c7AKSINIZ. NAMERTS\u0130N\u0130Z.. UTANMAZSINIZ\u2026\u201d dedi.<\/p>\n<!-- Error, Advert is not available at this time due to schedule\/geolocation restrictions! -->\n","protected":false},"excerpt":{"rendered":"<p>Eski CHP Milletvekili Eren Erdem&#8217;in tahliyesine h\u00fckmeden 23. A\u011f\u0131r Ceza Mahkemesi&#8217;nin karar\u0131na itirazda bulunan savc\u0131l\u0131k, ka\u00e7ma \u015f\u00fcphesiyle yeniden yakalama karar\u0131 istedi. 24. A\u011f\u0131r Ceza Mahkemesi de cezaevinden hen\u00fcz tahliye edilmeden Erdem hakk\u0131nda tutuklamaya y\u00f6nelik yakalama karar\u0131 \u00e7\u0131kard\u0131. Kar\u015f\u0131 Gazetesi&#8217;nin Genel Yay\u0131n Y\u00f6netmenli\u011fi&#8217;ni yapt\u0131\u011f\u0131 s\u0131rada 17-25 Aral\u0131k s\u00fcrecine ili\u015fkin yasa d\u0131\u015f\u0131 ses kay\u0131tlar\u0131n\u0131 servis etti\u011fi iddias\u0131yla &hellip;<\/p>\n","protected":false},"author":9192198,"featured_media":273029,"comment_status":"open","ping_status":"open","sticky":false,"template":"","format":"standard","meta":{"_acf_changed":false,"footnotes":""},"categories":[6155,763,5005,6202,349,6805],"tags":[9708,143744,57136,218122,57137,98228],"class_list":["post-273028","post","type-post","status-publish","format-standard","has-post-thumbnail","hentry","category-gundem","category-gunun-olayi","category-manset","category-politika","category-son-dakika","category-turkiye","tag-chp-milletvekili","tag-eren-erdem","tag-mahmut-tanal","tag-muharrem-erkek","tag-sezgin-tanrikulu","tag-yakalama-karari"],"acf":[],"_links":{"self":[{"href":"https:\/\/www.nationalturk.com\/tr\/wp-json\/wp\/v2\/posts\/273028","targetHints":{"allow":["GET"]}}],"collection":[{"href":"https:\/\/www.nationalturk.com\/tr\/wp-json\/wp\/v2\/posts"}],"about":[{"href":"https:\/\/www.nationalturk.com\/tr\/wp-json\/wp\/v2\/types\/post"}],"author":[{"embeddable":true,"href":"https:\/\/www.nationalturk.com\/tr\/wp-json\/wp\/v2\/users\/9192198"}],"replies":[{"embeddable":true,"href":"https:\/\/www.nationalturk.com\/tr\/wp-json\/wp\/v2\/comments?post=273028"}],"version-history":[{"count":0,"href":"https:\/\/www.nationalturk.com\/tr\/wp-json\/wp\/v2\/posts\/273028\/revisions"}],"wp:featuredmedia":[{"embeddable":true,"href":"https:\/\/www.nationalturk.com\/tr\/wp-json\/wp\/v2\/media\/273029"}],"wp:attachment":[{"href":"https:\/\/www.nationalturk.com\/tr\/wp-json\/wp\/v2\/media?parent=273028"}],"wp:term":[{"taxonomy":"category","embeddable":true,"href":"https:\/\/www.nationalturk.com\/tr\/wp-json\/wp\/v2\/categories?post=273028"},{"taxonomy":"post_tag","embeddable":true,"href":"https:\/\/www.nationalturk.com\/tr\/wp-json\/wp\/v2\/tags?post=273028"}],"curies":[{"name":"wp","href":"https:\/\/api.w.org\/{rel}","templated":true}]}}