{"id":273044,"date":"2019-01-08T12:41:35","date_gmt":"2019-01-08T09:41:35","guid":{"rendered":"https:\/\/www.nationalturk.com\/?p=273044"},"modified":"2019-01-08T12:41:35","modified_gmt":"2019-01-08T09:41:35","slug":"turk-ve-abd-heyetlerinin-kritik-gorusmesi-sona-erdi","status":"publish","type":"post","link":"https:\/\/www.nationalturk.com\/tr\/turk-ve-abd-heyetlerinin-kritik-gorusmesi-sona-erdi\/","title":{"rendered":"T\u00fcrk ve ABD heyetlerinin kritik g\u00f6r\u00fc\u015fmesi sona erdi!"},"content":{"rendered":"<h2>ABD Ba\u015fkan\u0131 Donald Trump&#8217;\u0131n ge\u00e7en haftalarda ABD askerinin Suriye&#8217;den \u00e7ekilece\u011fini a\u00e7\u0131klamas\u0131n\u0131n ard\u0131ndan yo\u011fun g\u00f6r\u00fc\u015fme trafi\u011fi devam ediyor. D\u00fcn Ankara&#8217;ya gelen ABD heyetinin Cumhurba\u015fkanl\u0131\u011f\u0131 S\u00f6zc\u00fcs\u00fc \u0130brahim Kal\u0131n ile ger\u00e7ekle\u015ftirdi\u011fi g\u00f6r\u00fc\u015fme sona erdi. G\u00f6r\u00fc\u015fme 2 saat 10 dakika s\u00fcrd\u00fc.<\/h2>\n<p>ABD Ulusal G\u00fcvenlik Dan\u0131\u015fman\u0131 John Bolton ba\u015fkanl\u0131\u011f\u0131ndaki heyet bu sabah Ankara\u2019da Cumhurba\u015fkanl\u0131\u011f\u0131 S\u00f6zc\u00fcs\u00fc \u0130brahim Kal\u0131n ba\u015fkanl\u0131\u011f\u0131ndaki T\u00fcrk heyeti ile Suriye\u2019den \u00e7ekilme s\u00fcrecine ili\u015fkin g\u00f6r\u00fc\u015fmelerde bulundu.<\/p>\n<p>\u0130srail\u2019deki temaslar\u0131n\u0131n ard\u0131ndan d\u00fcn Ankara\u2019ya gelen Bolton ve heyeti bu sabah Cumhurba\u015fkanl\u0131\u011f\u0131\u2019nda Kal\u0131n ba\u015fkanl\u0131\u011f\u0131ndaki T\u00fcrk heyeti ile iki saat on dakika s\u00fcren bir g\u00f6r\u00fc\u015fme ger\u00e7ekle\u015ftirdi.<\/p>\n<p>Bolton\u2019\u0131n s\u00f6zc\u00fcs\u00fc Garrett Marquis, \u201cBolton, Suriye\u2019den \u00e7ekilme konusunda Kal\u0131n ile yap\u0131c\u0131 bir g\u00f6r\u00fc\u015fme ger\u00e7ekle\u015ftirdi\u201d Garrett Marquis, g\u00f6r\u00fc\u015fme sonras\u0131nda ise iki \u00fclkenin diyalog konusunda anla\u015fma sa\u011fland\u0131\u011f\u0131n\u0131 ifade etti.<\/p>\n<p>Cumhurba\u015fkanl\u0131\u011f\u0131 kaynaklar\u0131ndan edinilen bilgiye g\u00f6re, g\u00f6r\u00fc\u015fmeye T\u00fcrk taraf\u0131ndan Kal\u0131n\u2019\u0131n yan\u0131 s\u0131ra, D\u0131\u015fi\u015fleri Bakan Yard\u0131mc\u0131s\u0131 Sedat \u00d6nal, Milli Savunma Bakan Yard\u0131mc\u0131s\u0131 Yunus Emre Karaosmano\u011flu , M\u0130T Ba\u015fkan Yard\u0131mc\u0131s\u0131 Cemalettin \u00c7elik ve di\u011fer delegasyon \u00fcyeleri kat\u0131l\u0131rken, ABD taraf\u0131ndan g\u00f6r\u00fc\u015fmeye Bolton\u2019\u0131n yan\u0131 s\u0131ra Genelkurmay Ba\u015fkan\u0131 Joseph Dunford ve ABD\u2019nin Suriye \u00d6zel Temsilcisi James Jeffrey ve di\u011fer delegasyon \u00fcyeleri kat\u0131ld\u0131.<\/p>\n<h3>Erdo\u011fan ve \u00c7avu\u015fo\u011flu\u2019nun Bolton ile g\u00f6r\u00fc\u015fmedi\u011fi iddia edildi!<\/h3>\n<p>Bolton\u2019\u0131n Ankara temaslar\u0131 s\u0131ras\u0131nda Cumhurba\u015fkan\u0131 Tayyip Erdo\u011fan ve D\u0131\u015fi\u015fleri Bakan\u0131 Mevl\u00fct \u00c7avu\u015fo\u011flu ile g\u00f6r\u00fc\u015fmemesi dikkat \u00e7ekerken, ziyaretten \u00f6nce yapt\u0131\u011f\u0131 a\u00e7\u0131klamalar nedeniyle Erdo\u011fan ve \u00c7avu\u015fo\u011flu\u2019nun Bolton ile g\u00f6r\u00fc\u015fmedi\u011fi iddia edildi.<\/p>\n<p>Bolton hafta sonunda Erdo\u011fan da dahil olmak \u00fczere T\u00fcrk yetkililerle yapaca\u011f\u0131 g\u00f6r\u00fc\u015fmelerde Suriyeli K\u00fcrtlerin korunmas\u0131n\u0131n gerekli oldu\u011funa vurgu yapaca\u011f\u0131n\u0131 belirterek, \u201cT\u00fcrklerin asgaride ABD ile t\u00fcm\u00fcyle e\u015fg\u00fcd\u00fcm i\u00e7erisinde olmayan ve ABD\u2019nin mutab\u0131k kalmad\u0131\u011f\u0131 askeri bir eyleme girmemesi gerekti\u011fini d\u00fc\u015f\u00fcn\u00fcyoruz\u2026 ki hem bizim askerlerimizi tehlikeye atmas\u0131nlar hem de ba\u015fkan (Trump\u2019\u0131n) \u00f6ne s\u00fcrd\u00fc\u011f\u00fc \u015fart olan bizimle birlikte sava\u015fm\u0131\u015f Suriyeli muhalif g\u00fc\u00e7lerin tehlikeye at\u0131lmamas\u0131n\u0131 sa\u011flam\u0131\u015f olsunlar\u201d diye konu\u015ftu.<\/p>\n<!-- Error, Advert is not available at this time due to schedule\/geolocation restrictions! -->\n","protected":false},"excerpt":{"rendered":"<p>ABD Ba\u015fkan\u0131 Donald Trump&#8217;\u0131n ge\u00e7en haftalarda ABD askerinin Suriye&#8217;den \u00e7ekilece\u011fini a\u00e7\u0131klamas\u0131n\u0131n ard\u0131ndan yo\u011fun g\u00f6r\u00fc\u015fme trafi\u011fi devam ediyor. D\u00fcn Ankara&#8217;ya gelen ABD heyetinin Cumhurba\u015fkanl\u0131\u011f\u0131 S\u00f6zc\u00fcs\u00fc \u0130brahim Kal\u0131n ile ger\u00e7ekle\u015ftirdi\u011fi g\u00f6r\u00fc\u015fme sona erdi. G\u00f6r\u00fc\u015fme 2 saat 10 dakika s\u00fcrd\u00fc. ABD Ulusal G\u00fcvenlik Dan\u0131\u015fman\u0131 John Bolton ba\u015fkanl\u0131\u011f\u0131ndaki heyet bu sabah Ankara\u2019da Cumhurba\u015fkanl\u0131\u011f\u0131 S\u00f6zc\u00fcs\u00fc \u0130brahim Kal\u0131n ba\u015fkanl\u0131\u011f\u0131ndaki T\u00fcrk heyeti &hellip;<\/p>\n","protected":false},"author":9192198,"featured_media":273045,"comment_status":"open","ping_status":"open","sticky":false,"template":"","format":"standard","meta":{"_acf_changed":false,"footnotes":""},"categories":[6768,6155,763,5005,6202,349,6805],"tags":[213789,199658,131899,219383,49088],"class_list":["post-273044","post","type-post","status-publish","format-standard","has-post-thumbnail","hentry","category-amerika","category-gundem","category-gunun-olayi","category-manset","category-politika","category-son-dakika","category-turkiye","tag-abd-heyeti","tag-donald-trump","tag-ibrahim-kalin","tag-john-bolton","tag-mevlut-cavusoglu"],"acf":[],"_links":{"self":[{"href":"https:\/\/www.nationalturk.com\/tr\/wp-json\/wp\/v2\/posts\/273044","targetHints":{"allow":["GET"]}}],"collection":[{"href":"https:\/\/www.nationalturk.com\/tr\/wp-json\/wp\/v2\/posts"}],"about":[{"href":"https:\/\/www.nationalturk.com\/tr\/wp-json\/wp\/v2\/types\/post"}],"author":[{"embeddable":true,"href":"https:\/\/www.nationalturk.com\/tr\/wp-json\/wp\/v2\/users\/9192198"}],"replies":[{"embeddable":true,"href":"https:\/\/www.nationalturk.com\/tr\/wp-json\/wp\/v2\/comments?post=273044"}],"version-history":[{"count":0,"href":"https:\/\/www.nationalturk.com\/tr\/wp-json\/wp\/v2\/posts\/273044\/revisions"}],"wp:featuredmedia":[{"embeddable":true,"href":"https:\/\/www.nationalturk.com\/tr\/wp-json\/wp\/v2\/media\/273045"}],"wp:attachment":[{"href":"https:\/\/www.nationalturk.com\/tr\/wp-json\/wp\/v2\/media?parent=273044"}],"wp:term":[{"taxonomy":"category","embeddable":true,"href":"https:\/\/www.nationalturk.com\/tr\/wp-json\/wp\/v2\/categories?post=273044"},{"taxonomy":"post_tag","embeddable":true,"href":"https:\/\/www.nationalturk.com\/tr\/wp-json\/wp\/v2\/tags?post=273044"}],"curies":[{"name":"wp","href":"https:\/\/api.w.org\/{rel}","templated":true}]}}