{"id":273057,"date":"2019-01-08T18:21:08","date_gmt":"2019-01-08T15:21:08","guid":{"rendered":"https:\/\/www.nationalturk.com\/?p=273057"},"modified":"2019-01-08T18:21:08","modified_gmt":"2019-01-08T15:21:08","slug":"chpli-imamoglunun-kres-acilisi-miting-havasinda-gecti","status":"publish","type":"post","link":"https:\/\/www.nationalturk.com\/tr\/chpli-imamoglunun-kres-acilisi-miting-havasinda-gecti\/","title":{"rendered":"CHP&#8217;li \u0130mamo\u011flu\u2019nun kre\u015f a\u00e7\u0131l\u0131\u015f\u0131 miting havas\u0131nda ge\u00e7ti!"},"content":{"rendered":"<h2>CHP&#8217;nin \u0130stanbul B\u00fcy\u00fck\u015fehir Belediye Ba\u015fkan\u0131 aday\u0131 Ekrem \u0130mamo\u011flu, \u0130mamo\u011flu &#8220;Herkese e\u015fit mesafede olaca\u011f\u0131z. Partizanl\u0131\u011f\u0131n olmad\u0131\u011f\u0131 tam aksine hizmetin konu\u015fuldu\u011fu kibirden uzak durulan, al\u00e7ak g\u00f6n\u00fcll\u00fc sevgiyle yakla\u015fan, 2019&#8217;da sevginin kazand\u0131\u011f\u0131 bir y\u0131l\u0131n ba\u015flad\u0131\u011f\u0131n\u0131 hepinize m\u00fcjdeliyorum&#8221; dedi.<\/h2>\n<p>\u0130stanbul \u015ei\u015fli\u2019de yap\u0131m\u0131 tamamlanan Mehmet Emin Sungur \u00c7ocuk G\u00fcnd\u00fcz Bak\u0131mevi d\u00fczenlenen t\u00f6renle hizmete a\u00e7\u0131ld\u0131. \u015ei\u015fli Belediye Ba\u015fkan\u0131 Hayri \u0130n\u00f6n\u00fc\u2019n\u00fcn ev sahipli\u011findeki t\u00f6rene; CHP\u2019nin \u0130stanbul B\u00fcy\u00fck\u015fehir Belediye ba\u015fkan aday\u0131 Ekrem \u0130mamo\u011flu, CHP \u0130stanbul \u0130l Ba\u015fkan\u0131 Canan Kaftanc\u0131o\u011flu, CHP\u2019li milletvekilleri, partililer ve vatanda\u015flar kat\u0131ld\u0131.<\/p>\n<p>T\u00f6rende konu\u015fan CHP&#8217;nin \u0130stanbul B\u00fcy\u00fck\u015fehir Belediye Ba\u015fkan aday\u0131 Ekrem \u0130mamo\u011flu \u201c0-4 ya\u015f aras\u0131 yakla\u015f\u0131k 1 milyon 170 bin \u00e7ocu\u011fumuzun oldu\u011funu unutmayal\u0131m. Bu \u00e7ocuklar\u0131n ne kadar\u0131 okul \u00f6ncesi e\u011fitim al\u0131yor? 180 bin civar\u0131nda. Yani asl\u0131nda 1 milyon \u00e7ocu\u011fumuzu biz hayata haz\u0131rlayam\u0131yoruz. Sebebi tabii ki ekonomik imk\u00e2ns\u0131zl\u0131klar. 1 milyona yak\u0131n \u00e7ocu\u011fun 700, 800 bini ger\u00e7ekten dar gelirli. B\u00f6yle bir kente haz\u0131rlanan \u00e7ocuk d\u00fcnyas\u0131n\u0131n inan\u0131n gelecekte bu topluma verece\u011fi zarar\u0131 ya da yeti\u015ftirdik diye d\u00fc\u015f\u00fcnd\u00fc\u011f\u00fcm\u00fcz o k\u00fc\u00e7\u00fcc\u00fck evlatlar\u0131m\u0131z\u0131n gelecekte ne oldu\u011funu bilmemek kadar k\u00f6t\u00fc bir durum olamaz. Onun i\u00e7in biz ayd\u0131nl\u0131k gelecek ya da gelece\u011fe d\u00f6n\u00fck hedef koyarken asl\u0131nda en \u00f6nemli unsurun bu \u00fclkenin gelece\u011fi olan \u00e7ocuklar\u0131m\u0131z oldu\u011funu unutmamal\u0131y\u0131z\u201d ifadelerini kulland\u0131.<\/p>\n<p>\u201c\u00c7ok b\u00fcy\u00fck projeleri konu\u015fa konu\u015fa k\u00fc\u00e7\u00fck diye g\u00f6r\u00fclen ama toplumun ana sorunlar\u0131n\u0131 unuttu\u011fumuz bir \u0130stanbul\u2019day\u0131z.\u201d \u015feklinde konu\u015fan Ekrem \u0130mamo\u011flu, \u201cBu k\u00fc\u00e7\u00fck diye g\u00f6r\u00fclen ama hayat\u0131 derinden etkileyen insanlar\u0131n huzurunu, mutlulu\u011funu derinden etkileyen unsurlar \u00f6zel ilgi alanlar\u0131m\u0131z olacak. Birileri ba\u015fka \u015feyleri d\u00fc\u015f\u00fcnebilir ama biz bu kentin en fazla 1 milyon 170 bin \u00e7ocu\u011funu d\u00fc\u015f\u00fcnece\u011fiz.<\/p>\n<p>Biz kentin ya\u015fayanlar\u0131na ve kentin ge\u00e7mi\u015ften bu g\u00fcne hizmet verenlerine vefay\u0131 g\u00f6stermeyi sorumluluk edinece\u011fiz. Herkese bu anlamda e\u015fit mesafede olaca\u011f\u0131z. Partizanl\u0131\u011f\u0131n olmad\u0131\u011f\u0131 tam aksine hizmetin konu\u015fuldu\u011fu kibirden uzak durulan, al\u00e7ak g\u00f6n\u00fcll\u00fc sevgiyle yakla\u015fan, 2019\u2019da sevginin kazand\u0131\u011f\u0131 bir y\u0131l\u0131n ba\u015flad\u0131\u011f\u0131n\u0131 hepinize m\u00fcjdeliyorum.\u201d dedi.<\/p>\n<p><img loading=\"lazy\" decoding=\"async\" src=\"https:\/\/www.nationalturk.com\/tr\/wp-content\/uploads\/2019\/01\/ekrem-imamoglundan-miting-gibi-acilis-8.jpg\" alt=\"Emrem \u0130mamo\u011flu kre\u015f a\u00e7\u0131l\u0131\u015f\u0131nda\" width=\"700\" height=\"400\" class=\"alignnone size-medium wp-image-273061\" title=\"\"><\/p>\n<h3>Kaftanc\u0131o\u011flu: Hep birlikte m\u00fccadele edece\u011fiz<\/h3>\n<p>CHP \u0130stanbul \u0130l Ba\u015fkan\u0131 Canan Kaftanc\u0131o\u011flu konu\u015fmas\u0131nda \u201cSosyal demokrat belediyecilik diyoruz. \u0130nsanca ve hak\u00e7a ya\u015fam diyoruz. Bunun ne oldu\u011funu hepimiz biliyoruz. Ye\u015file bakt\u0131\u011f\u0131nda Dolar\u0131 de\u011fil do\u011fay\u0131 g\u00f6ren binaya bakt\u0131\u011f\u0131nda rant\u0131 de\u011fil \u00e7ocuklar\u0131m\u0131z\u0131n, kad\u0131nlar\u0131m\u0131z\u0131n gelece\u011fi i\u00e7in m\u00fccadele eden ve birbirimizin g\u00f6z\u00fcne bakt\u0131\u011f\u0131m\u0131zda karde\u015fli\u011fi g\u00f6ren bir anlay\u0131\u015f i\u00e7in hep birlikte m\u00fccadele edece\u011fiz\u201d yorumunda bulundu.<\/p>\n<h4>Hayri \u0130n\u00f6n\u00fc: Aday g\u00f6sterilirsem \u00e7al\u0131\u015fmalar\u0131m\u0131 devam ettirece\u011fim<\/h4>\n<p>\u015ei\u015fli Belediye Ba\u015fkan\u0131 Hayri \u0130n\u00f6n\u00fc ise Ekrem \u0130mamo\u011flu\u2019nun adayl\u0131\u011f\u0131 i\u00e7in \u201cBence de do\u011fru bir tercih.\u201d ifadelerini payla\u015ft\u0131. \u015ei\u015fli Belediye Ba\u015fkanl\u0131\u011f\u0131\u2019na yeniden aday aday\u0131 oldu\u011funu hat\u0131rlatan \u0130n\u00f6n\u00fc \u201cBen i\u015fime devam ediyorum. \u00d6zellikle aday olmam ile ilgili ilave bir \u00e7al\u0131\u015fmam yok. Bu bir takdir meselesidir. Ben partimin aday aday\u0131y\u0131m. Aday g\u00f6sterilirsem ona g\u00f6re \u00e7al\u0131\u015fmalar\u0131m\u0131 devam ettirece\u011fim. Ben daha ziyade g\u00f6steri\u015fi olmayan, sosyal i\u00e7eri\u011fi fazla olan yat\u0131r\u0131mlara y\u00f6neliyorum. Bu g\u00fcne kadar da \u00f6yle yapt\u0131m. Her mahalleye, kre\u015f bilim evi\u2026 Say\u0131lar\u0131n\u0131 artt\u0131rmam\u0131z laz\u0131m\u201d diye konu\u015ftu.<\/p>\n<!-- Error, Advert is not available at this time due to schedule\/geolocation restrictions! -->\n","protected":false},"excerpt":{"rendered":"<p>CHP&#8217;nin \u0130stanbul B\u00fcy\u00fck\u015fehir Belediye Ba\u015fkan\u0131 aday\u0131 Ekrem \u0130mamo\u011flu, \u0130mamo\u011flu &#8220;Herkese e\u015fit mesafede olaca\u011f\u0131z. Partizanl\u0131\u011f\u0131n olmad\u0131\u011f\u0131 tam aksine hizmetin konu\u015fuldu\u011fu kibirden uzak durulan, al\u00e7ak g\u00f6n\u00fcll\u00fc sevgiyle yakla\u015fan, 2019&#8217;da sevginin kazand\u0131\u011f\u0131 bir y\u0131l\u0131n ba\u015flad\u0131\u011f\u0131n\u0131 hepinize m\u00fcjdeliyorum&#8221; dedi. \u0130stanbul \u015ei\u015fli\u2019de yap\u0131m\u0131 tamamlanan Mehmet Emin Sungur \u00c7ocuk G\u00fcnd\u00fcz Bak\u0131mevi d\u00fczenlenen t\u00f6renle hizmete a\u00e7\u0131ld\u0131. \u015ei\u015fli Belediye Ba\u015fkan\u0131 Hayri \u0130n\u00f6n\u00fc\u2019n\u00fcn ev &hellip;<\/p>\n","protected":false},"author":9192198,"featured_media":273059,"comment_status":"open","ping_status":"open","sticky":false,"template":"","format":"standard","meta":{"_acf_changed":false,"footnotes":""},"categories":[6155,5005,6202,349,6805],"tags":[216015,213620,178493,196812],"class_list":["post-273057","post","type-post","status-publish","format-standard","has-post-thumbnail","hentry","category-gundem","category-manset","category-politika","category-son-dakika","category-turkiye","tag-canan-kaftancioglu","tag-ekrem-imamoglu","tag-hayri-inonu","tag-miting"],"acf":[],"_links":{"self":[{"href":"https:\/\/www.nationalturk.com\/tr\/wp-json\/wp\/v2\/posts\/273057","targetHints":{"allow":["GET"]}}],"collection":[{"href":"https:\/\/www.nationalturk.com\/tr\/wp-json\/wp\/v2\/posts"}],"about":[{"href":"https:\/\/www.nationalturk.com\/tr\/wp-json\/wp\/v2\/types\/post"}],"author":[{"embeddable":true,"href":"https:\/\/www.nationalturk.com\/tr\/wp-json\/wp\/v2\/users\/9192198"}],"replies":[{"embeddable":true,"href":"https:\/\/www.nationalturk.com\/tr\/wp-json\/wp\/v2\/comments?post=273057"}],"version-history":[{"count":0,"href":"https:\/\/www.nationalturk.com\/tr\/wp-json\/wp\/v2\/posts\/273057\/revisions"}],"wp:featuredmedia":[{"embeddable":true,"href":"https:\/\/www.nationalturk.com\/tr\/wp-json\/wp\/v2\/media\/273059"}],"wp:attachment":[{"href":"https:\/\/www.nationalturk.com\/tr\/wp-json\/wp\/v2\/media?parent=273057"}],"wp:term":[{"taxonomy":"category","embeddable":true,"href":"https:\/\/www.nationalturk.com\/tr\/wp-json\/wp\/v2\/categories?post=273057"},{"taxonomy":"post_tag","embeddable":true,"href":"https:\/\/www.nationalturk.com\/tr\/wp-json\/wp\/v2\/tags?post=273057"}],"curies":[{"name":"wp","href":"https:\/\/api.w.org\/{rel}","templated":true}]}}