{"id":273087,"date":"2019-01-09T17:08:45","date_gmt":"2019-01-09T14:08:45","guid":{"rendered":"https:\/\/www.nationalturk.com\/?p=273087"},"modified":"2019-01-09T17:08:45","modified_gmt":"2019-01-09T14:08:45","slug":"sinema-yasasi-tbmmdeki-komisyondan-gecti","status":"publish","type":"post","link":"https:\/\/www.nationalturk.com\/tr\/sinema-yasasi-tbmmdeki-komisyondan-gecti\/","title":{"rendered":"Sinema yasas\u0131 TBMM&#8217;deki komisyondan ge\u00e7ti!"},"content":{"rendered":"<h2>Sinema Filmlerinin De\u011ferlendirilmesi ve S\u0131n\u0131fland\u0131r\u0131lmas\u0131 ile Desteklenmesi Hakk\u0131nda Kanunda De\u011fi\u015fiklik Yap\u0131lmas\u0131na Dair Kanun Teklifi, TBMM Milli E\u011fitim, K\u00fclt\u00fcr, Gen\u00e7lik ve Spor Komisyonu&#8217;nda kabul edildi.<\/h2>\n<p>Sinema Filmlerinin De\u011ferlendirilmesi ve S\u0131n\u0131fland\u0131r\u0131lmas\u0131 ile Desteklenmesi Hakk\u0131nda Kanunda De\u011fi\u015fiklik Yap\u0131lmas\u0131na Dair Kanun Teklifi, TBMM Milli E\u011fitim, K\u00fclt\u00fcr, Gen\u00e7lik ve Spor Komisyonu&#8217;nda kabul edildi. Sinema sekt\u00f6r\u00fcnde yap\u0131mc\u0131lar ile salon i\u015fletmecileri aras\u0131ndaki bir s\u00fcredir devam eden promosyon krizine \u00e7are olaca\u011f\u0131 ifade edilen 8. maddesi komisyondan aynen ge\u00e7ti.<\/p>\n<p>Komisyona Belgesel Sinemac\u0131lar Birli\u011fi, Sinema Yap\u0131m Birli\u011fi, Yap\u0131mc\u0131lar Meslek Birli\u011fi, S\u0130NEB\u0130R, Senaristler Birli\u011fi, Sinema Oyuncular\u0131 Meslek Birli\u011fi, T\u00fcrkiye Sinema Eseri Sahipleri Meslek Birli\u011fi\u2019nin de aralar\u0131nda oldu\u011fu sivil toplum \u00f6rg\u00fctleri de kat\u0131ld\u0131.<\/p>\n<!-- Error, Advert is not available at this time due to schedule\/geolocation restrictions! -->\n","protected":false},"excerpt":{"rendered":"<p>Sinema Filmlerinin De\u011ferlendirilmesi ve S\u0131n\u0131fland\u0131r\u0131lmas\u0131 ile Desteklenmesi Hakk\u0131nda Kanunda De\u011fi\u015fiklik Yap\u0131lmas\u0131na Dair Kanun Teklifi, TBMM Milli E\u011fitim, K\u00fclt\u00fcr, Gen\u00e7lik ve Spor Komisyonu&#8217;nda kabul edildi. Sinema Filmlerinin De\u011ferlendirilmesi ve S\u0131n\u0131fland\u0131r\u0131lmas\u0131 ile Desteklenmesi Hakk\u0131nda Kanunda De\u011fi\u015fiklik Yap\u0131lmas\u0131na Dair Kanun Teklifi, TBMM Milli E\u011fitim, K\u00fclt\u00fcr, Gen\u00e7lik ve Spor Komisyonu&#8217;nda kabul edildi. Sinema sekt\u00f6r\u00fcnde yap\u0131mc\u0131lar ile salon i\u015fletmecileri aras\u0131ndaki &hellip;<\/p>\n","protected":false},"author":9192198,"featured_media":273088,"comment_status":"open","ping_status":"open","sticky":false,"template":"","format":"standard","meta":{"_acf_changed":false,"footnotes":""},"categories":[6155,5005,6202,6672,349,6805],"tags":[195940,219404,181925,215099],"class_list":["post-273087","post","type-post","status-publish","format-standard","has-post-thumbnail","hentry","category-gundem","category-manset","category-politika","category-sinema","category-son-dakika","category-turkiye","tag-kultur","tag-sinema-yapim-birligi","tag-tbmm-komisyonu","tag-tbmm-milli-egitim"],"acf":[],"_links":{"self":[{"href":"https:\/\/www.nationalturk.com\/tr\/wp-json\/wp\/v2\/posts\/273087","targetHints":{"allow":["GET"]}}],"collection":[{"href":"https:\/\/www.nationalturk.com\/tr\/wp-json\/wp\/v2\/posts"}],"about":[{"href":"https:\/\/www.nationalturk.com\/tr\/wp-json\/wp\/v2\/types\/post"}],"author":[{"embeddable":true,"href":"https:\/\/www.nationalturk.com\/tr\/wp-json\/wp\/v2\/users\/9192198"}],"replies":[{"embeddable":true,"href":"https:\/\/www.nationalturk.com\/tr\/wp-json\/wp\/v2\/comments?post=273087"}],"version-history":[{"count":0,"href":"https:\/\/www.nationalturk.com\/tr\/wp-json\/wp\/v2\/posts\/273087\/revisions"}],"wp:featuredmedia":[{"embeddable":true,"href":"https:\/\/www.nationalturk.com\/tr\/wp-json\/wp\/v2\/media\/273088"}],"wp:attachment":[{"href":"https:\/\/www.nationalturk.com\/tr\/wp-json\/wp\/v2\/media?parent=273087"}],"wp:term":[{"taxonomy":"category","embeddable":true,"href":"https:\/\/www.nationalturk.com\/tr\/wp-json\/wp\/v2\/categories?post=273087"},{"taxonomy":"post_tag","embeddable":true,"href":"https:\/\/www.nationalturk.com\/tr\/wp-json\/wp\/v2\/tags?post=273087"}],"curies":[{"name":"wp","href":"https:\/\/api.w.org\/{rel}","templated":true}]}}