{"id":27327,"date":"2010-06-09T13:56:37","date_gmt":"2010-06-09T11:56:37","guid":{"rendered":"http:\/\/www.nationalturk.com\/?p=27327"},"modified":"2010-06-09T13:56:37","modified_gmt":"2010-06-09T11:56:37","slug":"van-ercis-tecavuz-olayi-2387499","status":"publish","type":"post","link":"https:\/\/www.nationalturk.com\/tr\/van-ercis-tecavuz-olayi-2387499\/","title":{"rendered":"Van Erci\u015f&#8217;te tecav\u00fcz skandal\u0131!"},"content":{"rendered":"<p><strong><img loading=\"lazy\" decoding=\"async\" class=\"alignleft size-medium wp-image-27328\" src=\"http:\/\/www.nationalturk.com\/tr\/wp-content\/uploads\/2010\/06\/tecavuzzzzz-280x196.jpg\" alt=\"\" width=\"280\" height=\"196\" title=\"\" srcset=\"https:\/\/www.nationalturk.com\/tr\/wp-content\/uploads\/2010\/06\/tecavuzzzzz-280x196.jpg 280w, https:\/\/www.nationalturk.com\/tr\/wp-content\/uploads\/2010\/06\/tecavuzzzzz.jpg 300w\" sizes=\"auto, (max-width: 280px) 100vw, 280px\" \/>Van&#8217;\u0131n Erci\u015f \u0130l\u00e7esi&#8217;nde aralar\u0131nda zab\u0131ta ve g\u00fcvenlik g\u00f6revlilerinin de oldu\u011fu 14 ki\u015fi, 15 ya\u015f\u0131ndaki k\u0131z \u00f6\u011frenciye tecav\u00fcz ettikleri gerek\u00e7esiyle g\u00f6zalt\u0131na al\u0131nd\u0131, zab\u0131ta tutuklan\u0131rken di\u011fer \u015f\u00fcpheliler serbest b\u0131rak\u0131ld\u0131.<\/strong><\/p>\n<p>Erci\u015f&#8217;te yolda bulunan bir \u2018flash disk\u2019teki g\u00f6r\u00fcnt\u00fclerin emniyet yetkililerine verilmesi \u00fczerine bir belediye zab\u0131tas\u0131n\u0131n, 15 ya\u015f\u0131ndaki k\u0131z \u00f6\u011frencinin zorla \u00e7ekti\u011fi \u00e7\u0131plak g\u00f6r\u00fcnt\u00fclerini \u015fantaj malzemesi olarak kullanarak tecav\u00fcz etti\u011fi ve fuhu\u015fa s\u00fcr\u00fckledi\u011fi a\u00e7\u0131\u011fa \u00e7\u0131kt\u0131. Olaya savc\u0131l\u0131k el koyup gizlilik karar\u0131 al\u0131rken, BDP\u2019li Fatma Kurtulan konuyu Meclis\u2019e ta\u015f\u0131d\u0131.<\/p>\n<p>Radikal Gazetesi&#8217;nden R\u0131fat Ba\u015faran&#8217;\u0131n haberine g\u00f6re BDP\u2019li Kurtulan, Erci\u015f\u2019teki tecav\u00fcz olay\u0131yla ilgili Meclis ara\u015ft\u0131rmas\u0131 istedi. Kurtulan\u2019\u0131n Meclis Ba\u015fkanl\u0131\u011f\u0131\u2019na sundu\u011fu \u00f6nergenin gerek\u00e7esine g\u00f6re; belediye zab\u0131tas\u0131 lisede okuyan 15 ya\u015f\u0131ndaki bir k\u0131z\u0131n zorla \u00e7\u0131plak g\u00f6r\u00fcnt\u00fclerini \u00e7ekerek \u015fantaj yapt\u0131 ve tecav\u00fcz etti. K\u0131z \u00f6\u011frenci, ard\u0131ndan aralar\u0131nda g\u00fcvenlik g\u00f6revlilerinin de bulundu\u011fu 14 ki\u015finin daha cinsel istismar\u0131na maruz kald\u0131.<\/p>\n<p>Olay, bir vatanda\u015f\u0131n zab\u0131tan\u0131n kaybetti\u011fi g\u00f6r\u00fcnt\u00fclerin kay\u0131tl\u0131 oldu\u011fu \u2018flash diski\u2019 bularak polise teslim etmesiyle ortaya \u00e7\u0131kt\u0131. Zab\u0131ta tutuklan\u0131rken, di\u011fer zanl\u0131lar serbest b\u0131rak\u0131ld\u0131. Ailesinden al\u0131nan ma\u011fdur \u00e7ocuk, Van Valili\u011fi taraf\u0131ndan \u00e7ocuk yeti\u015ftirme kurumuna verildi.<\/p>\n<p>Meclis\u2019e verilen \u00f6nergenin gerek\u00e7esinde zab\u0131tan\u0131n ma\u011fdurenin e\u011fitim g\u00f6rd\u00fc\u011f\u00fc okulda folklor dersleri verdi\u011fi belirtilerek, \u201cKimi \u00f6\u011frenciler, zab\u0131tan\u0131n okuldan ba\u015fka k\u0131zlar\u0131 arabas\u0131na al\u0131p gitti\u011fini g\u00f6rd\u00fcklerini anlatm\u0131\u015flard\u0131r. Bu durumdan okul idaresinin de haberinin oldu\u011funa dair iddialar var\u201d denildi.<\/p>\n<p>\u201cYak\u0131n zamanda, \u00e7ocuklar\u0131n cinsel zorla istismara maruz kald\u0131\u011f\u0131 olaylar ya\u015fanm\u0131\u015ft\u0131r. Cinsel istismar iddialar\u0131 b\u00fct\u00fcn boyutlar\u0131yla incelenmemekte, savc\u0131l\u0131k soru\u015fturmay\u0131 derinle\u015ftirmemekte, olaylar\u0131n vard\u0131\u011f\u0131 boyutlar kamuoyundan gizlenmekte ve davalar aylarca ciddi bir ara\u015ft\u0131rma yap\u0131lmadan devam etmektedir. Tecav\u00fcz su\u00e7u ile sorgulananlar ellerini kollar\u0131n\u0131 sallayarak dola\u015f\u0131rken, soru\u015fturmalar bir t\u00fcrl\u00fc sonlanmamaktad\u0131r.\u201d<\/p>\n<span style=\"font-weight: bold; color: #f00;\">Error, group does not exist! Check your syntax! (ID: 66)<\/span>\n","protected":false},"excerpt":{"rendered":"<p>Van&#8217;\u0131n Erci\u015f \u0130l\u00e7esi&#8217;nde aralar\u0131nda zab\u0131ta ve g\u00fcvenlik g\u00f6revlilerinin de oldu\u011fu 14 ki\u015fi, 15 ya\u015f\u0131ndaki k\u0131z \u00f6\u011frenciye tecav\u00fcz ettikleri gerek\u00e7esiyle g\u00f6zalt\u0131na al\u0131nd\u0131, zab\u0131ta tutuklan\u0131rken di\u011fer \u015f\u00fcpheliler serbest b\u0131rak\u0131ld\u0131.<\/p>\n","protected":false},"author":4,"featured_media":191468,"comment_status":"open","ping_status":"open","sticky":false,"template":"","format":"standard","meta":{"_acf_changed":false,"footnotes":""},"categories":[6805,6662],"tags":[29820,29817,15006,8275,29821,29818,29819,29816],"class_list":["post-27327","post","type-post","status-publish","format-standard","has-post-thumbnail","hentry","category-turkiye","category-yasam","tag-ercis-tecavuz","tag-ercis-tecavuz-olayi","tag-fatma-kurtulan","tag-tecavuz","tag-van-ercis","tag-van-ercis-tecavuz-olayi","tag-van-tecavuz","tag-van-tecavuz-olayi"],"acf":[],"_links":{"self":[{"href":"https:\/\/www.nationalturk.com\/tr\/wp-json\/wp\/v2\/posts\/27327","targetHints":{"allow":["GET"]}}],"collection":[{"href":"https:\/\/www.nationalturk.com\/tr\/wp-json\/wp\/v2\/posts"}],"about":[{"href":"https:\/\/www.nationalturk.com\/tr\/wp-json\/wp\/v2\/types\/post"}],"author":[{"embeddable":true,"href":"https:\/\/www.nationalturk.com\/tr\/wp-json\/wp\/v2\/users\/4"}],"replies":[{"embeddable":true,"href":"https:\/\/www.nationalturk.com\/tr\/wp-json\/wp\/v2\/comments?post=27327"}],"version-history":[{"count":0,"href":"https:\/\/www.nationalturk.com\/tr\/wp-json\/wp\/v2\/posts\/27327\/revisions"}],"wp:featuredmedia":[{"embeddable":true,"href":"https:\/\/www.nationalturk.com\/tr\/wp-json\/wp\/v2\/media\/191468"}],"wp:attachment":[{"href":"https:\/\/www.nationalturk.com\/tr\/wp-json\/wp\/v2\/media?parent=27327"}],"wp:term":[{"taxonomy":"category","embeddable":true,"href":"https:\/\/www.nationalturk.com\/tr\/wp-json\/wp\/v2\/categories?post=27327"},{"taxonomy":"post_tag","embeddable":true,"href":"https:\/\/www.nationalturk.com\/tr\/wp-json\/wp\/v2\/tags?post=27327"}],"curies":[{"name":"wp","href":"https:\/\/api.w.org\/{rel}","templated":true}]}}