{"id":27331,"date":"2010-06-09T14:09:44","date_gmt":"2010-06-09T12:09:44","guid":{"rendered":"http:\/\/www.nationalturk.com\/?p=27331"},"modified":"2010-06-09T14:09:44","modified_gmt":"2010-06-09T12:09:44","slug":"hamas-nedir-9834791","status":"publish","type":"post","link":"https:\/\/www.nationalturk.com\/tr\/hamas-nedir-9834791\/","title":{"rendered":"Hamas nedir, ne de\u011fildir?"},"content":{"rendered":"<p><strong><img loading=\"lazy\" decoding=\"async\" class=\"alignnone size-full wp-image-27332\" title=\"Hamas\" src=\"http:\/\/www.nationalturk.com\/tr\/wp-content\/uploads\/2010\/06\/hamass.jpg\" alt=\"\" width=\"482\" height=\"331\" srcset=\"https:\/\/www.nationalturk.com\/tr\/wp-content\/uploads\/2010\/06\/hamass.jpg 482w, https:\/\/www.nationalturk.com\/tr\/wp-content\/uploads\/2010\/06\/hamass-280x192.jpg 280w\" sizes=\"auto, (max-width: 482px) 100vw, 482px\" \/><\/strong><\/p>\n<p><strong>Ba\u015fbakan Erdo\u011fan\u2019\u0131n, Hamas\u2019\u0131 bir ter\u00f6r \u00f6rg\u00fct\u00fc de\u011fil, bir direni\u015f \u00f6rg\u00fct\u00fc olarak g\u00f6rd\u00fc\u011f\u00fcn\u00fc belirtip Hamas\u2019\u0131n se\u00e7imle i\u015fba\u015f\u0131na geldi\u011fini, ancak siyaset yapmas\u0131na imk\u00e2n tan\u0131nmad\u0131\u011f\u0131n\u0131 s\u00f6ylemesi, \u2018Hamas nedir, ne de\u011fildir\u2019 sorusunu g\u00fcndeme getirdi.<\/strong><\/p>\n<p>B\u0131rak\u0131n ter\u00f6r\u00fc direni\u015fi bir yana Hamas\u2019\u0131, belli bir siyasi hedef i\u00e7in m\u00fccadele y\u00fcr\u00fcten silahl\u0131 \u00f6rg\u00fctlerden ay\u0131ran baz\u0131 \u00f6zellikler var. Bir ba\u015fka deyi\u015fle, Hamas tipik bir silahl\u0131 \u00f6rg\u00fct de\u011fil.<\/p>\n<p>Bir kere ayn\u0131 zamanda siyasi parti Hamas. \u00dcstelik Haziran 2006\u2019da Gazze \u015eeridi\u2019nde halk\u0131n yar\u0131ya yak\u0131n\u0131n\u0131n oyunu alarak iktidara gelmi\u015f bir siyasi parti. Hem de h\u00fcr ve adil oldu\u011fu tescilli bir se\u00e7imle. Dolay\u0131s\u0131yla siyasi me\u015fruiyeti tart\u0131\u015fmas\u0131z, temsil kabiliyeti de bir\u00e7ok demokratik \u00fclkede hayal bile edilemeyecek kadar y\u00fcksek.<\/p>\n<p>Ayr\u0131ca bir \u2018kurum\u2019 Hamas. Kurup i\u015fletti\u011fi yetimhaneler, hastaneler, okullar, a\u015fevleri, bak\u0131m merkezleri, spor kul\u00fcpleri var Filistin topraklar\u0131nda. Sa\u011flam bir toplumsal a\u011f kurmu\u015f durumda. Zaten bir \u00f6rg\u00fctten, bir siyasi partiye evrilmesinde bu \u2018kurumla\u015fma\u2019n\u0131n pay\u0131 b\u00fcy\u00fck.<\/p>\n<p>Ve nihayet ayn\u0131 zamanda bir simge Hamas; Filistin direni\u015finin simgesi. Ya da \u0130srailli yazar Amos Oz\u2019un deyi\u015fiyle bir \u2018fikir.\u2019 Hamas\u2019\u0131n kurulu\u015f nedeni Filistin\u2019deki \u0130srail i\u015fgali. Kurulma tarihi de 1987, yani i\u015fgale kar\u015f\u0131 ayaklanman\u0131n (\u0130ntifada) ba\u015flad\u0131\u011f\u0131 y\u0131l.<\/p>\n<p>Hamas, en az\u0131ndan bu \u00fc\u00e7 \u00f6zelli\u011fiyle, hedefi belli bir ajanda ya da ideolojiyle s\u0131n\u0131rl\u0131 ve yaln\u0131zca silahl\u0131 m\u00fccadele y\u00fcr\u00fcten \u00f6rg\u00fctlerden ayr\u0131l\u0131yor.<\/p>\n<p>\u00d6te yandan, d\u00fcnk\u00fc yaz\u0131da belirtti\u011fim gibi, k\u0131stas, \u2018sivil \u00f6ld\u00fcrmek\u2019 ise Hamas\u2019\u0131n ayn\u0131 zamanda ter\u00f6rist bir \u00f6rg\u00fct oldu\u011fu da ortada. Bu eylemleri \u0130zzettin el Kas\u0131m Tugaylar\u0131 olarak bilinen silahl\u0131 kanad\u0131nca ger\u00e7ekle\u015ftiriyor Hamas. Rakamlar net de\u011fil ama 1993\u2019ten bug\u00fcne kadar Hamas\u2019\u0131n ba\u015fta intihar sald\u0131r\u0131s\u0131 y\u00f6ntemiyle olmak \u00fczere \u00f6ld\u00fcrd\u00fc\u011f\u00fc \u0130srailli sivil say\u0131s\u0131 500 olarak tahmin ediliyor. Ak\u0131lda kalan sald\u0131r\u0131lardan baz\u0131lar\u0131 \u015funlar: Haziran 2001\u2019de Tel Aviv\u2019de bir diskotekte, 21 \u00f6l\u00fc; A\u011fustos 2001\u2019de Kud\u00fcs\u2019te bir pizzac\u0131da, 15 \u00f6l\u00fc; Mart 2002\u2019de Netanya\u2019da bir otelde, 28 \u00f6l\u00fc; Haziran 2002\u2019de Kud\u00fcs\u2019te bir otob\u00fcste, 19 \u00f6l\u00fc.<\/p>\n<p>Bu sicil, yukar\u0131da de\u011findi\u011fim \u2018ay\u0131rt edici\u2019 \u00f6zelliklerine bak\u0131p g\u00f6rmezden gelinemez, yok say\u0131lamaz ama Hamas\u2019\u0131 yaln\u0131z ve yaln\u0131z bir ter\u00f6rist \u00f6rg\u00fcte idirmeye de yetmez. Dahas\u0131, ter\u00f6rist sicili, Hamas\u2019\u0131n bug\u00fcn Ortado\u011fu sorununun taraflar\u0131ndan biri oldu\u011fu, \u00f6yle ya da b\u00f6yle bir bi\u00e7imde \u2018muhatap\u2019 al\u0131nmas\u0131 gerekti\u011fi ger\u00e7e\u011fini de de\u011fi\u015ftirmiyor.<\/p>\n<p>\u0130srail, bu ger\u00e7ekle y\u00fczle\u015fmeyi erteledik\u00e7e, hatta bu ger\u00e7e\u011fi ortadan kald\u0131rmakta direttik\u00e7e, kendi manevra alan\u0131n\u0131 da daralt\u0131yor ve giderek Ortado\u011fu\u2019da sorunun kendisi haline geliyor. Gazze\u2019ye uygulanan ablukan\u0131n bir amac\u0131 Hamas\u2019\u0131n askeri g\u00fcc\u00fcn\u00fc k\u0131rmaksa bir amac\u0131 da siyaseten alt\u0131n\u0131 oymak. \u0130srail\u2019in ilk amac\u0131na ula\u015ft\u0131\u011f\u0131 s\u00f6ylenebilir ama ikinci amac\u0131na yakla\u015ft\u0131\u011f\u0131na ili\u015fkin bir veri yok elimizde.<\/p>\n<p>\u0130srail taraf\u0131ndan \u2018\u00f6n\u00fcn\u00fcn a\u00e7\u0131lmas\u0131\u2019 durumunda, ter\u00f6rist siciline ra\u011fmen Hamas\u2019\u0131n Ortado\u011fu\u2019da \u2018\u00e7\u00f6z\u00fcm\u00fcn bir par\u00e7as\u0131\u2019 olabilmek i\u00e7in gerekli de\u011fi\u015fimi ger\u00e7ekle\u015ftirip ger\u00e7ekle\u015ftiremeyece\u011fi de soru i\u015fareti.<\/p>\n<p>Hamas liderli\u011finin, 1967 \u00f6ncesi s\u0131n\u0131rlarda ve ba\u015fkenti Kud\u00fcs olacak bir Filistin devletini, m\u00fcltecilere d\u00f6n\u00fc\u015f hakk\u0131n\u0131 tan\u0131nmas\u0131 ko\u015fuluyla kabul edebileceklerine ili\u015fkin deme\u00e7leri kay\u0131tlarda duruyor. Ancak, Hamas, \u0130srail\u2019in varl\u0131\u011f\u0131n\u0131 tan\u0131mamakta diretiyor. Ayr\u0131ca, ter\u00f6r\u00fc d\u0131\u015flamayan, Filistin Y\u00f6netimi\u2019nce var\u0131lan anla\u015fmalar\u0131 yok sayan bir s\u00f6ylemin a\u011f\u0131r bast\u0131\u011f\u0131n\u0131 g\u00f6r\u00fcyoruz.<\/p>\n<p>Dahas\u0131 \u2018anayasa\u2019s\u0131nda yaz\u0131lanlara bak\u0131lacak olursa hi\u00e7bir uluslararas\u0131 bar\u0131\u015f giri\u015fimini kabul etmemeye yeminli, Filistin sorununun tek \u00e7\u00f6z\u00fcm\u00fcn\u00fc \u2018cihad\u2019da g\u00f6ren, \u0130srail\u2019i yok etmeyi hedef bellemi\u015f, yerine her milimetrekaresinde Allah\u2019\u0131n bayra\u011f\u0131n\u0131n dalgalanaca\u011f\u0131 bir \u0130slam devleti kurmay\u0131 ama\u00e7layan bir \u00f6rg\u00fctten s\u00f6z ediyoruz.<\/p>\n<p>Dolay\u0131s\u0131yla Hamas\u2019\u0131n da \u2018\u00e7\u00f6z\u00fcm\u00fcn bir par\u00e7as\u0131\u2019 olmak i\u00e7in duru\u015funu netle\u015ftirmesi gerekti\u011fi ortada. Tabii \u00f6yle bir niyeti varsa.<\/p>\n<p>AK Parti h\u00fck\u00fcmetininin son d\u00f6nemde izledi\u011fi Filistin politikas\u0131n\u0131n, T\u00fcrkiye\u2019yi bu niyetin olu\u015fup peki\u015fmesinde etkili bir konuma getirdi\u011fi bir ger\u00e7ek. Buna kar\u015f\u0131l\u0131k \u0130srail\u2019in Hamas politikas\u0131n\u0131n, abluka, i\u015fgal derken bir de son bask\u0131n\u0131n, bu konumu zora soktu\u011funa ku\u015fku yok.<\/p>\n<p><strong>ERDAL G\u00dcVEN \/ RAD\u0130KAL<\/strong><\/p>\n<p><strong><span style=\"font-weight: bold; color: #f00;\">Error, group does not exist! Check your syntax! (ID: 51)<\/span><\/strong><\/p>\n<p><strong><span style=\"font-weight: bold; color: #f00;\">Error, group does not exist! Check your syntax! (ID: 53)<\/span><\/strong><\/p>\n","protected":false},"excerpt":{"rendered":"<p>Ba\u015fbakan Erdo\u011fan\u2019\u0131n, Hamas\u2019\u0131 bir ter\u00f6r \u00f6rg\u00fct\u00fc de\u011fil, bir direni\u015f \u00f6rg\u00fct\u00fc olarak g\u00f6rd\u00fc\u011f\u00fcn\u00fc belirtip Hamas\u2019\u0131n se\u00e7imle i\u015fba\u015f\u0131na geldi\u011fini, ancak siyaset yapmas\u0131na imk\u00e2n tan\u0131nmad\u0131\u011f\u0131n\u0131 s\u00f6ylemesi, \u2018Hamas nedir, ne de\u011fildir\u2019 sorusunu g\u00fcndeme getirdi.<\/p>\n","protected":false},"author":4,"featured_media":27332,"comment_status":"open","ping_status":"open","sticky":false,"template":"","format":"standard","meta":{"_acf_changed":false,"footnotes":""},"categories":[6665,6155,6772,6202],"tags":[16114,29826,7362,29822,6963,6964,29823,29824,29825,1555],"class_list":["post-27331","post","type-post","status-publish","format-standard","has-post-thumbnail","hentry","category-dunya","category-gundem","category-ortadogu","category-politika","tag-erdal-guven","tag-erdal-guven-hamas-yazisi","tag-filistin","tag-filistin-hamas","tag-gazze","tag-hamas","tag-hamas-nedir","tag-hamas-teror-orgutu-mu","tag-islami-direnis-hareketi","tag-israil"],"acf":[],"_links":{"self":[{"href":"https:\/\/www.nationalturk.com\/tr\/wp-json\/wp\/v2\/posts\/27331","targetHints":{"allow":["GET"]}}],"collection":[{"href":"https:\/\/www.nationalturk.com\/tr\/wp-json\/wp\/v2\/posts"}],"about":[{"href":"https:\/\/www.nationalturk.com\/tr\/wp-json\/wp\/v2\/types\/post"}],"author":[{"embeddable":true,"href":"https:\/\/www.nationalturk.com\/tr\/wp-json\/wp\/v2\/users\/4"}],"replies":[{"embeddable":true,"href":"https:\/\/www.nationalturk.com\/tr\/wp-json\/wp\/v2\/comments?post=27331"}],"version-history":[{"count":0,"href":"https:\/\/www.nationalturk.com\/tr\/wp-json\/wp\/v2\/posts\/27331\/revisions"}],"wp:featuredmedia":[{"embeddable":true,"href":"https:\/\/www.nationalturk.com\/tr\/wp-json\/wp\/v2\/media\/27332"}],"wp:attachment":[{"href":"https:\/\/www.nationalturk.com\/tr\/wp-json\/wp\/v2\/media?parent=27331"}],"wp:term":[{"taxonomy":"category","embeddable":true,"href":"https:\/\/www.nationalturk.com\/tr\/wp-json\/wp\/v2\/categories?post=27331"},{"taxonomy":"post_tag","embeddable":true,"href":"https:\/\/www.nationalturk.com\/tr\/wp-json\/wp\/v2\/tags?post=27331"}],"curies":[{"name":"wp","href":"https:\/\/api.w.org\/{rel}","templated":true}]}}