{"id":273427,"date":"2019-01-18T14:54:25","date_gmt":"2019-01-18T11:54:25","guid":{"rendered":"https:\/\/www.nationalturk.com\/?p=273427"},"modified":"2019-01-18T14:54:25","modified_gmt":"2019-01-18T11:54:25","slug":"atinadaki-cami-icin-yeni-tarih","status":"publish","type":"post","link":"https:\/\/www.nationalturk.com\/tr\/atinadaki-cami-icin-yeni-tarih\/","title":{"rendered":"Atina&#8217;daki cami i\u00e7in yeni tarih"},"content":{"rendered":"<h2>Yunanistan E\u011fitim ve Din \u0130\u015fleri Bakan\u0131 Kostas Gavroglu, Atina&#8217;daki caminin daha \u00f6nce 5 kez tarih verilen resmi a\u00e7\u0131l\u0131\u015f\u0131n\u0131n bu y\u0131l\u0131n mart ay\u0131nda yap\u0131laca\u011f\u0131n\u0131 duyurdu.<\/h2>\n<p>Gavroglu, Meclis&#8217;te yapt\u0131\u011f\u0131 konu\u015fmada, ibadete a\u00e7\u0131k cami bulunmayan ba\u015fkent Atina&#8217;da a\u00e7\u0131l\u0131\u015f\u0131 uzun s\u00fcredir ertelenen cami hakk\u0131nda bilgi verdi.<\/p>\n<p>Binan\u0131n yap\u0131m\u0131n\u0131n tamamland\u0131\u011f\u0131n\u0131 ifade eden Gavroglu, &#8220;Caminin a\u00e7\u0131l\u0131\u015f\u0131 mart ay\u0131 i\u00e7inde ger\u00e7ekle\u015fecek.&#8221; dedi.<\/p>\n<p>Gavroglu ayr\u0131ca, caminin giderleri i\u00e7in ayr\u0131lacak kayna\u011fa ili\u015fkin partiler aras\u0131nda uzla\u015fma sa\u011fland\u0131\u011f\u0131n\u0131 ifade etti.<\/p>\n<p>5 kez tarih verildi<br \/>\nEdinilen bilgiye g\u00f6re caminin, bina ve abdesthane in\u015faat\u0131 tamamland\u0131 ancak \u00e7evre d\u00fczenlemesi b\u00fcrokratik nedenlerden dolay\u0131 gecikti.<\/p>\n<p>2017&#8217;nin ilk aylar\u0131nda bitirilece\u011fi duyurulan caminin a\u00e7\u0131l\u0131\u015f\u0131 i\u00e7in 5 kez tarih verilmi\u015f ancak bir t\u00fcrl\u00fc a\u00e7\u0131lamam\u0131\u015ft\u0131.<\/p>\n<p>Votanikos semtinde Deniz Kuvvetleri Komutanl\u0131\u011f\u0131na ait at\u0131l bir yerle\u015fkede devam eden in\u015faat, A\u011fustos 2016&#8217;da meclis taraf\u0131ndan al\u0131nan karar\u0131n ard\u0131ndan 4&#8217;l\u00fc konsorsiyum taraf\u0131ndan \u00fcstlenilmi\u015fti.<\/p>\n<p>Yakla\u015f\u0131k 850 metrekare b\u00fcy\u00fckl\u00fc\u011f\u00fcnde, 350 ki\u015fi kapasiteli caminin minaresi bulunmayacak. Plana g\u00f6re, camide \u00e7ocuk park\u0131 ve \u015fad\u0131rvan da yer alacak. Cami i\u00e7in 887 bin avro b\u00fct\u00e7e ayr\u0131ld\u0131.<\/p>\n<p>Caminin yap\u0131m\u0131na, al\u0131nan kararlara ra\u011fmen b\u00fcrokratik s\u00fcre\u00e7lerin uzamas\u0131, hukuki engellemeler ve a\u015f\u0131r\u0131 sa\u011fc\u0131 kesimin tepkileri nedeniyle ba\u015flanamam\u0131\u015ft\u0131. Mevcut plana g\u00f6re, cami yap\u0131m\u0131 i\u00e7in karar, ilk olarak 2006&#8217;da al\u0131nm\u0131\u015ft\u0131.<\/p>\n<p>\u0130n\u015faat\u0131n tamamlanmas\u0131n\u0131n ard\u0131ndan cami y\u00f6netimi, e\u011fitim ve maliye bakanl\u0131klar\u0131ndan 2 devlet g\u00f6revlisi, 2 belediye \u00e7al\u0131\u015fan\u0131, bir y\u00fcksek mahkeme hakiminin yan\u0131 s\u0131ra M\u00fcsl\u00fcman cemaatlerden 2 temsilcinin bulundu\u011fu 7 \u00fcyeli bir kurula devredilecek.<\/p>\n<p>E\u011fitim ve Din \u0130\u015fleri Bakanl\u0131\u011f\u0131 ayr\u0131ca, caminin imam\u0131 i\u00e7in i\u015f ilan\u0131 vererek adaylara ba\u015fvuru \u00e7a\u011fr\u0131s\u0131nda bulunmu\u015ftu.<\/p>\n<p>Yakla\u015f\u0131k 200 bin M\u00fcsl\u00fcman\u0131n ya\u015fad\u0131\u011f\u0131 tahmin edilen ba\u015fkentte M\u00fcsl\u00fcmanlar, ibadetlerini genellikle kendi imkanlar\u0131yla olu\u015fturduklar\u0131 mescitlerde yap\u0131yor.<\/p>\n<!-- Error, Advert is not available at this time due to schedule\/geolocation restrictions! -->\n","protected":false},"excerpt":{"rendered":"<p>Yunanistan E\u011fitim ve Din \u0130\u015fleri Bakan\u0131 Kostas Gavroglu, Atina&#8217;daki caminin daha \u00f6nce 5 kez tarih verilen resmi a\u00e7\u0131l\u0131\u015f\u0131n\u0131n bu y\u0131l\u0131n mart ay\u0131nda yap\u0131laca\u011f\u0131n\u0131 duyurdu. Gavroglu, Meclis&#8217;te yapt\u0131\u011f\u0131 konu\u015fmada, ibadete a\u00e7\u0131k cami bulunmayan ba\u015fkent Atina&#8217;da a\u00e7\u0131l\u0131\u015f\u0131 uzun s\u00fcredir ertelenen cami hakk\u0131nda bilgi verdi. Binan\u0131n yap\u0131m\u0131n\u0131n tamamland\u0131\u011f\u0131n\u0131 ifade eden Gavroglu, &#8220;Caminin a\u00e7\u0131l\u0131\u015f\u0131 mart ay\u0131 i\u00e7inde ger\u00e7ekle\u015fecek.&#8221; dedi. &hellip;<\/p>\n","protected":false},"author":4,"featured_media":273428,"comment_status":"open","ping_status":"open","sticky":false,"template":"","format":"standard","meta":{"_acf_changed":false,"footnotes":""},"categories":[6770,6155,5005,349],"tags":[2239,1202],"class_list":["post-273427","post","type-post","status-publish","format-standard","has-post-thumbnail","hentry","category-avrupa","category-gundem","category-manset","category-son-dakika","tag-atina","tag-yunanistan"],"acf":[],"_links":{"self":[{"href":"https:\/\/www.nationalturk.com\/tr\/wp-json\/wp\/v2\/posts\/273427","targetHints":{"allow":["GET"]}}],"collection":[{"href":"https:\/\/www.nationalturk.com\/tr\/wp-json\/wp\/v2\/posts"}],"about":[{"href":"https:\/\/www.nationalturk.com\/tr\/wp-json\/wp\/v2\/types\/post"}],"author":[{"embeddable":true,"href":"https:\/\/www.nationalturk.com\/tr\/wp-json\/wp\/v2\/users\/4"}],"replies":[{"embeddable":true,"href":"https:\/\/www.nationalturk.com\/tr\/wp-json\/wp\/v2\/comments?post=273427"}],"version-history":[{"count":0,"href":"https:\/\/www.nationalturk.com\/tr\/wp-json\/wp\/v2\/posts\/273427\/revisions"}],"wp:featuredmedia":[{"embeddable":true,"href":"https:\/\/www.nationalturk.com\/tr\/wp-json\/wp\/v2\/media\/273428"}],"wp:attachment":[{"href":"https:\/\/www.nationalturk.com\/tr\/wp-json\/wp\/v2\/media?parent=273427"}],"wp:term":[{"taxonomy":"category","embeddable":true,"href":"https:\/\/www.nationalturk.com\/tr\/wp-json\/wp\/v2\/categories?post=273427"},{"taxonomy":"post_tag","embeddable":true,"href":"https:\/\/www.nationalturk.com\/tr\/wp-json\/wp\/v2\/tags?post=273427"}],"curies":[{"name":"wp","href":"https:\/\/api.w.org\/{rel}","templated":true}]}}