{"id":273430,"date":"2019-01-18T15:08:14","date_gmt":"2019-01-18T12:08:14","guid":{"rendered":"https:\/\/www.nationalturk.com\/?p=273430"},"modified":"2019-01-18T15:08:14","modified_gmt":"2019-01-18T12:08:14","slug":"sizin-huzurunuzda-fethullahci-diye-bulunmak-benim-icin-incitici-ve-rencide-edici","status":"publish","type":"post","link":"https:\/\/www.nationalturk.com\/tr\/sizin-huzurunuzda-fethullahci-diye-bulunmak-benim-icin-incitici-ve-rencide-edici\/","title":{"rendered":"&#8220;Sizin huzurunuzda Fethullah\u00e7\u0131 diye bulunmak benim i\u00e7in incitici ve rencide edici&#8221;"},"content":{"rendered":"<p>S\u00f6zc\u00fc gazetesinin yazarlar\u0131 Emin \u00c7\u00f6la\u015fan ve Necati Do\u011fru ile gazetenin genel yay\u0131n y\u00f6netmeni Metin Y\u0131lmaz&#8217;\u0131n da aralar\u0131nda bulundu\u011fu 5 san\u0131\u011f\u0131n, &#8220;FET\u00d6&#8217;ye \u00fcye olmamakla birlikte \u00f6rg\u00fcte bilerek yard\u0131m etme&#8221; su\u00e7undan 7,5 y\u0131ldan 15&#8217;er y\u0131la kadar hapis cezas\u0131 istemiyle yarg\u0131land\u0131\u011f\u0131 dava, san\u0131k savunmalar\u0131n\u0131n al\u0131nmas\u0131yla s\u00fcr\u00fcyor.<\/p>\n<p>\u0130stanbul 37. A\u011f\u0131r Ceza Mahkemesi&#8217;ndeki duru\u015fmaya, Ankara&#8217;dan Ses ve G\u00f6r\u00fcnt\u00fc Bili\u015fim Sistemi (SEGB\u0130S) ile ba\u011flanan san\u0131k Emin \u00c7\u00f6la\u015fan, FET\u00d6 ile hi\u00e7bir ilgisi ve ili\u015fkisi olmad\u0131\u011f\u0131n\u0131, destek vermeyi de akl\u0131n\u0131n ucundan bile ge\u00e7irmedi\u011fini s\u00f6yledi.<\/p>\n<p>\u00c7\u00f6la\u015fan, 42 y\u0131ll\u0131k meslek hayat\u0131nda Fetullah G\u00fclen ve cemaati hakk\u0131nda onlarca yaz\u0131 yazd\u0131\u011f\u0131n\u0131 belirterek, savunmas\u0131nda \u015funlar\u0131 anlatt\u0131:<\/p>\n<p>&#8220;Fetullah G\u00fclen ve cemaati beni mahkemeye verdi. Aln\u0131m\u0131n ak\u0131yla \u00e7\u0131kt\u0131m. \u0130ddianamede yer alan yaz\u0131lar\u0131mdan ilk ikisi i\u00e7in zaten savc\u0131l\u0131k makam\u0131 kovu\u015fturmaya yer olmad\u0131\u011f\u0131na dair karar vermi\u015fti. Sonra 3. yaz\u0131 eklenerek dava a\u00e7\u0131ld\u0131. Fadime Dan\u0131\u015fman isimli kad\u0131n hakk\u0131nda &#8216;Bir annenin dram\u0131&#8217; ba\u015fl\u0131\u011f\u0131 ile yazd\u0131\u011f\u0131m yaz\u0131dan dolay\u0131 dava a\u00e7\u0131l\u0131yor. Cezaevindeki kad\u0131n 2017&#8217;de bir faks g\u00f6nderiyor. Bir gecede 3 ve 6 ya\u015f\u0131ndaki iki \u00e7ocu\u011funun kendisinden al\u0131nd\u0131\u011f\u0131n\u0131, 8 ayl\u0131k bebe\u011fi ile cezaevine sokuldu\u011funu s\u00f6yl\u00fcyor. Burada &#8216;Bir Annenin Dram\u0131&#8217; yaz\u0131s\u0131nda benim ele\u015ftirdi\u011fim nedir? Kad\u0131n 3-6 ya\u015f\u0131ndaki \u00e7ocuklar\u0131ndan bir gecede ayr\u0131lm\u0131\u015f ve 8 ayl\u0131k bebe\u011fi ile cezaevine konuyor. Orada ele\u015ftirdi\u011fim bu&#8230; Sizin huzurunuzda bulunmak benim i\u00e7in incitici ve rencide edici bir durumdur. Bunu reddediyorum. FET\u00d6&#8217;c\u00fcl\u00fc\u011f\u00fc de cemaat\u00e7ili\u011fi de&#8230; Bug\u00fcne kadar yazd\u0131\u011f\u0131m binlerce yaz\u0131 i\u00e7inden c\u0131mb\u0131zla \u00e7ekilip iddianameye konulmu\u015f. Hi\u00e7birinde de FET\u00d6, cemaat yoktur.&#8221;<\/p>\n<p>Emin \u00c7\u00f6la\u015fan, savunmas\u0131n\u0131n ard\u0131ndan Mahkeme Ba\u015fkan\u0131&#8217;n\u0131n sorular\u0131n\u0131 cevaplad\u0131.<\/p>\n<p>\u00c7\u00f6la\u015fan&#8217;\u0131n daha \u00f6nceki yaz\u0131lar\u0131n\u0131 ve pazartesi g\u00fcnk\u00fc yaz\u0131s\u0131n\u0131 da okudu\u011funu belirten Mahkeme Ba\u015fkan\u0131&#8217;n\u0131n, &#8220;17-25 Aral\u0131k&#8217;ta FET\u00d6&#8217;n\u00fcn yarg\u0131 eli ile darbe giri\u015fimi var. Bu giri\u015fimden sonra 24 Aral\u0131k&#8217;ta &#8216;Bizim ba\u015faramad\u0131klar\u0131m\u0131z\u0131 cemaat ba\u015fard\u0131&#8217;, &#8216;\u015eimdi cemaati savunma zaman\u0131&#8217; ba\u015fl\u0131kl\u0131 yaz\u0131lar\u0131n\u0131z var. Ne ama\u00e7la yazd\u0131n\u0131z?&#8221; sorusuna \u00c7\u00f6la\u015fan, &#8220;\u0130ddianamede su\u00e7land\u0131\u011f\u0131m her iki yaz\u0131 da darbe te\u015febb\u00fcs\u00fcnden \u00e7ok \u00f6nce yaz\u0131ld\u0131. O zaman sizin bahsetti\u011finiz bu iki yaz\u0131 hakk\u0131nda soru\u015fturma yap\u0131lmam\u0131\u015f, dava a\u00e7\u0131lmam\u0131\u015f. &#8216;Bizim yapamad\u0131\u011f\u0131m\u0131z\u0131 cemaat yapt\u0131&#8217; ba\u015fl\u0131kl\u0131 yaz\u0131m 2013 tarihli.&#8221; kar\u015f\u0131l\u0131\u011f\u0131n\u0131 verdi. <\/p>\n<p>&#8220;\u015eimdi cemaati savunma zaman\u0131&#8221; ba\u015fl\u0131kl\u0131 yaz\u0131s\u0131na ili\u015fkin a\u00e7\u0131klama yapan \u00c7\u00f6la\u015fan, &#8220;O yaz\u0131dan bir g\u00fcn \u00f6nce cemaatin b\u00fct\u00fcn yay\u0131n organlar\u0131 polis taraf\u0131ndan TOMA&#8217;larla bas\u0131lm\u0131\u015ft\u0131. Kim olursa olsun gazetelerin bu \u015fekilde polis taraf\u0131ndan bas\u0131lmas\u0131na, bug\u00fcn de yanda\u015f medyan\u0131n ba\u015f\u0131na gelse tepkimi ortaya koyar\u0131m. O y\u00fczden, &#8216;\u015eimdi cemaati savunma zaman\u0131&#8217; diyorum ve arkas\u0131ndan da ekliyorum. Cemaat buna \u00e7anak tuttu&#8230; Binlerce yaz\u0131 yazm\u0131\u015f bir insan\u0131n 2-3 kelimesi c\u0131mb\u0131zla \u00e7ekiliyor. Cemaate destek vermekle Fetullah\u00e7\u0131l\u0131kla su\u00e7lan\u0131yorum. B\u00f6yle olmaz.&#8221; ifadelerini kulland\u0131.<\/p>\n<p>&#8220;27 Aral\u0131k 2013&#8217;te &#8216;Kaseti g\u00f6rd\u00fcm&#8217; ba\u015fl\u0131kl\u0131 bir yaz\u0131n\u0131z\u0131n i\u00e7eri\u011finde gazeteye &#8216;L\u00fcften izleyin&#8217; yaz\u0131s\u0131 ile bir kaset yolland\u0131\u011f\u0131n\u0131 yazd\u0131n\u0131z. Bu kaset kim taraf\u0131ndan ne ama\u00e7la g\u00f6nderildi?&#8221; sorusu \u00fczerine Emin \u00c7\u00f6la\u015fan, &#8220;Biz gazeteciyiz. Bize her t\u00fcrl\u00fc belge gelir. Bana da postadan bir kaset \u00e7\u0131kt\u0131. \u00c7ok \u00f6nemli bir ki\u015finin \u00e7ok yak\u0131n\u0131 olan bir ki\u015finin yatak g\u00f6r\u00fcnt\u00fcleri vard\u0131. G\u00f6nderen belli de\u011fildi. Kaseti a\u00e7\u0131p bakt\u0131k \u015fa\u015f\u0131rd\u0131k. Ba\u015fka birinin eline ge\u00e7mesin diye gazetede ayaklar\u0131m\u0131zla ezerek kaseti k\u0131r\u0131p imha ettik. Muhtemelen yazmam\u0131 istiyorlard\u0131. Ondan sonra Fetullah G\u00fclen o yaz\u0131da kendisinden bahsetti\u011fimi \u00f6ne s\u00fcrerek beni mahkemeye verdi. Beraat ettim.&#8221; diye konu\u015ftu.<\/p>\n<p>Tutuksuz san\u0131k S\u00f6zc\u00fc Gazetesi Genel Yay\u0131n Y\u00f6netmeni Metin Y\u0131lmaz, savunmas\u0131nda, 43 y\u0131ll\u0131k gazeteci oldu\u011funu, bunun son 23 y\u0131l\u0131nda genel yay\u0131n m\u00fcd\u00fcrl\u00fc\u011f\u00fc yapt\u0131\u011f\u0131n\u0131 anlatarak, hakk\u0131ndaki FET\u00d6 iddialar\u0131na ili\u015fkin &#8220;Bu benim aln\u0131ma s\u00fcr\u00fclm\u00fc\u015f kara bir lekedir. Bunu temizlemenizi istiyorum.&#8221; dedi.<\/p>\n<p>\u0130lk defa haberlerinden dolay\u0131 yarg\u0131 \u00f6n\u00fcne \u00e7\u0131kt\u0131\u011f\u0131n\u0131 belirten Y\u0131lmaz, \u015funlar\u0131 kaydetti:<\/p>\n<!-- Error, Advert is not available at this time due to schedule\/geolocation restrictions! -->\n<p>&#8220;\u0130ddianamede benimle ilgili &#8216;Hukuki sorumlulu\u011fu yok ama g\u00f6revi icab\u0131 bu man\u015fetlere engel olabilirdi.&#8217; denilmek istenmi\u015f. Ben tirajla, ka\u011f\u0131tla ilgilenirim, tirajla ilgili patrona hesap veririm. Nas\u0131l teknik direkt\u00f6rler ba\u015far\u0131s\u0131z olursa ya g\u00f6revden al\u0131n\u0131r ya da istifa ederse, gazete de satamazsan\u0131z \u00f6yledir. Hedefimiz ilk \u00f6nce ticaridir. Bunu yapmazsak gazete kapan\u0131r. Biz 2013&#8217;ten \u00f6nce de FET\u00d6&#8217;ye FET\u00d6 diyorduk. S\u00f6zc\u00fc&#8217;y\u00fc okuyorsan\u0131z, kendi yazarlar\u0131m\u0131z\u0131n bile gazetemizi ele\u015ftirebildi\u011fini g\u00f6r\u00fcrs\u00fcn\u00fcz. Ben bu cemaatlerden hep nefret etmi\u015fimdir. Bunlara yard\u0131m etmem i\u00e7in sempati duymam laz\u0131m. Nerede nelerini \u00f6vm\u00fc\u015f\u00fcm?&#8221;<\/p>\n<p>\u0130ddianameye konu olan haberlerin di\u011fer baz\u0131 gazetelerde de oldu\u011funu, kullan\u0131lan haberlerin baz\u0131lar\u0131n\u0131n da haber ajanslar\u0131ndan al\u0131nd\u0131\u011f\u0131n\u0131 anlatan Y\u0131lmaz, &#8220;Zarrab&#8217;\u0131n ka\u00e7ak yal\u0131s\u0131n\u0131 yazd\u0131k. Bize dava a\u00e7\u0131ld\u0131. Yal\u0131 ka\u00e7ak ama bize ceza verildi. Sonra bu adam gitti yurt d\u0131\u015f\u0131nda T\u00fcrkiye aleyhine i\u015fler yapt\u0131. Ben, vatan, millet ve laiklik saf\u0131nday\u0131m. Gazeteci muhalif olmak zorundad\u0131r. Muhalif olmazsan\u0131z gazeteyi satamazs\u0131n\u0131z.&#8221; diye konu\u015ftu.<\/p>\n<p>S\u00f6zc\u00fc Gazetesi k\u00f6\u015fe yazar\u0131 Necati Do\u011fru, savunmas\u0131nda, muhalif de\u011fil, \u00f6zg\u00fcr d\u00fc\u015f\u00fcnen bir gazeteci oldu\u011funu kaydetti.<\/p>\n<p>Bas\u0131n Kanunu&#8217;nun verdi\u011fi yetkilerle yaz\u0131 yazd\u0131\u011f\u0131n\u0131 anlatan Do\u011fru, &#8220;Benimle Fetullah G\u00fclen aras\u0131nda ne t\u00fcr bir ili\u015fki olabilir? Ben A\u011fr\u0131l\u0131y\u0131m, o Erzurumlu. Bu iki il birbirine s\u0131n\u0131r. Oradan m\u0131 bir ba\u011flant\u0131 kuruldu acaba? Bana yap\u0131lan su\u00e7lamalar \u00e7ok a\u011f\u0131r. \u015eerefimi lekeleyen bir su\u00e7lama. M\u00fccadele etti\u011fim bir \u00e7izgiye iddianamede s\u00f6ylendi\u011fi gibi faydal\u0131 olmam iddias\u0131 \u00e7ok a\u011f\u0131r bir lekedir. Savc\u0131l\u0131k, 3 yaz\u0131m\u0131 alm\u0131\u015f. Bu yaz\u0131lar\u0131mla FET\u00d6&#8217;ye yard\u0131mc\u0131 oldu\u011fumu iddia etmi\u015f. Bu yaz\u0131lar; &#8216;Naylon Darbe&#8217;, &#8217;12 G\u00fcn&#8217; ve &#8216;Ankara&#8217;dan \u0130ne Girme Manzaralar\u0131&#8217; ba\u015fl\u0131kl\u0131 olanlard\u0131r.&#8221; ifadelerini kulland\u0131.<\/p>\n<p>&#8220;Naylon Darbe&#8221; ba\u015fl\u0131kl\u0131 yaz\u0131s\u0131nda, darbe yapanlar\u0131 a\u011f\u0131r \u015fekilde ele\u015ftirdi\u011fini, tanklar\u0131n \u00fcst\u00fcne \u00e7\u0131kan ve darbeye kar\u015f\u0131 duran insanlar\u0131 \u00f6vd\u00fc\u011f\u00fcn\u00fc ifade eden Do\u011fru, &#8220;Savc\u0131, yaz\u0131n\u0131n i\u00e7inden, &#8216;Bu dan\u0131\u015f\u0131kl\u0131 bir d\u00f6v\u00fc\u015f m\u00fcyd\u00fc? Bu tezgahlanm\u0131\u015f bir darbe miydi?&#8217; c\u00fcmlelerini alm\u0131\u015f. Yaz\u0131n\u0131n i\u00e7eri\u011fine bak\u0131ld\u0131\u011f\u0131nda \u00f6yle bir \u015fey yok. Bu yaz\u0131y\u0131 darbe gecesinin oldu\u011fu zaman, olaylar devam ederken 16 Temmuz&#8217;da yazd\u0131m. Bunu yapanlar\u0131n kim oldu\u011fu hen\u00fcz belli de\u011fil. Bilmedi\u011fim i\u00e7in bu sorularla g\u00f6r\u00fcneni de\u011fil, g\u00f6r\u00fcnmeyeni de yazmak laz\u0131m. Onun i\u00e7in soru c\u00fcmleleri kulland\u0131m. Naylon olmas\u0131 da \u015fundan; ba\u015far\u0131s\u0131z. Ben b\u00fct\u00fcn darbeleri g\u00f6rd\u00fcm. Darbeler gece 03.00&#8217;te ba\u015flar, 05.00&#8217;te biter. Burada daha ak\u015fam saatlerinde k\u00f6pr\u00fcn\u00fcn bir ucunu tutmu\u015flar, di\u011fer taraf\u0131n\u0131 b\u0131rakm\u0131\u015flar. Bunu anlat\u0131yorum. Okuruma ufuk a\u00e7\u0131c\u0131 bir vizyon vermeye \u00e7al\u0131\u015f\u0131yorum.&#8221; \u015feklinde konu\u015ftu.<\/p>\n<p>Necati Do\u011fru, &#8220;12 G\u00fcn&#8221; yaz\u0131s\u0131nda, darbe giri\u015fiminden sonraki 12 g\u00fcn\u00fcn bilan\u00e7osunu kaleme ald\u0131\u011f\u0131n\u0131 dile getirerek, &#8220;Ankara&#8217;dan \u0130ne Girme Manzaralar\u0131&#8221; yaz\u0131s\u0131na ili\u015fkin ise \u015funlar\u0131 s\u00f6yledi:<\/p>\n<p>&#8220;Bu yaz\u0131 darbe giri\u015fiminden \u00f6nce yaz\u0131lm\u0131\u015ft\u0131r. Cumhurba\u015fkan\u0131 &#8216;\u0130nlerine girece\u011fiz, k\u00f6klerini kaz\u0131yaca\u011f\u0131z.&#8217; diye a\u00e7\u0131klama yapm\u0131\u015ft\u0131. Biz de bunu istiyoruz. Buna dayanarak yaz\u0131 yazd\u0131m. Ankara&#8217;dan manzaralara bak\u0131yoruz. Hakan \u015e\u00fck\u00fcr polislere &#8216;Bank Asya&#8217;ya 25 bin lira yat\u0131r\u0131n&#8217; demi\u015f. Bu polisler 25 bin lira yat\u0131rm\u0131\u015f. Sonra Fetullah G\u00fclen&#8217;in \u015firketlerine el konulmu\u015f. \u00c7ok g\u00fczel. Ne yapm\u0131\u015flar? Kayyum atanm\u0131\u015f, sonra bu ba\u015fka tarikatlar\u0131n adam\u0131 olan kayyumlar birbirlerine d\u00fc\u015fm\u00fc\u015fler. &#8216;Sen \u00e7ok para ald\u0131n, ben az para ald\u0131m.&#8217; diye Ankara&#8217;da birbirlerine dava a\u00e7m\u0131\u015flar. \u00d6te yandan birileri birilerine telefon a\u00e7\u0131yor. Diyor ki &#8216;Senin ismin FET\u00d6&#8217;c\u00fclerle ge\u00e7iyor, 300 bin lira ver, ismini sileyim.&#8217; &#8216;Siz orada oyun mu oynuyorsunuz?&#8217; diye yazd\u0131m. FET\u00d6&#8217;c\u00fc olmak i\u00e7in 16 kriter varm\u0131\u015f. Ben bunlar\u0131n hangisine uyuyorum? ByLock kullanm\u0131\u015f m\u0131y\u0131m? Fetullah G\u00fclen yay\u0131n organlar\u0131nda yazm\u0131\u015f m\u0131y\u0131m? \u015eirketlerinde \u00e7al\u0131\u015fm\u0131\u015f m\u0131y\u0131m? Bana at\u0131lm\u0131\u015f \u00e7ok b\u00fcy\u00fck bir leke var.&#8221;<\/p>\n<p>Mahkeme Ba\u015fkan\u0131&#8217;n\u0131n &#8220;Darbe giri\u015fimi oldu\u011funda neredeydiniz? Olay gecesi Cumhurba\u015fkan\u0131 canl\u0131 yay\u0131na ba\u011fland\u0131. FET\u00d6&#8217;n\u00fcn darbe giri\u015fimi yapt\u0131\u011f\u0131n\u0131 s\u00f6yledi. Siz neden ba\u015fl\u0131\u011f\u0131n\u0131zda naylon darbe tabirini kulland\u0131n\u0131z? Olay\u0131n vahameti ortaya \u00e7\u0131k\u0131nca yaz\u0131y\u0131 geri \u00e7ekmeyi ni\u00e7in d\u00fc\u015f\u00fcnmediniz?&#8221; sorular\u0131 \u00fczerine Do\u011fru, yaz\u0131n\u0131n dikkati \u00e7ekmesi i\u00e7in &#8220;Naylon Darbe&#8221; ba\u015fl\u0131\u011f\u0131n\u0131 att\u0131\u011f\u0131n\u0131 s\u00f6yledi. Do\u011fru, &#8220;Darbe ba\u015far\u0131s\u0131z olmu\u015f, teneke bir darbe yani. Ba\u015fl\u0131kta onu anlatmaya \u00e7al\u0131\u015f\u0131yorum. Yaz\u0131n\u0131n b\u00fct\u00fcn\u00fcnde de geri \u00e7ekece\u011fim herhangi bir \u015fey yok. Cumhurba\u015fkan\u0131&#8217;n\u0131n dedi\u011fini duymam\u0131\u015f olabilirim. Duysam belki o son c\u00fcmleleri \u00e7\u0131kar\u0131rd\u0131m.&#8221; dedi. <\/p>\n<p>Duru\u015fmaya, di\u011fer san\u0131klar\u0131n savunmalar\u0131n\u0131n al\u0131nmas\u0131yla devam ediliyor.<\/p>\n<!-- Error, Advert is not available at this time due to schedule\/geolocation restrictions! -->\n","protected":false},"excerpt":{"rendered":"<p>S\u00f6zc\u00fc gazetesinin yazarlar\u0131 Emin \u00c7\u00f6la\u015fan ve Necati Do\u011fru ile gazetenin genel yay\u0131n y\u00f6netmeni Metin Y\u0131lmaz&#8217;\u0131n da aralar\u0131nda bulundu\u011fu 5 san\u0131\u011f\u0131n, &#8220;FET\u00d6&#8217;ye \u00fcye olmamakla birlikte \u00f6rg\u00fcte bilerek yard\u0131m etme&#8221; su\u00e7undan 7,5 y\u0131ldan 15&#8217;er y\u0131la kadar hapis cezas\u0131 istemiyle yarg\u0131land\u0131\u011f\u0131 dava, san\u0131k savunmalar\u0131n\u0131n al\u0131nmas\u0131yla s\u00fcr\u00fcyor. \u0130stanbul 37. A\u011f\u0131r Ceza Mahkemesi&#8217;ndeki duru\u015fmaya, Ankara&#8217;dan Ses ve G\u00f6r\u00fcnt\u00fc Bili\u015fim Sistemi &hellip;<\/p>\n","protected":false},"author":4,"featured_media":273431,"comment_status":"open","ping_status":"open","sticky":false,"template":"","format":"standard","meta":{"_acf_changed":false,"footnotes":""},"categories":[6155,763,6667,349],"tags":[209511,28727,202856,202742,16686],"class_list":["post-273430","post","type-post","status-publish","format-standard","has-post-thumbnail","hentry","category-gundem","category-gunun-olayi","category-medya","category-son-dakika","tag-bylock","tag-emin-colasan","tag-feto","tag-fetullah-gulen","tag-necati-dogru"],"acf":[],"_links":{"self":[{"href":"https:\/\/www.nationalturk.com\/tr\/wp-json\/wp\/v2\/posts\/273430","targetHints":{"allow":["GET"]}}],"collection":[{"href":"https:\/\/www.nationalturk.com\/tr\/wp-json\/wp\/v2\/posts"}],"about":[{"href":"https:\/\/www.nationalturk.com\/tr\/wp-json\/wp\/v2\/types\/post"}],"author":[{"embeddable":true,"href":"https:\/\/www.nationalturk.com\/tr\/wp-json\/wp\/v2\/users\/4"}],"replies":[{"embeddable":true,"href":"https:\/\/www.nationalturk.com\/tr\/wp-json\/wp\/v2\/comments?post=273430"}],"version-history":[{"count":0,"href":"https:\/\/www.nationalturk.com\/tr\/wp-json\/wp\/v2\/posts\/273430\/revisions"}],"wp:featuredmedia":[{"embeddable":true,"href":"https:\/\/www.nationalturk.com\/tr\/wp-json\/wp\/v2\/media\/273431"}],"wp:attachment":[{"href":"https:\/\/www.nationalturk.com\/tr\/wp-json\/wp\/v2\/media?parent=273430"}],"wp:term":[{"taxonomy":"category","embeddable":true,"href":"https:\/\/www.nationalturk.com\/tr\/wp-json\/wp\/v2\/categories?post=273430"},{"taxonomy":"post_tag","embeddable":true,"href":"https:\/\/www.nationalturk.com\/tr\/wp-json\/wp\/v2\/tags?post=273430"}],"curies":[{"name":"wp","href":"https:\/\/api.w.org\/{rel}","templated":true}]}}