{"id":273484,"date":"2019-01-21T16:54:37","date_gmt":"2019-01-21T13:54:37","guid":{"rendered":"https:\/\/www.nationalturk.com\/?p=273484"},"modified":"2022-09-11T13:36:35","modified_gmt":"2022-09-11T10:36:35","slug":"son-dakika-saldirida-en-az-100-guvenlik-gorevlisi-oldu","status":"publish","type":"post","link":"https:\/\/www.nationalturk.com\/tr\/son-dakika-saldirida-en-az-100-guvenlik-gorevlisi-oldu\/","title":{"rendered":"Son Dakika: Sald\u0131r\u0131da en az 100 g\u00fcvenlik g\u00f6revlisi \u00f6ld\u00fc"},"content":{"rendered":"<h2>Taliban taraf\u0131ndan Afganistan&#8217;da bir askeri \u00fcsse sald\u0131r\u0131 d\u00fczenlendi. Afganistan Savunma Bakanl\u0131\u011f\u0131, sald\u0131r\u0131da 100&#8217;den fazla g\u00fcvenlik g\u00fcc\u00fcn\u00fcn hayat\u0131n\u0131 kaybetti\u011fini a\u00e7\u0131klad\u0131. \/ Son Dakika&#8230;<\/h2>\n<p>Ayr\u0131nt\u0131lar birazdan.<\/p>\n<!-- Error, Advert is not available at this time due to schedule\/geolocation restrictions! -->\n","protected":false},"excerpt":{"rendered":"<p>Taliban taraf\u0131ndan Afganistan&#8217;da bir askeri \u00fcsse sald\u0131r\u0131 d\u00fczenlendi. Afganistan Savunma Bakanl\u0131\u011f\u0131, sald\u0131r\u0131da 100&#8217;den fazla g\u00fcvenlik g\u00fcc\u00fcn\u00fcn hayat\u0131n\u0131 kaybetti\u011fini a\u00e7\u0131klad\u0131. \/ Son Dakika&#8230; Ayr\u0131nt\u0131lar birazdan.<\/p>\n","protected":false},"author":4,"featured_media":251048,"comment_status":"open","ping_status":"open","sticky":false,"template":"","format":"standard","meta":{"_acf_changed":false,"footnotes":""},"categories":[6769,6155,763,6772,349],"tags":[6628,27382,21305],"class_list":["post-273484","post","type-post","status-publish","format-standard","has-post-thumbnail","hentry","category-asya","category-gundem","category-gunun-olayi","category-ortadogu","category-son-dakika","tag-afganistan","tag-son-dakika","tag-taliban"],"acf":[],"_links":{"self":[{"href":"https:\/\/www.nationalturk.com\/tr\/wp-json\/wp\/v2\/posts\/273484","targetHints":{"allow":["GET"]}}],"collection":[{"href":"https:\/\/www.nationalturk.com\/tr\/wp-json\/wp\/v2\/posts"}],"about":[{"href":"https:\/\/www.nationalturk.com\/tr\/wp-json\/wp\/v2\/types\/post"}],"author":[{"embeddable":true,"href":"https:\/\/www.nationalturk.com\/tr\/wp-json\/wp\/v2\/users\/4"}],"replies":[{"embeddable":true,"href":"https:\/\/www.nationalturk.com\/tr\/wp-json\/wp\/v2\/comments?post=273484"}],"version-history":[{"count":0,"href":"https:\/\/www.nationalturk.com\/tr\/wp-json\/wp\/v2\/posts\/273484\/revisions"}],"wp:featuredmedia":[{"embeddable":true,"href":"https:\/\/www.nationalturk.com\/tr\/wp-json\/wp\/v2\/media\/251048"}],"wp:attachment":[{"href":"https:\/\/www.nationalturk.com\/tr\/wp-json\/wp\/v2\/media?parent=273484"}],"wp:term":[{"taxonomy":"category","embeddable":true,"href":"https:\/\/www.nationalturk.com\/tr\/wp-json\/wp\/v2\/categories?post=273484"},{"taxonomy":"post_tag","embeddable":true,"href":"https:\/\/www.nationalturk.com\/tr\/wp-json\/wp\/v2\/tags?post=273484"}],"curies":[{"name":"wp","href":"https:\/\/api.w.org\/{rel}","templated":true}]}}