{"id":273486,"date":"2019-01-21T17:00:20","date_gmt":"2019-01-21T14:00:20","guid":{"rendered":"https:\/\/www.nationalturk.com\/?p=273486"},"modified":"2019-01-21T17:00:20","modified_gmt":"2019-01-21T14:00:20","slug":"erdogan-marketlerde-fiyatlar-dusmuyor-bunun-ahlaki-bir-temeli-olabilir-mi","status":"publish","type":"post","link":"https:\/\/www.nationalturk.com\/tr\/erdogan-marketlerde-fiyatlar-dusmuyor-bunun-ahlaki-bir-temeli-olabilir-mi\/","title":{"rendered":"Erdo\u011fan: Marketlerde fiyatlar d\u00fc\u015fm\u00fcyor, bunun ahlaki bir temeli olabilir mi?"},"content":{"rendered":"<h2>Cumhurba\u015fkan\u0131 Recep Tayyip Erdo\u011fan, TOBB \u0130kiz Kuleler&#8217;de d\u00fczenlenen T\u00fcrkiye Ekonomi \u015euras\u0131&#8217;nda yapt\u0131\u011f\u0131 konu\u015fmada marketlere ele\u015ftirdi!<\/h2>\n<p>Erdo\u011fan, ge\u00e7en y\u0131l ya\u015fanan kur, faiz ve enflasyon \u00fc\u00e7genindeki dalgalanma s\u0131ras\u0131nda baz\u0131 kesimlerin iyi bir imtihan veremedi\u011fini belirterek, konu\u015fmas\u0131na \u015f\u00f6yle devam etti:<\/p>\n<p>&#8220;Kur ve enflasyondaki dalgalanmada asla orant\u0131l\u0131 olmayan, ak\u0131l ve mant\u0131kla izah edilemeyecek fiyat art\u0131\u015flar\u0131yla ilgili \u00f6rnekler her g\u00fcn kar\u015f\u0131m\u0131za geliyor. Mal ve hizmet fiyatlar\u0131ndaki bu ak\u0131l ve ahlak d\u0131\u015f\u0131 art\u0131\u015flar\u0131n sebebi \u00fczerinde hep birlikte d\u00fc\u015f\u00fcnmeliyiz. Devlet te\u015fviklerle, indirimlerle, muafiyetlerle, yap\u0131land\u0131rmalarla bu s\u00fcre\u00e7te reel sekt\u00f6r\u00fcm\u00fcz\u00fcn ve milletimizin \u00fczerindeki y\u00fckleri azaltmak i\u00e7in elinden geleni fazlas\u0131yla yapm\u0131\u015ft\u0131r. Buna kar\u015f\u0131l\u0131k birilerinin piyasa \u015fartlar\u0131 k\u0131l\u0131f\u0131yla f\u0131rsat\u00e7\u0131l\u0131\u011fa y\u00f6nelmesi ger\u00e7ekten \u00e7ok \u00fcz\u00fcnt\u00fc vericidir. Madem ki biz &#8216;\u0130nsan\u0131 ya\u015fat ki devleti ya\u015fas\u0131n.&#8217; diyen bir idare anlay\u0131\u015f\u0131na sahibiz, madem ki biz &#8216;Kom\u015fusu a\u00e7ken tok yatan bizden de\u011fildir.&#8217; diyen bir medeniyetin mensubuyuz, madem ki biz kom\u015fusunun siftah\u0131n\u0131 g\u00f6zeten bir esnaf ahlak\u0131yla \u00f6v\u00fcn\u00fcyoruz, \u00f6yleyse son d\u00f6nemde ya\u015fanan hadiseler kar\u015f\u0131s\u0131nda kendimizi sorguya \u00e7ekmek zorunday\u0131z.&#8221;<\/p>\n<p>&#8220;Baz\u0131lar\u0131 &#8216;krizi f\u0131rsata \u00e7evirmek&#8217; s\u00f6z\u00fcn\u00fc yanl\u0131\u015f anl\u0131yor&#8221;<br \/>\nCumhurba\u015fkan\u0131 Erdo\u011fan, \u015funlar\u0131 kaydetti: <\/p>\n<p>&#8220;Kimseye zarar\u0131na i\u015f yap demiyoruz, elbette kimseye kendini s\u0131k\u0131nt\u0131ya sokma pahas\u0131na hareket et demiyoruz ancak faiz oranlar\u0131 d\u00fc\u015fm\u00fc\u015f, enflasyon belli oranda d\u00fc\u015fm\u00fc\u015f buna ra\u011fmen bak\u0131yorsunuz marketlerde b\u00fct\u00fcn sebze meyve vesairede fiyatlar d\u00fc\u015fm\u00fcyor. Onlar hala y\u00fckseliyor. Bunu neyle izah edece\u011fiz? Bunun ahlaki bir temeli olabilir mi? \u015e\u00fcphesiz ki olamaz. \u00d6yleyse bize d\u00fc\u015fen nedir? Bu marketlerde e\u011fer kalk\u0131p benim halk\u0131m\u0131 s\u00f6m\u00fcrme m\u00fccadelesini devam ettirenler varsa bunun hesab\u0131n\u0131 sorma g\u00f6revi de bizimdir ve hesab\u0131n\u0131 sorar\u0131z. Her \u015fey ortada, rakamlar ortada, \u00fcreticiden \u00e7\u0131k\u0131\u015f\u0131 ortada ama bak\u0131yorsunuz bunlarda en ufak bir oynama, d\u00fc\u015f\u00fc\u015f s\u00f6z konusu de\u011fil. Hala vatanda\u015f\u0131m\u0131 nas\u0131l s\u00f6m\u00fcr\u00fcr\u00fcm bunun gayreti i\u00e7erisinde. Ben herkesi bu konuda insafa, vicdana ve hepsinden \u00f6nemlisi ahlaka davet etme g\u00f6revlili\u011fi noktas\u0131nday\u0131m. Milletimizin bu konuda dillendirdi\u011fi \u015fikayetleri kulak arkas\u0131 edemeyiz.&#8221; <\/p>\n<!-- Error, Advert is not available at this time due to schedule\/geolocation restrictions! -->\n","protected":false},"excerpt":{"rendered":"<p>Cumhurba\u015fkan\u0131 Recep Tayyip Erdo\u011fan, TOBB \u0130kiz Kuleler&#8217;de d\u00fczenlenen T\u00fcrkiye Ekonomi \u015euras\u0131&#8217;nda yapt\u0131\u011f\u0131 konu\u015fmada marketlere ele\u015ftirdi! Erdo\u011fan, ge\u00e7en y\u0131l ya\u015fanan kur, faiz ve enflasyon \u00fc\u00e7genindeki dalgalanma s\u0131ras\u0131nda baz\u0131 kesimlerin iyi bir imtihan veremedi\u011fini belirterek, konu\u015fmas\u0131na \u015f\u00f6yle devam etti: &#8220;Kur ve enflasyondaki dalgalanmada asla orant\u0131l\u0131 olmayan, ak\u0131l ve mant\u0131kla izah edilemeyecek fiyat art\u0131\u015flar\u0131yla ilgili \u00f6rnekler her g\u00fcn &hellip;<\/p>\n","protected":false},"author":4,"featured_media":273487,"comment_status":"open","ping_status":"open","sticky":false,"template":"","format":"standard","meta":{"_acf_changed":false,"footnotes":""},"categories":[6155,5005,6202,349],"tags":[787,3421],"class_list":["post-273486","post","type-post","status-publish","format-standard","has-post-thumbnail","hentry","category-gundem","category-manset","category-politika","category-son-dakika","tag-recep-tayyip-erdogan","tag-tobb"],"acf":[],"_links":{"self":[{"href":"https:\/\/www.nationalturk.com\/tr\/wp-json\/wp\/v2\/posts\/273486","targetHints":{"allow":["GET"]}}],"collection":[{"href":"https:\/\/www.nationalturk.com\/tr\/wp-json\/wp\/v2\/posts"}],"about":[{"href":"https:\/\/www.nationalturk.com\/tr\/wp-json\/wp\/v2\/types\/post"}],"author":[{"embeddable":true,"href":"https:\/\/www.nationalturk.com\/tr\/wp-json\/wp\/v2\/users\/4"}],"replies":[{"embeddable":true,"href":"https:\/\/www.nationalturk.com\/tr\/wp-json\/wp\/v2\/comments?post=273486"}],"version-history":[{"count":0,"href":"https:\/\/www.nationalturk.com\/tr\/wp-json\/wp\/v2\/posts\/273486\/revisions"}],"wp:featuredmedia":[{"embeddable":true,"href":"https:\/\/www.nationalturk.com\/tr\/wp-json\/wp\/v2\/media\/273487"}],"wp:attachment":[{"href":"https:\/\/www.nationalturk.com\/tr\/wp-json\/wp\/v2\/media?parent=273486"}],"wp:term":[{"taxonomy":"category","embeddable":true,"href":"https:\/\/www.nationalturk.com\/tr\/wp-json\/wp\/v2\/categories?post=273486"},{"taxonomy":"post_tag","embeddable":true,"href":"https:\/\/www.nationalturk.com\/tr\/wp-json\/wp\/v2\/tags?post=273486"}],"curies":[{"name":"wp","href":"https:\/\/api.w.org\/{rel}","templated":true}]}}