{"id":273609,"date":"2019-01-25T12:29:32","date_gmt":"2019-01-25T09:29:32","guid":{"rendered":"https:\/\/www.nationalturk.com\/?p=273609"},"modified":"2019-01-25T12:29:32","modified_gmt":"2019-01-25T09:29:32","slug":"son-dakika-anayasa-mahkemesinde-baskan-degismedi","status":"publish","type":"post","link":"https:\/\/www.nationalturk.com\/tr\/son-dakika-anayasa-mahkemesinde-baskan-degismedi\/","title":{"rendered":"Son Dakika! Anayasa Mahkemesi&#8217;nde ba\u015fkan de\u011fi\u015fmedi"},"content":{"rendered":"<h2>Anayasa Mahkemesi Ba\u015fkanl\u0131\u011f\u0131na Z\u00fcht\u00fc Arslan yeniden se\u00e7ildi.<\/h2>\n<p>AA muhabirinin ald\u0131\u011f\u0131 bilgiye g\u00f6re, Z\u00fcht\u00fc Arslan&#8217;\u0131n g\u00f6rev s\u00fcresinin dolacak olmas\u0131 nedeniyle ba\u015fkanl\u0131k se\u00e7imi g\u00fcndemiyle d\u00fcn toplanan Genel Kurulun yap\u0131lan toplant\u0131lar\u0131nda hi\u00e7bir \u00fcyenin gerekli \u00e7o\u011funlu\u011fu sa\u011flayamamas\u0131 \u00fczerine se\u00e7ime bug\u00fcn de devam edildi.<\/p>\n<p>Bug\u00fcn yap\u0131lan se\u00e7imde, 15 \u00fcyeden 9&#8217;unun oyunu alan Z\u00fcht\u00fc Arslan yeniden Anayasa Mahkemesi Ba\u015fkanl\u0131\u011f\u0131 g\u00f6revine getirildi. Di\u011fer \u00fcyelerden R\u0131dvan G\u00fcle\u00e7 5, Kadir \u00d6zkaya ise bir oy ald\u0131.<\/p>\n<p>Se\u00e7im sonucuna g\u00f6re Arslan, 4 y\u0131l daha Anayasa Mahkemesi Ba\u015fkanl\u0131\u011f\u0131 g\u00f6revini y\u00fcr\u00fctecek.<\/p>\n<h3>Z\u00fcht\u00fc Arslan kimdir?<\/h3>\n<p>Yozgat&#8217;\u0131n Sorgun il\u00e7esinde 1964&#8217;te do\u011fan Arslan, 1987&#8217;de Ankara \u00dcniversitesi Siyasal Bilgiler Fak\u00fcltesi Kamu Y\u00f6netimi B\u00f6l\u00fcm\u00fcnden mezun oldu. Y\u00fcksek lisans\u0131n\u0131 \u0130ngiltere&#8217;de Leicester \u00dcniversitesi Hukuk Fak\u00fcltesinde insan haklar\u0131 ve sivil \u00f6zg\u00fcrl\u00fckler alan\u0131nda, doktoras\u0131n\u0131 da ayn\u0131 fak\u00fcltede anayasa hukuku alan\u0131nda yapan Arslan, 2002&#8217;de do\u00e7ent, 2007&#8217;de ise profes\u00f6r unvan\u0131n\u0131 ald\u0131.<\/p>\n<p>Avrupa \u0130nsan Haklar\u0131 Mahkemesi&#8217;nde 2001&#8217;de bir s\u00fcre \u00e7al\u0131\u015fan Arslan, 23 Aral\u0131k 2010&#8217;dan itibaren Bas\u0131n \u0130lan Kurumu Genel Kurul \u00fcyeli\u011fi g\u00f6revini y\u00fcr\u00fctt\u00fc. 2009&#8217;da ba\u015fkanl\u0131\u011f\u0131na atand\u0131\u011f\u0131 Polis Akademisinde uzun y\u0131llar lisans ve lisans\u00fcst\u00fc d\u00fczeyde &#8220;Anayasa Hukuku&#8221;, &#8220;\u0130nsan Haklar\u0131&#8221;, &#8220;Devlet Kuramlar\u0131&#8221; gibi dersler veren Arslan, 2000-2003 y\u0131llar\u0131nda Bilkent \u00dcniversitesinde &#8220;Turkish Public Law&#8221;, 2003-2009 y\u0131llar\u0131nda da Ba\u015fkent \u00dcniversitesinde &#8220;Hukuk ve Siyaset&#8221; dersini verdi.<\/p>\n<p>Anayasa Teorisi, Avrupa \u0130nsan Haklar\u0131 S\u00f6zle\u015fmesinde Din \u00d6zg\u00fcrl\u00fc\u011f\u00fc ve T\u00fcrk Parlamento Tarihi 1957-1960 adl\u0131 kitaplar\u0131 olan Arslan&#8217;\u0131n, Constitutional Law in Turkey (T\u00fcrkiye&#8217;de Anayasa Hukuku) ba\u015fl\u0131kl\u0131 bir ortak kitab\u0131 ve ABD Y\u00fcksek Mahkemesi Kararlar\u0131nda \u0130fade \u00d6zg\u00fcrl\u00fc\u011f\u00fc adl\u0131 bir derleme eseri de bulunuyor.<\/p>\n<p>\u0130nsan haklar\u0131, anayasa yarg\u0131s\u0131, \u00f6zg\u00fcrl\u00fck-g\u00fcvenlik ili\u015fkisi ve siyasi partiler hukuku gibi alanlarda T\u00fcrk\u00e7e ve \u0130ngilizce yay\u0131mlanm\u0131\u015f makaleleri ve bildirileri olan Arslan, Y\u00fcksek\u00f6\u011fretim Genel Kurulunca g\u00f6sterilen 3 aday aras\u0131ndan Cumhurba\u015fkan\u0131 taraf\u0131ndan 17 Nisan 2012&#8217;de Anayasa Mahkemesi \u00fcyeli\u011fine se\u00e7ildi.<\/p>\n<p>Anayasa Mahkemesi Genel Kurulunca 10 \u015eubat 2015&#8217;te Anayasa Mahkemesi Ba\u015fkanl\u0131\u011f\u0131na se\u00e7ilen Arslan, bug\u00fcn yap\u0131lan se\u00e7im sonucu tekrar bu g\u00f6reve getirildi.<\/p>\n<p>Z\u00fcht\u00fc Arslan, evli ve 4 \u00e7ocuk babas\u0131.<\/p>\n<!-- Error, Advert is not available at this time due to schedule\/geolocation restrictions! -->\n","protected":false},"excerpt":{"rendered":"<p>Anayasa Mahkemesi Ba\u015fkanl\u0131\u011f\u0131na Z\u00fcht\u00fc Arslan yeniden se\u00e7ildi. AA muhabirinin ald\u0131\u011f\u0131 bilgiye g\u00f6re, Z\u00fcht\u00fc Arslan&#8217;\u0131n g\u00f6rev s\u00fcresinin dolacak olmas\u0131 nedeniyle ba\u015fkanl\u0131k se\u00e7imi g\u00fcndemiyle d\u00fcn toplanan Genel Kurulun yap\u0131lan toplant\u0131lar\u0131nda hi\u00e7bir \u00fcyenin gerekli \u00e7o\u011funlu\u011fu sa\u011flayamamas\u0131 \u00fczerine se\u00e7ime bug\u00fcn de devam edildi. Bug\u00fcn yap\u0131lan se\u00e7imde, 15 \u00fcyeden 9&#8217;unun oyunu alan Z\u00fcht\u00fc Arslan yeniden Anayasa Mahkemesi Ba\u015fkanl\u0131\u011f\u0131 g\u00f6revine getirildi. &hellip;<\/p>\n","protected":false},"author":4,"featured_media":251048,"comment_status":"open","ping_status":"open","sticky":false,"template":"","format":"standard","meta":{"_acf_changed":false,"footnotes":""},"categories":[6155,763,349],"tags":[11271,27382,184195],"class_list":["post-273609","post","type-post","status-publish","format-standard","has-post-thumbnail","hentry","category-gundem","category-gunun-olayi","category-son-dakika","tag-anayasa-mahkemesi","tag-son-dakika","tag-zuhtu-arslan"],"acf":[],"_links":{"self":[{"href":"https:\/\/www.nationalturk.com\/tr\/wp-json\/wp\/v2\/posts\/273609","targetHints":{"allow":["GET"]}}],"collection":[{"href":"https:\/\/www.nationalturk.com\/tr\/wp-json\/wp\/v2\/posts"}],"about":[{"href":"https:\/\/www.nationalturk.com\/tr\/wp-json\/wp\/v2\/types\/post"}],"author":[{"embeddable":true,"href":"https:\/\/www.nationalturk.com\/tr\/wp-json\/wp\/v2\/users\/4"}],"replies":[{"embeddable":true,"href":"https:\/\/www.nationalturk.com\/tr\/wp-json\/wp\/v2\/comments?post=273609"}],"version-history":[{"count":0,"href":"https:\/\/www.nationalturk.com\/tr\/wp-json\/wp\/v2\/posts\/273609\/revisions"}],"wp:featuredmedia":[{"embeddable":true,"href":"https:\/\/www.nationalturk.com\/tr\/wp-json\/wp\/v2\/media\/251048"}],"wp:attachment":[{"href":"https:\/\/www.nationalturk.com\/tr\/wp-json\/wp\/v2\/media?parent=273609"}],"wp:term":[{"taxonomy":"category","embeddable":true,"href":"https:\/\/www.nationalturk.com\/tr\/wp-json\/wp\/v2\/categories?post=273609"},{"taxonomy":"post_tag","embeddable":true,"href":"https:\/\/www.nationalturk.com\/tr\/wp-json\/wp\/v2\/tags?post=273609"}],"curies":[{"name":"wp","href":"https:\/\/api.w.org\/{rel}","templated":true}]}}