{"id":273861,"date":"2019-02-04T12:04:26","date_gmt":"2019-02-04T09:04:26","guid":{"rendered":"https:\/\/www.nationalturk.com\/?p=273861"},"modified":"2019-02-04T12:04:26","modified_gmt":"2019-02-04T09:04:26","slug":"mhplilerin-yarisi-akpye-oy-vermeyecek","status":"publish","type":"post","link":"https:\/\/www.nationalturk.com\/tr\/mhplilerin-yarisi-akpye-oy-vermeyecek\/","title":{"rendered":"&#8220;MHP&#8217;lilerin yar\u0131s\u0131 AKP&#8217;ye oy vermeyecek&#8221;"},"content":{"rendered":"<h2>Piar Ara\u015ft\u0131rma \u015eirketi Ba\u015fkan\u0131 Kadir Atalay, yapt\u0131klar\u0131 son ankete dair a\u00e7\u0131klamalarda bulundu. Atalay, MHP se\u00e7meninin yar\u0131s\u0131n\u0131n AK Parti\u2019ye oy vermeyece\u011fini belirtti.<\/h2>\n<p>Kadir Atalay, 31 Mart 2019&#8217;da d\u00fczenlenecek yerel se\u00e7ime dair yapt\u0131klar\u0131 son anketin sonu\u00e7lar\u0131na dair konu\u015ftu.<\/p>\n<p>Diken&#8217;den Minez Bay\u00fclgen&#8217;in sorular\u0131n\u0131 yan\u0131tlayan Atalay, &#8220;Son ara\u015ft\u0131rmam\u0131zda, MHP&#8217;li se\u00e7menlere &#8220;AK Parti&#8217;nin aday \u00e7\u0131kard\u0131\u011f\u0131 yerlerde oy verecek misiniz&#8221; diye sorduk. Y\u00fczde 50&#8217;si \u2018Hay\u0131r&#8217;, y\u00fczde 30&#8217;u \u2018Evet&#8217; dedi. Yani T\u00fcrkiye genelinde, MHP se\u00e7meninin en az y\u00fczde 50&#8217;si AK Parti aday\u0131na oy vermemeyi tercih ediyor&#8221; a\u00e7\u0131klamas\u0131nda bulundu.<\/p>\n<p>Atalay, devam\u0131nda &#8220;Bu kitle AK Parti&#8217;den koparak MHP&#8217;ye ge\u00e7en ve sa\u011f\u0131n d\u0131\u015f\u0131ndaki adaylara, partilere oy veremeyenlerden olu\u015fuyor. Bir kere millet ittifak\u0131na oy vermeleri demek \u00f6n\u00fcm\u00fczdeki genel se\u00e7imleri etkilemesi anlam\u0131na geliyor. B\u00f6yle olursa bu kitle millet ittifak\u0131n\u0131n kal\u0131c\u0131 se\u00e7meni haline gelebilir. Bu y\u00fczden kritikler&#8221; g\u00f6r\u00fc\u015f\u00fcn\u00fc dile getirdi.<\/p>\n<p>Atalay, &#8220;Ara\u015ft\u0131rmalar\u0131n\u0131za g\u00f6re AKP en b\u00fcy\u00fck g\u00fc\u00e7 kayb\u0131n\u0131 hangi \u015fehirde ya\u015fayacak?&#8221; sorusu \u00fczerine \u015funlar\u0131 s\u00f6yledi:<\/p>\n<p>\u2014 Ankara. \u0130ktidar 20 y\u0131ldan fazla y\u00f6netti\u011fi ba\u015fkenti kaybetmeye do\u011fru gidiyor. Ulusalc\u0131s\u0131ndan, Kemalistine, sa\u011fc\u0131lar\u0131na kadar her zaman milliyet\u00e7i adaylar\u0131n kazand\u0131\u011f\u0131 bir \u015fehirdir Ankara. Bug\u00fcn her anketimizde CHP&#8217;li aday Mansur Yava\u015f ve AK Parti aday\u0131 Mehmet Haseki aras\u0131nda en az alt\u0131 yedi puan oy fark\u0131 Yava\u015f&#8217;\u0131n lehine \u00e7\u0131k\u0131yor.<\/p>\n<!-- Error, Advert is not available at this time due to schedule\/geolocation restrictions! -->\n","protected":false},"excerpt":{"rendered":"<p>Piar Ara\u015ft\u0131rma \u015eirketi Ba\u015fkan\u0131 Kadir Atalay, yapt\u0131klar\u0131 son ankete dair a\u00e7\u0131klamalarda bulundu. Atalay, MHP se\u00e7meninin yar\u0131s\u0131n\u0131n AK Parti\u2019ye oy vermeyece\u011fini belirtti. Kadir Atalay, 31 Mart 2019&#8217;da d\u00fczenlenecek yerel se\u00e7ime dair yapt\u0131klar\u0131 son anketin sonu\u00e7lar\u0131na dair konu\u015ftu. Diken&#8217;den Minez Bay\u00fclgen&#8217;in sorular\u0131n\u0131 yan\u0131tlayan Atalay, &#8220;Son ara\u015ft\u0131rmam\u0131zda, MHP&#8217;li se\u00e7menlere &#8220;AK Parti&#8217;nin aday \u00e7\u0131kard\u0131\u011f\u0131 yerlerde oy verecek misiniz&#8221; diye &hellip;<\/p>\n","protected":false},"author":4,"featured_media":272875,"comment_status":"open","ping_status":"open","sticky":false,"template":"","format":"standard","meta":{"_acf_changed":false,"footnotes":""},"categories":[6155,5005,6202,349],"tags":[219178,9476,1688,8723,1011,134344,10829],"class_list":["post-273861","post","type-post","status-publish","format-standard","has-post-thumbnail","hentry","category-gundem","category-manset","category-politika","category-son-dakika","tag-31-mart-yerel-secimleri","tag-akp","tag-ankara","tag-chp","tag-istanbul","tag-mansur-yavas","tag-mhp"],"acf":[],"_links":{"self":[{"href":"https:\/\/www.nationalturk.com\/tr\/wp-json\/wp\/v2\/posts\/273861","targetHints":{"allow":["GET"]}}],"collection":[{"href":"https:\/\/www.nationalturk.com\/tr\/wp-json\/wp\/v2\/posts"}],"about":[{"href":"https:\/\/www.nationalturk.com\/tr\/wp-json\/wp\/v2\/types\/post"}],"author":[{"embeddable":true,"href":"https:\/\/www.nationalturk.com\/tr\/wp-json\/wp\/v2\/users\/4"}],"replies":[{"embeddable":true,"href":"https:\/\/www.nationalturk.com\/tr\/wp-json\/wp\/v2\/comments?post=273861"}],"version-history":[{"count":0,"href":"https:\/\/www.nationalturk.com\/tr\/wp-json\/wp\/v2\/posts\/273861\/revisions"}],"wp:featuredmedia":[{"embeddable":true,"href":"https:\/\/www.nationalturk.com\/tr\/wp-json\/wp\/v2\/media\/272875"}],"wp:attachment":[{"href":"https:\/\/www.nationalturk.com\/tr\/wp-json\/wp\/v2\/media?parent=273861"}],"wp:term":[{"taxonomy":"category","embeddable":true,"href":"https:\/\/www.nationalturk.com\/tr\/wp-json\/wp\/v2\/categories?post=273861"},{"taxonomy":"post_tag","embeddable":true,"href":"https:\/\/www.nationalturk.com\/tr\/wp-json\/wp\/v2\/tags?post=273861"}],"curies":[{"name":"wp","href":"https:\/\/api.w.org\/{rel}","templated":true}]}}