{"id":273962,"date":"2019-02-06T14:44:59","date_gmt":"2019-02-06T11:44:59","guid":{"rendered":"https:\/\/www.nationalturk.com\/?p=273962"},"modified":"2019-02-06T14:44:59","modified_gmt":"2019-02-06T11:44:59","slug":"kutsal-gun-diye-eurovisiondan-cekildiler","status":"publish","type":"post","link":"https:\/\/www.nationalturk.com\/tr\/kutsal-gun-diye-eurovisiondan-cekildiler\/","title":{"rendered":"&#8220;Kutsal g\u00fcn&#8221; diye Eurovision&#8217;dan \u00e7ekildiler!"},"content":{"rendered":"<h2>\u0130srailli bir m\u00fczik grubu Shalva, Eurovision \u015eark\u0131 Yar\u0131\u015fmas\u0131 finalinden \u00f6nce yap\u0131lan provan\u0131n Yahudi \u015feriat\u0131na g\u00f6re kutsal say\u0131lan \u015eabat&#8217;a denk gelmesi nedeniyle \u0130srail elemelerinden \u00e7ekildi.<\/h2>\n<p>G\u00f6rme engelli ve down sendromlu m\u00fczisyenlerin de yer ald\u0131\u011f\u0131 &#8220;Shalva&#8221; isimli grup, Eurovision finalinden bir g\u00fcn \u00f6nce yap\u0131lan provan\u0131n Yahudilik inanc\u0131na g\u00f6re \u00e7al\u0131\u015fman\u0131n yasak oldu\u011fu \u015eabat&#8217;a rastlamas\u0131 sebebiyle \u0130srail&#8217;i temsil edecek grup veya \u015fark\u0131c\u0131n\u0131n belirlendi\u011fi s\u0131ralama turlar\u0131ndan \u00e7ekilme karar\u0131 ald\u0131. <\/p>\n<p>Grup \u00fcyeleri, \u015eabat&#8217;ta \u00e7al\u0131\u015fmamak i\u00e7in Eurovision&#8217;dan kendilerine ayr\u0131cal\u0131k g\u00f6sterilmesini ve finalden \u00f6nceki provan\u0131n \u015eabat girmeden yap\u0131lmas\u0131n\u0131 talep etti. <\/p>\n<p>Ancak Eurovision y\u00f6netiminin yar\u0131\u015fmada \u0130srail&#8217;i temsil edecek \u015fark\u0131c\u0131 veya gruba ayr\u0131cal\u0131k yap\u0131lmayaca\u011f\u0131n\u0131 belirterek bu iste\u011fi geri \u00e7evirmesi \u00fczerine grup, \u0130srail elemelerinden ayr\u0131ld\u0131.<\/p>\n<p>Yerel bas\u0131na konu\u015fan grup \u00fcyeleri, Eurovision \u015eark\u0131 Yar\u0131\u015fmas\u0131&#8217;n\u0131n kurallar\u0131n\u0131 bildiklerini ancak \u0130srail&#8217;deki s\u0131ralama turlar\u0131nda bu kadar ba\u015far\u0131l\u0131 olacaklar\u0131n\u0131 tahmin etmediklerinden dolay\u0131 elemelere kat\u0131ld\u0131klar\u0131n\u0131 dile getirdi.  <\/p>\n<p>Shalva grubu, Eurovison \u015eark\u0131 Yar\u0131\u015fmas\u0131&#8217;nda \u0130srail&#8217;i temsil edecek \u015fark\u0131c\u0131 veya grubun belirlendi\u011fi s\u0131ralama turlar\u0131nda yar\u0131 finale kadar ula\u015fm\u0131\u015ft\u0131. <\/p>\n<p>Yahudi \u015feriat\u0131na g\u00f6re kutsal say\u0131lan ve \u00e7al\u0131\u015fman\u0131n yasak oldu\u011fu \u015eabat, cuma g\u00fcn bat\u0131m\u0131yla ba\u015flay\u0131p cumartesi g\u00fcn bat\u0131m\u0131 sonras\u0131na kadar devam eder. Yahudilik inanc\u0131na g\u00f6re ki\u015filerin \u015eabat&#8217;ta her t\u00fcrl\u00fc mesleki i\u015fine ara verip kendilerini ibadete vermesi beklenir.   <\/p>\n<p>Bu y\u0131l 64&#8217;\u00fcnc\u00fcs\u00fc d\u00fczenlenecek olan Eurovision \u015eark\u0131 Yar\u0131\u015f\u0131mas\u0131&#8217;n\u0131n finali 18 May\u0131s&#8217;ta \u0130srail&#8217;in ba\u015fkenti Tel Aviv&#8217;de yap\u0131lacak. Ge\u00e7en y\u0131l Portekiz&#8217;in ba\u015fkenti Lizbon&#8217;da yap\u0131lan 63. Eurovision \u015eark\u0131 Yar\u0131\u015fmas\u0131&#8217;n\u0131 &#8220;Toy&#8221; adl\u0131 \u015fark\u0131s\u0131yla \u0130srail&#8217;i temsil eden Netta Barzilai kazanm\u0131\u015ft\u0131.<\/p>\n<!-- Error, Advert is not available at this time due to schedule\/geolocation restrictions! -->\n","protected":false},"excerpt":{"rendered":"<p>\u0130srailli bir m\u00fczik grubu Shalva, Eurovision \u015eark\u0131 Yar\u0131\u015fmas\u0131 finalinden \u00f6nce yap\u0131lan provan\u0131n Yahudi \u015feriat\u0131na g\u00f6re kutsal say\u0131lan \u015eabat&#8217;a denk gelmesi nedeniyle \u0130srail elemelerinden \u00e7ekildi. G\u00f6rme engelli ve down sendromlu m\u00fczisyenlerin de yer ald\u0131\u011f\u0131 &#8220;Shalva&#8221; isimli grup, Eurovision finalinden bir g\u00fcn \u00f6nce yap\u0131lan provan\u0131n Yahudilik inanc\u0131na g\u00f6re \u00e7al\u0131\u015fman\u0131n yasak oldu\u011fu \u015eabat&#8217;a rastlamas\u0131 sebebiyle \u0130srail&#8217;i temsil edecek &hellip;<\/p>\n","protected":false},"author":4,"featured_media":273963,"comment_status":"open","ping_status":"open","sticky":false,"template":"","format":"standard","meta":{"_acf_changed":false,"footnotes":""},"categories":[6155,5005,36154,6772],"tags":[1236,1555],"class_list":["post-273962","post","type-post","status-publish","format-standard","has-post-thumbnail","hentry","category-gundem","category-manset","category-muzik","category-ortadogu","tag-eurovision","tag-israil"],"acf":[],"_links":{"self":[{"href":"https:\/\/www.nationalturk.com\/tr\/wp-json\/wp\/v2\/posts\/273962","targetHints":{"allow":["GET"]}}],"collection":[{"href":"https:\/\/www.nationalturk.com\/tr\/wp-json\/wp\/v2\/posts"}],"about":[{"href":"https:\/\/www.nationalturk.com\/tr\/wp-json\/wp\/v2\/types\/post"}],"author":[{"embeddable":true,"href":"https:\/\/www.nationalturk.com\/tr\/wp-json\/wp\/v2\/users\/4"}],"replies":[{"embeddable":true,"href":"https:\/\/www.nationalturk.com\/tr\/wp-json\/wp\/v2\/comments?post=273962"}],"version-history":[{"count":0,"href":"https:\/\/www.nationalturk.com\/tr\/wp-json\/wp\/v2\/posts\/273962\/revisions"}],"wp:featuredmedia":[{"embeddable":true,"href":"https:\/\/www.nationalturk.com\/tr\/wp-json\/wp\/v2\/media\/273963"}],"wp:attachment":[{"href":"https:\/\/www.nationalturk.com\/tr\/wp-json\/wp\/v2\/media?parent=273962"}],"wp:term":[{"taxonomy":"category","embeddable":true,"href":"https:\/\/www.nationalturk.com\/tr\/wp-json\/wp\/v2\/categories?post=273962"},{"taxonomy":"post_tag","embeddable":true,"href":"https:\/\/www.nationalturk.com\/tr\/wp-json\/wp\/v2\/tags?post=273962"}],"curies":[{"name":"wp","href":"https:\/\/api.w.org\/{rel}","templated":true}]}}