{"id":273967,"date":"2019-02-06T15:08:37","date_gmt":"2019-02-06T12:08:37","guid":{"rendered":"https:\/\/www.nationalturk.com\/?p=273967"},"modified":"2019-02-06T15:08:37","modified_gmt":"2019-02-06T12:08:37","slug":"otobuste-namaz-dayagi-tekme-tokat-dovduler-bir-de-vaaz-verdiler-islamda-kaza-var","status":"publish","type":"post","link":"https:\/\/www.nationalturk.com\/tr\/otobuste-namaz-dayagi-tekme-tokat-dovduler-bir-de-vaaz-verdiler-islamda-kaza-var\/","title":{"rendered":"Otob\u00fcste namaz daya\u011f\u0131! &#8220;Tekme tokat d\u00f6vd\u00fcler, bir de vaaz verdiler: \u0130slam&#8217;da kaza var&#8221;"},"content":{"rendered":"<h2>\u00d6zlem Batman adl\u0131 firmayla seyahat eden bir yolcu, sabah namaz\u0131 i\u00e7in otob\u00fcs\u00fcn durmas\u0131n\u0131 istedi\u011fi i\u00e7in firma \u00e7al\u0131\u015fanlar\u0131ndan tekme tokat dayak yedi\u011fini iddia etti.<\/h2>\n<p>Karde\u015flik Birli\u011fi Vakf\u0131 Batman \u0130l Ba\u015fkan\u0131 \u015eehmus Temiz, Ankara-Batman seferini yapan &#8216;Batman \u00d6zlem&#8217; firmas\u0131 \u00e7al\u0131\u015fanlar\u0131n\u0131n kendisini darp etti\u011fini \u00f6ne s\u00fcrd\u00fc.<br \/>\n\u0130ddias\u0131na g\u00f6re, sabah namaz\u0131 k\u0131lmak i\u00e7in otob\u00fcs\u00fc durdurmak isteyen Temiz, otob\u00fcs\u00fcn ge\u00e7 durmas\u0131 ve &#8216;abdest alacak yer arad\u0131\u011f\u0131&#8217; i\u00e7in sabah namaz\u0131n\u0131 birka\u00e7 dakika ge\u00e7 k\u0131ld\u0131. <\/p>\n<p>Otob\u00fcse geri d\u00f6nd\u00fc\u011f\u00fcnde ise \u00e7al\u0131\u015fanlarla tart\u0131\u015ft\u0131\u011f\u0131n\u0131 s\u00f6yleyen Temiz, muavinlerin ve \u015fof\u00f6rlerin kendisine hakaret ederek sald\u0131rd\u0131klar\u0131n\u0131 iddia etti. <\/p>\n<p>\u0130ddialar\u0131n\u0131 Facebook hesab\u0131 \u00fczerinden payla\u015fan Temiz&#8217;in payla\u015f\u0131m\u0131 \u015fu \u015fekilde:<\/p>\n<p>https:\/\/www.facebook.com\/sehmus.temiz.5\/posts\/10157219578394802<\/p>\n<!-- Error, Advert is not available at this time due to schedule\/geolocation restrictions! -->\n","protected":false},"excerpt":{"rendered":"<p>\u00d6zlem Batman adl\u0131 firmayla seyahat eden bir yolcu, sabah namaz\u0131 i\u00e7in otob\u00fcs\u00fcn durmas\u0131n\u0131 istedi\u011fi i\u00e7in firma \u00e7al\u0131\u015fanlar\u0131ndan tekme tokat dayak yedi\u011fini iddia etti. Karde\u015flik Birli\u011fi Vakf\u0131 Batman \u0130l Ba\u015fkan\u0131 \u015eehmus Temiz, Ankara-Batman seferini yapan &#8216;Batman \u00d6zlem&#8217; firmas\u0131 \u00e7al\u0131\u015fanlar\u0131n\u0131n kendisini darp etti\u011fini \u00f6ne s\u00fcrd\u00fc. \u0130ddias\u0131na g\u00f6re, sabah namaz\u0131 k\u0131lmak i\u00e7in otob\u00fcs\u00fc durdurmak isteyen Temiz, otob\u00fcs\u00fcn ge\u00e7 &hellip;<\/p>\n","protected":false},"author":4,"featured_media":273968,"comment_status":"open","ping_status":"open","sticky":false,"template":"","format":"standard","meta":{"_acf_changed":false,"footnotes":""},"categories":[6155,5005,349,6805],"tags":[882,1470,4905,208909],"class_list":["post-273967","post","type-post","status-publish","format-standard","has-post-thumbnail","hentry","category-gundem","category-manset","category-son-dakika","category-turkiye","tag-batman","tag-diyarbakir","tag-facebook","tag-ozlem-batman"],"acf":[],"_links":{"self":[{"href":"https:\/\/www.nationalturk.com\/tr\/wp-json\/wp\/v2\/posts\/273967","targetHints":{"allow":["GET"]}}],"collection":[{"href":"https:\/\/www.nationalturk.com\/tr\/wp-json\/wp\/v2\/posts"}],"about":[{"href":"https:\/\/www.nationalturk.com\/tr\/wp-json\/wp\/v2\/types\/post"}],"author":[{"embeddable":true,"href":"https:\/\/www.nationalturk.com\/tr\/wp-json\/wp\/v2\/users\/4"}],"replies":[{"embeddable":true,"href":"https:\/\/www.nationalturk.com\/tr\/wp-json\/wp\/v2\/comments?post=273967"}],"version-history":[{"count":0,"href":"https:\/\/www.nationalturk.com\/tr\/wp-json\/wp\/v2\/posts\/273967\/revisions"}],"wp:featuredmedia":[{"embeddable":true,"href":"https:\/\/www.nationalturk.com\/tr\/wp-json\/wp\/v2\/media\/273968"}],"wp:attachment":[{"href":"https:\/\/www.nationalturk.com\/tr\/wp-json\/wp\/v2\/media?parent=273967"}],"wp:term":[{"taxonomy":"category","embeddable":true,"href":"https:\/\/www.nationalturk.com\/tr\/wp-json\/wp\/v2\/categories?post=273967"},{"taxonomy":"post_tag","embeddable":true,"href":"https:\/\/www.nationalturk.com\/tr\/wp-json\/wp\/v2\/tags?post=273967"}],"curies":[{"name":"wp","href":"https:\/\/api.w.org\/{rel}","templated":true}]}}