{"id":274223,"date":"2019-02-13T17:04:21","date_gmt":"2019-02-13T14:04:21","guid":{"rendered":"https:\/\/www.nationalturk.com\/?p=274223"},"modified":"2022-09-11T14:11:32","modified_gmt":"2022-09-11T11:11:32","slug":"losemili-sporcuya-bu-soylenir-mi-madalya-bekliyorduk","status":"publish","type":"post","link":"https:\/\/www.nationalturk.com\/tr\/losemili-sporcuya-bu-soylenir-mi-madalya-bekliyorduk\/","title":{"rendered":"L\u00f6semili sporcuya bu s\u00f6ylenir mi? &#8220;Madalya bekliyorduk&#8221;"},"content":{"rendered":"<h2>Japonya&#8217;da Olimpiyat Oyunlar\u0131 komitesinden sorumlu bakan Yo\u015fitaka Sakurada&#8217;n\u0131n d\u00fcn l\u00f6semi te\u015fhisi konulan gen\u00e7ler kelebek y\u00fczme rekortmeni Japon milli y\u00fcz\u00fcc\u00fc Rikako Ikee ile ilgili s\u00f6yledikleri \u00fclkede tepkiyle kar\u015f\u0131land\u0131.<\/h2>\n<p>BBC&#8217;den Ilg\u0131n Yorulmaz&#8217;\u0131n haberine g\u00f6re, Sakurada, 2020 Tokyo Olimpiyatlar\u0131&#8217;na kat\u0131lmas\u0131 tehlikeye giren d\u00fcnya gen\u00e7ler kelebek y\u00fczme rekortmeni gen\u00e7 Japon milli y\u00fcz\u00fcc\u00fc Rikako Ikee ile ilgili olarak &#8220;Alt\u0131n madalya alma olas\u0131l\u0131\u011f\u0131 y\u00fcksek, kendisinden \u00e7ok \u015fey bekledi\u011fimiz bir sporcu. Ger\u00e7ekten hayal k\u0131r\u0131kl\u0131\u011f\u0131na u\u011frad\u0131m. Umar\u0131m tedavisine odaklan\u0131p elinden geleni yapar. Onun gibi bir ki\u015fi \u00f6nc\u00fcl\u00fck etti mi t\u00fcm tak\u0131m\u0131 co\u015fturuyor. Bu heyecan\u0131n s\u00f6nmesinden endi\u015feleniyorum&#8221; dedi.<br \/>\nSporcular, siyasiler ve Ikee hayranlar\u0131 Sakurada&#8217;ya ve ba\u015f\u0131nda bulundu\u011fu bakanl\u0131\u011fa sosyal medyadan tepki ya\u011fd\u0131.<\/p>\n<p>Gerek Japonya gerek Asya&#8217;da b\u00fcy\u00fck bir hayran kitlesi bulunan Ikee&#8217;nin hayranlar\u0131, bakan\u0131 &#8220;kalpsizlikle&#8221; su\u00e7lad\u0131lar ve Sakurada&#8217;n\u0131n istifa etmesini istediler.<\/p>\n<p>Bir hayran\u0131, &#8220;Pek \u00e7ok insan Olimpiyatlar veya madalyadan \u00e7ok sadece Ikee&#8217;nin iyile\u015fmesini istiyor. \u015eu an \u00f6nemli olan \u015fey bu ve daha fazla gereksiz yoruma gerek yok&#8221; diye yazd\u0131.<\/p>\n<p>Muhalefetteki Japonya Anayasal Demokratik Partisi lideri Yukio Edano ise &#8220;Elim bir hastal\u0131kla m\u00fccadele eden birine bile empati g\u00f6steremiyor&#8221; diyerek Sakurada&#8217;y\u0131 ele\u015ftirdi.<\/p>\n<p>Sakurada ise gelen yo\u011fun tepkiler \u00fczerine ak\u015fam saatlerinde yapt\u0131\u011f\u0131 a\u00e7\u0131klamayla Ikee ve hayranlar\u0131ndan \u00f6z\u00fcr diledi.<\/p>\n<p>Ge\u00e7en yaz Endonezya&#8217;n\u0131n ba\u015fkenti Jakarta&#8217;da yap\u0131lan Asya Oyunlar\u0131&#8217;nda y\u00fczmede 50 metre ve 100 metre serbest, kelebek ve tak\u0131m yar\u0131\u015flar\u0131nda toplam 6 alt\u0131n ve 2 g\u00fcm\u00fc\u015f madalya kazanarak turnuvan\u0131n En De\u011ferli Oyuncusu se\u00e7ilen ilk kad\u0131n sporcu olarak da tarihe ge\u00e7en 18 ya\u015f\u0131ndaki Rikako \u0130kee \u015fu an Tokyo&#8217;da bir hastanede l\u00f6semi tedavisi g\u00f6r\u00fcyor.<\/p>\n<p>2020 Tokyo Olimpiyatlar\u0131&#8217;n\u0131n madalya i\u00e7in en favori kad\u0131n y\u00fcz\u00fcc\u00fclerinden biri olan Ikee&#8217;nin Olimpiyatlar&#8217;a kat\u0131l\u0131p kat\u0131lamayaca\u011f\u0131 ise \u015fu an belirsiz. Kyodo Haber Ajans\u0131&#8217;na konu\u015fan antren\u00f6r\u00fc Jiro Miki, bunun &#8220;s\u0131f\u0131r olas\u0131l\u0131k&#8221; olmad\u0131\u011f\u0131n\u0131 s\u00f6yleyip oyunlarda yar\u0131\u015faca\u011f\u0131 \u00fcmidini yitirmedi\u011fini s\u00f6yledi.<\/p>\n<p>Ayn\u0131 zamanda Japonya Siber G\u00fcvenlik Bakan\u0131 olan Sakurada, bundan \u00fc\u00e7 ay \u00f6nce de i\u015f ya\u015fam\u0131nda \u015fimdiye dek hi\u00e7 bilgisayar kullanmad\u0131\u011f\u0131n\u0131 itiraf etmesi b\u00fcy\u00fck \u015fa\u015fk\u0131nl\u0131k yaratm\u0131\u015f ve tepki \u00e7ekmi\u015fti.<\/p>\n<!-- Error, Advert is not available at this time due to schedule\/geolocation restrictions! -->\n","protected":false},"excerpt":{"rendered":"<p>Japonya&#8217;da Olimpiyat Oyunlar\u0131 komitesinden sorumlu bakan Yo\u015fitaka Sakurada&#8217;n\u0131n d\u00fcn l\u00f6semi te\u015fhisi konulan gen\u00e7ler kelebek y\u00fczme rekortmeni Japon milli y\u00fcz\u00fcc\u00fc Rikako Ikee ile ilgili s\u00f6yledikleri \u00fclkede tepkiyle kar\u015f\u0131land\u0131. BBC&#8217;den Ilg\u0131n Yorulmaz&#8217;\u0131n haberine g\u00f6re, Sakurada, 2020 Tokyo Olimpiyatlar\u0131&#8217;na kat\u0131lmas\u0131 tehlikeye giren d\u00fcnya gen\u00e7ler kelebek y\u00fczme rekortmeni gen\u00e7 Japon milli y\u00fcz\u00fcc\u00fc Rikako Ikee ile ilgili olarak &#8220;Alt\u0131n madalya &hellip;<\/p>\n","protected":false},"author":4,"featured_media":274224,"comment_status":"open","ping_status":"open","sticky":false,"template":"","format":"standard","meta":{"_acf_changed":false,"footnotes":""},"categories":[6155,5005,220816,6662],"tags":[863],"class_list":["post-274223","post","type-post","status-publish","format-standard","has-post-thumbnail","hentry","category-gundem","category-manset","category-uzak-dogu","category-yasam","tag-japonya"],"acf":[],"_links":{"self":[{"href":"https:\/\/www.nationalturk.com\/tr\/wp-json\/wp\/v2\/posts\/274223","targetHints":{"allow":["GET"]}}],"collection":[{"href":"https:\/\/www.nationalturk.com\/tr\/wp-json\/wp\/v2\/posts"}],"about":[{"href":"https:\/\/www.nationalturk.com\/tr\/wp-json\/wp\/v2\/types\/post"}],"author":[{"embeddable":true,"href":"https:\/\/www.nationalturk.com\/tr\/wp-json\/wp\/v2\/users\/4"}],"replies":[{"embeddable":true,"href":"https:\/\/www.nationalturk.com\/tr\/wp-json\/wp\/v2\/comments?post=274223"}],"version-history":[{"count":0,"href":"https:\/\/www.nationalturk.com\/tr\/wp-json\/wp\/v2\/posts\/274223\/revisions"}],"wp:featuredmedia":[{"embeddable":true,"href":"https:\/\/www.nationalturk.com\/tr\/wp-json\/wp\/v2\/media\/274224"}],"wp:attachment":[{"href":"https:\/\/www.nationalturk.com\/tr\/wp-json\/wp\/v2\/media?parent=274223"}],"wp:term":[{"taxonomy":"category","embeddable":true,"href":"https:\/\/www.nationalturk.com\/tr\/wp-json\/wp\/v2\/categories?post=274223"},{"taxonomy":"post_tag","embeddable":true,"href":"https:\/\/www.nationalturk.com\/tr\/wp-json\/wp\/v2\/tags?post=274223"}],"curies":[{"name":"wp","href":"https:\/\/api.w.org\/{rel}","templated":true}]}}