{"id":274432,"date":"2019-02-21T10:04:21","date_gmt":"2019-02-21T07:04:21","guid":{"rendered":"https:\/\/www.nationalturk.com\/?p=274432"},"modified":"2019-02-21T10:04:21","modified_gmt":"2019-02-21T07:04:21","slug":"canakkalede-artci-sarsintilar-suruyor","status":"publish","type":"post","link":"https:\/\/www.nationalturk.com\/tr\/canakkalede-artci-sarsintilar-suruyor\/","title":{"rendered":"\u00c7anakkale&#8217;de art\u00e7\u0131 sars\u0131nt\u0131lar s\u00fcr\u00fcyor"},"content":{"rendered":"<h2>Marmara B\u00f6lgesi genelinde hissedilen, merkez \u00fcss\u00fc \u00c7anakkale&#8217;nin Ayvac\u0131k il\u00e7esi olan 5 b\u00fcy\u00fckl\u00fc\u011f\u00fcnde deprem meydana geldi. Depremin ard\u0131ndan bir\u00e7ok art\u00e7\u0131 sars\u0131nt\u0131 ya\u015fand\u0131.<\/h2>\n<p>\u00c7anakkale Valili\u011finden yap\u0131lan a\u00e7\u0131klamada, merkez \u00fcss\u00fc Ayvac\u0131k&#8217;\u0131n Tart\u0131\u015f\u0131k k\u00f6y\u00fc olan 5 b\u00fcy\u00fckl\u00fc\u011f\u00fcndeki depremin yerin 5,95 kilometre derinli\u011finde kaydedildi\u011fi belirtildi.<\/p>\n<p>Depremin ard\u0131ndan b\u00f6lgede b\u00fcy\u00fckl\u00fckleri 1 ile 3,6 aras\u0131nda 46 art\u00e7\u0131 sars\u0131nt\u0131 meydana geldi\u011fi bilgisinin yer ald\u0131\u011f\u0131 a\u00e7\u0131klamada, deprem aktivitesinin takip edildi\u011fi hat\u0131rlat\u0131ld\u0131.<\/p>\n<p>\u0130l\u00e7e kaymakaml\u0131klar\u0131, AFAD, emniyet, jandarma, \u00c7evre ve \u015eehircilik \u0130l M\u00fcd\u00fcrl\u00fc\u011f\u00fc, T\u00fcrk K\u0131z\u0131lay\u0131, UMKE ve muhtarl\u0131klarca b\u00f6lgede yap\u0131lan \u00e7al\u0131\u015fmalara g\u00f6re herhangi bir can kayb\u0131 meydana gelmedi\u011fi, Ayvac\u0131k&#8217;ta 15, il merkezi ve di\u011fer il\u00e7elerde 6 ki\u015finin deprem korkusuyla hastaneye ba\u015fvurdu\u011fu kaydedildi.<\/p>\n<p>Depremde saha tarama bilgilerinin de yap\u0131ld\u0131\u011f\u0131na i\u015faret edilen a\u00e7\u0131klamada, \u015fu ifadelere yer verildi:<\/p>\n<p>&#8220;Adatepe k\u00f6y\u00fcnde 2 konutun, Ahmet\u00e7e k\u00f6y\u00fcnde 1 cami, 1 okul, 8 bo\u015f bina ve 12 konutun, Ak\u00e7in k\u00f6y\u00fcnde 1 ah\u0131r ve 3 konutun, Baharlar k\u00f6y\u00fcnde 2 konutun, \u00c7alt\u0131 k\u00f6y\u00fcnde 3 konutun, Dibekli k\u00f6y\u00fcnde 1 bo\u015f bina ve 8 konutun, G\u00fczelk\u00f6y k\u00f6y\u00fcnde 7 konutun, Kayalar k\u00f6y\u00fcnde 7 bo\u015f bina ve 6 konutun, K\u0131sac\u0131k k\u00f6y\u00fcnde 6 konutun, Sazl\u0131 k\u00f6y\u00fcnde 4 ah\u0131r, 1 cami, 9 bo\u015f bina ve 5 konutun, Misvak k\u00f6y\u00fcnde 1 konutun ve S\u00fcleymank\u00f6y k\u00f6y\u00fcnde 2 konutun duvarlar\u0131nda \u00e7atlakl\u0131klar, eski ve bo\u015f binalarda duvar y\u0131k\u0131lmalar\u0131 ve hasarlar oldu\u011fu \u00f6n bilgi olarak elde edilmi\u015ftir. Ayvac\u0131k Kaymakaml\u0131\u011f\u0131nca tertip edilen ekipler \u00e7al\u0131\u015fmalar\u0131na devam etmektedir. <\/p>\n<p>Sabah erken saatlerden itibaren \u00c7evre ve \u015eehircilik \u0130l M\u00fcd\u00fcrl\u00fc\u011f\u00fc teknik elemanlar\u0131ndan olu\u015fan 8 ekiple \u00f6n hasar tespit \u00e7al\u0131\u015fmalar\u0131na ba\u015flan\u0131lacakt\u0131r. Aile, \u00c7al\u0131\u015fma ve Sosyal Hizmetler \u0130l M\u00fcd\u00fcrl\u00fc\u011f\u00fcn\u00fcn Psikososyal Destek Ekipleri 21 \u015eubat Per\u015fembe g\u00fcn\u00fc olay b\u00f6lgesinde olacaklard\u0131r. \u0130l \u00d6zel \u0130daresi ekipleri ve ilgili di\u011fer kurum ve kurulu\u015flar\u0131n ekipleri de mahallinde \u00e7al\u0131\u015fma yapacaklard\u0131r. Yap\u0131lan \u00e7al\u0131\u015fmalar ve ilgili di\u011fer hususlar \u0130l Afet ve Acil Durum Y\u00f6netim Merkezi (AADYM) taraf\u0131ndan koordine ve takip edilmektedir.&#8221;<\/p>\n<!-- Error, Advert is not available at this time due to schedule\/geolocation restrictions! -->\n","protected":false},"excerpt":{"rendered":"<p>Marmara B\u00f6lgesi genelinde hissedilen, merkez \u00fcss\u00fc \u00c7anakkale&#8217;nin Ayvac\u0131k il\u00e7esi olan 5 b\u00fcy\u00fckl\u00fc\u011f\u00fcnde deprem meydana geldi. Depremin ard\u0131ndan bir\u00e7ok art\u00e7\u0131 sars\u0131nt\u0131 ya\u015fand\u0131. \u00c7anakkale Valili\u011finden yap\u0131lan a\u00e7\u0131klamada, merkez \u00fcss\u00fc Ayvac\u0131k&#8217;\u0131n Tart\u0131\u015f\u0131k k\u00f6y\u00fc olan 5 b\u00fcy\u00fckl\u00fc\u011f\u00fcndeki depremin yerin 5,95 kilometre derinli\u011finde kaydedildi\u011fi belirtildi. Depremin ard\u0131ndan b\u00f6lgede b\u00fcy\u00fckl\u00fckleri 1 ile 3,6 aras\u0131nda 46 art\u00e7\u0131 sars\u0131nt\u0131 meydana geldi\u011fi bilgisinin yer &hellip;<\/p>\n","protected":false},"author":4,"featured_media":274433,"comment_status":"open","ping_status":"open","sticky":false,"template":"","format":"standard","meta":{"_acf_changed":false,"footnotes":""},"categories":[6155,763,349],"tags":[47569,1005,14320],"class_list":["post-274432","post","type-post","status-publish","format-standard","has-post-thumbnail","hentry","category-gundem","category-gunun-olayi","category-son-dakika","tag-ayvacik","tag-canakkale","tag-deprem"],"acf":[],"_links":{"self":[{"href":"https:\/\/www.nationalturk.com\/tr\/wp-json\/wp\/v2\/posts\/274432","targetHints":{"allow":["GET"]}}],"collection":[{"href":"https:\/\/www.nationalturk.com\/tr\/wp-json\/wp\/v2\/posts"}],"about":[{"href":"https:\/\/www.nationalturk.com\/tr\/wp-json\/wp\/v2\/types\/post"}],"author":[{"embeddable":true,"href":"https:\/\/www.nationalturk.com\/tr\/wp-json\/wp\/v2\/users\/4"}],"replies":[{"embeddable":true,"href":"https:\/\/www.nationalturk.com\/tr\/wp-json\/wp\/v2\/comments?post=274432"}],"version-history":[{"count":0,"href":"https:\/\/www.nationalturk.com\/tr\/wp-json\/wp\/v2\/posts\/274432\/revisions"}],"wp:featuredmedia":[{"embeddable":true,"href":"https:\/\/www.nationalturk.com\/tr\/wp-json\/wp\/v2\/media\/274433"}],"wp:attachment":[{"href":"https:\/\/www.nationalturk.com\/tr\/wp-json\/wp\/v2\/media?parent=274432"}],"wp:term":[{"taxonomy":"category","embeddable":true,"href":"https:\/\/www.nationalturk.com\/tr\/wp-json\/wp\/v2\/categories?post=274432"},{"taxonomy":"post_tag","embeddable":true,"href":"https:\/\/www.nationalturk.com\/tr\/wp-json\/wp\/v2\/tags?post=274432"}],"curies":[{"name":"wp","href":"https:\/\/api.w.org\/{rel}","templated":true}]}}