{"id":274449,"date":"2019-02-21T14:12:21","date_gmt":"2019-02-21T11:12:21","guid":{"rendered":"https:\/\/www.nationalturk.com\/?p=274449"},"modified":"2019-02-21T14:12:21","modified_gmt":"2019-02-21T11:12:21","slug":"28-subatta-bile-bu-kadar-agir-iskenceye-sahit-olmadik","status":"publish","type":"post","link":"https:\/\/www.nationalturk.com\/tr\/28-subatta-bile-bu-kadar-agir-iskenceye-sahit-olmadik\/","title":{"rendered":"&#8220;28 \u015eubat&#8217;ta bile bu kadar a\u011f\u0131r i\u015fkenceye \u015fahit olmad\u0131k&#8221;"},"content":{"rendered":"<h2>HDP \u0130stanbul Milletvekili H\u00fcda Kaya, &#8220;Ailece 28 \u015eubat s\u00fcrecinde hapishane hapishane dola\u015ft\u0131k, defalarca g\u00f6zalt\u0131na al\u0131nd\u0131k ancak bu kadar a\u011f\u0131r bir i\u015fkence, taciz, bask\u0131 ve \u015fiddet ortam\u0131na \u015fahit olmam\u0131\u015ft\u0131k.&#8221; dedi.<\/h2>\n<p>Kaya, TBMM&#8217;de d\u00fczenledi\u011fi bas\u0131n toplant\u0131s\u0131nda, &#8220;postmodern darbe&#8221; olarak nitelendirilen 28 \u015eubat&#8217;\u0131n y\u0131l d\u00f6n\u00fcm\u00fcn\u00fcn yakla\u015ft\u0131\u011f\u0131n\u0131 belirterek, o g\u00fcnlerde ya\u015fananlar\u0131n d\u00fcn gibi ak\u0131llar\u0131nda oldu\u011funu s\u00f6yledi.<\/p>\n<p>O d\u00f6nem yapt\u0131klar\u0131 eylemlerde ve meydanlarda, &#8220;Herkes i\u00e7in adalet, ba\u015f\u00f6rt\u00fcye \u00f6zg\u00fcrl\u00fck&#8221; dediklerini an\u0131msatan H\u00fcda Kaya, &#8220;Aradan y\u0131llar ge\u00e7ti ve o d\u00f6nemlerde eylemlerimizin yan\u0131ndan bile ge\u00e7meyen bir k\u0131s\u0131m odaklar iktidar oldu. G\u00fc\u00e7 bu sefer onlar\u0131n eline ge\u00e7ti. Bekledi\u011fimiz adalet, \u00f6zg\u00fcrl\u00fck ve onurlu ya\u015fam ger\u00e7ekle\u015fti mi? Hay\u0131r. D\u00fcn de kad\u0131nlar \u00fczerinden kendini, zulm\u00fcn\u00fc, \u00e7irkinli\u011fini g\u00f6steren g\u00fcce tapan darbeci, eril, iktidarc\u0131 odaklar bug\u00fcn de varl\u0131\u011f\u0131n\u0131 AKP iktidar\u0131yla s\u00fcrd\u00fcrmektedirler.&#8221; g\u00f6r\u00fc\u015f\u00fcn\u00fc savundu.<\/p>\n<p>Ankara&#8217;daki yasa d\u0131\u015f\u0131 g\u00f6steride taciz iddias\u0131na de\u011finen Kaya, &#8220;Merve Demirel burada. Meclisin abs\u00fcrt\u00e7e, sa\u00e7maca koydu\u011fu yasaktan dolay\u0131 \u015fu anda k\u00fcrs\u00fcde yan\u0131mda de\u011fil ama Meclisin \u00e7at\u0131s\u0131 alt\u0131nda \u015fu anda beraberiz. 28 \u015eubat a\u00e7\u0131klamas\u0131n\u0131 beraber yap\u0131yoruz. Bunun i\u00e7in geldi.&#8221; ifadesini kulland\u0131. <\/p>\n<p>Merve Demirel&#8217;in yan\u0131nda olduklar\u0131n\u0131 ve ona sahip \u00e7\u0131kt\u0131klar\u0131n\u0131 dile getiren H\u00fcda Kaya, &#8220;Kad\u0131nlara d\u00fc\u015fmanl\u0131k edenlere, erkek\u00e7i, tacizci zihniyetleri ile bizlere &#8216;hodri meydan&#8217; diyenlere biz de buradan &#8216;hodri meydan&#8217; diyoruz.&#8221; diye konu\u015ftu. <\/p>\n<p>Kaya, \u015f\u00f6yle devam etti:<\/p>\n<p>&#8220;Y\u0131llard\u0131r b\u0131k\u0131p usanmadan ve utanmadan &#8216;Kabata\u015f&#8217;ta ba\u015f\u00f6rt\u00fcl\u00fc bac\u0131m\u0131 taciz ettiler&#8217; yalan\u0131na sar\u0131lanlar ve bu yalana inananlar, iddia etti\u011finiz o kad\u0131n hani nerede? D\u00fcr\u00fcst\u00e7e y\u00fcz\u00fcn\u00fc bile g\u00f6steremediniz ama Merve Demirel i\u015fte burada. \u015eimdi de &#8216;Benim ba\u015f\u00f6rt\u00fcl\u00fc bac\u0131ma sald\u0131rd\u0131lar&#8217; diyebiliyor musunuz? Hay\u0131r. Yine tacize, \u015fiddete, tecav\u00fcze, istismara sahip \u00e7\u0131kan sizlersiniz. T\u00fcrkiye&#8217;nin ilk ba\u015f\u00f6rt\u00fcl\u00fc belediye ba\u015fkan\u0131na kayyum atay\u0131p y\u0131llard\u0131r hapseden bu iktidard\u0131r. Ailece 28 \u015eubat s\u00fcrecinde hapishane hapishane dola\u015ft\u0131k, defalarca g\u00f6zalt\u0131na al\u0131nd\u0131k ancak bu kadar a\u011f\u0131r bir i\u015fkence, taciz, bask\u0131 ve \u015fiddet ortam\u0131na \u015fahit olmam\u0131\u015ft\u0131k. T\u00fcrkiye, her alanda son d\u00f6nemlerin en k\u00f6t\u00fc, karanl\u0131k y\u0131llar\u0131n\u0131 ya\u015famaktad\u0131r.&#8221;<\/p>\n<!-- Error, Advert is not available at this time due to schedule\/geolocation restrictions! -->\n","protected":false},"excerpt":{"rendered":"<p>HDP \u0130stanbul Milletvekili H\u00fcda Kaya, &#8220;Ailece 28 \u015eubat s\u00fcrecinde hapishane hapishane dola\u015ft\u0131k, defalarca g\u00f6zalt\u0131na al\u0131nd\u0131k ancak bu kadar a\u011f\u0131r bir i\u015fkence, taciz, bask\u0131 ve \u015fiddet ortam\u0131na \u015fahit olmam\u0131\u015ft\u0131k.&#8221; dedi. Kaya, TBMM&#8217;de d\u00fczenledi\u011fi bas\u0131n toplant\u0131s\u0131nda, &#8220;postmodern darbe&#8221; olarak nitelendirilen 28 \u015eubat&#8217;\u0131n y\u0131l d\u00f6n\u00fcm\u00fcn\u00fcn yakla\u015ft\u0131\u011f\u0131n\u0131 belirterek, o g\u00fcnlerde ya\u015fananlar\u0131n d\u00fcn gibi ak\u0131llar\u0131nda oldu\u011funu s\u00f6yledi. O d\u00f6nem yapt\u0131klar\u0131 &hellip;<\/p>\n","protected":false},"author":4,"featured_media":274450,"comment_status":"open","ping_status":"open","sticky":false,"template":"","format":"standard","meta":{"_acf_changed":false,"footnotes":""},"categories":[6155,5005,6202],"tags":[17258,146668,211090],"class_list":["post-274449","post","type-post","status-publish","format-standard","has-post-thumbnail","hentry","category-gundem","category-manset","category-politika","tag-28-subat","tag-hdp","tag-huda-kaya"],"acf":[],"_links":{"self":[{"href":"https:\/\/www.nationalturk.com\/tr\/wp-json\/wp\/v2\/posts\/274449","targetHints":{"allow":["GET"]}}],"collection":[{"href":"https:\/\/www.nationalturk.com\/tr\/wp-json\/wp\/v2\/posts"}],"about":[{"href":"https:\/\/www.nationalturk.com\/tr\/wp-json\/wp\/v2\/types\/post"}],"author":[{"embeddable":true,"href":"https:\/\/www.nationalturk.com\/tr\/wp-json\/wp\/v2\/users\/4"}],"replies":[{"embeddable":true,"href":"https:\/\/www.nationalturk.com\/tr\/wp-json\/wp\/v2\/comments?post=274449"}],"version-history":[{"count":0,"href":"https:\/\/www.nationalturk.com\/tr\/wp-json\/wp\/v2\/posts\/274449\/revisions"}],"wp:featuredmedia":[{"embeddable":true,"href":"https:\/\/www.nationalturk.com\/tr\/wp-json\/wp\/v2\/media\/274450"}],"wp:attachment":[{"href":"https:\/\/www.nationalturk.com\/tr\/wp-json\/wp\/v2\/media?parent=274449"}],"wp:term":[{"taxonomy":"category","embeddable":true,"href":"https:\/\/www.nationalturk.com\/tr\/wp-json\/wp\/v2\/categories?post=274449"},{"taxonomy":"post_tag","embeddable":true,"href":"https:\/\/www.nationalturk.com\/tr\/wp-json\/wp\/v2\/tags?post=274449"}],"curies":[{"name":"wp","href":"https:\/\/api.w.org\/{rel}","templated":true}]}}