{"id":274497,"date":"2019-02-22T13:53:03","date_gmt":"2019-02-22T10:53:03","guid":{"rendered":"https:\/\/www.nationalturk.com\/?p=274497"},"modified":"2019-02-22T13:53:03","modified_gmt":"2019-02-22T10:53:03","slug":"saglik-bakanindan-yildiz-tilbeye-yanit","status":"publish","type":"post","link":"https:\/\/www.nationalturk.com\/tr\/saglik-bakanindan-yildiz-tilbeye-yanit\/","title":{"rendered":"Sa\u011fl\u0131k Bakan\u0131ndan Y\u0131ld\u0131z Tilbe&#8217;ye yan\u0131t"},"content":{"rendered":"<h2>Sa\u011fl\u0131k Bakan\u0131 Fahrettin Koca, \u00fcnl\u00fc \u015fark\u0131c\u0131 Y\u0131ld\u0131z Tilbe&#8217;nin &#8216;Domuz yemiyoruz neden domuz gribi oluyoruz?&#8217; sorusuna ve bedava ila\u00e7 iste\u011fine yan\u0131t verdi.<\/h2>\n<p>Koca, &#8220;Y\u0131ld\u0131z Han\u0131m aile hekimine m\u00fcracaat ederse oradan \u00fccretsiz alabilir. Gripten korunman\u0131n en \u00f6nemli unsuru elleri s\u0131k s\u0131k y\u0131kamak, istirahat ve bol s\u0131v\u0131&#8221; dedi.<\/p>\n<p>T\u00fcrkiye&#8217;de g\u00f6r\u00fclen grip vakalar\u0131yla ilgili a\u00e7\u0131klama yapan Sa\u011fl\u0131k Bakan\u0131 Koca, &#8220;Bizim i\u00e7in bir risk \u015fu an olu\u015fturmuyor&#8221; dedi.<\/p>\n<p>Koca, &#8220;Ge\u00e7en haftalara g\u00f6re y\u00fczde 20&#8217;ye yak\u0131n grip hastas\u0131n\u0131n azald\u0131\u011f\u0131n\u0131 s\u00f6yleyebilirim. Bizde giderek daha azalan ama Avrupa&#8217;da Almanya ve Fransa&#8217;da hala etkisini g\u00f6steren bir salg\u0131n. Bizim i\u00e7in bir risk \u015fu an olu\u015fturmuyor. Bununla ilgili grip eylem plan\u0131m\u0131z devrede&#8221; ifadelerini kulland\u0131.<br \/>\nKoca, hastal\u0131k konusuna dikkat \u00e7ekerek bakanl\u0131ktan \u00fccretsiz ila\u00e7 da\u011f\u0131tmalar\u0131 ricas\u0131nda bulunan \u015fark\u0131c\u0131 Y\u0131ld\u0131z Tilbe&#8217;nin \u00e7a\u011fr\u0131s\u0131na da yan\u0131t verdi:<\/p>\n<p>&#8220;Sanat\u00e7\u0131m\u0131za ge\u00e7mi\u015f olsun temennilerimi buradan iletmi\u015f oluyorum. Say\u0131n Y\u0131ld\u0131z han\u0131m aile hekimine m\u00fcracaat ederse oradan \u00fccretsiz zaten alabilir veya herhangi bir hekim re\u00e7ete yazd\u0131\u011f\u0131nda geri \u00f6deme kurumu bunu \u00f6d\u00fcyor ama gripten korunman\u0131n en \u00f6nemli unsuru elleri s\u0131k s\u0131k y\u0131kamak, istirahat ve bol s\u0131v\u0131.&#8221;<\/p>\n<p>Sosyal medya hesab\u0131ndan a\u00e7\u0131klama yapan Tilbe, &#8220;Domuz yemiyoruz neden domuz gribi oluyoruz? Bu vir\u00fcsten kurtulmak sa\u011fl\u0131kl\u0131 olmak istiyoruz. Millet olarak hastay\u0131z, ne olaca\u011f\u0131z b\u00f6yle, bize yaz\u0131k de\u011fil mi? Hastal\u0131ktan yorgun d\u00fc\u015ft\u00fcm. Sa\u011fl\u0131k Bakanl\u0131\u011f\u0131 bize bedava hayr\u0131na Allah r\u0131zas\u0131 i\u00e7in ila\u00e7 da\u011f\u0131tsa ya, valla, l\u00fctfen&#8221; \u00e7a\u011fr\u0131s\u0131nda bulunmu\u015ftu.<\/p>\n<!-- Error, Advert is not available at this time due to schedule\/geolocation restrictions! -->\n","protected":false},"excerpt":{"rendered":"<p>Sa\u011fl\u0131k Bakan\u0131 Fahrettin Koca, \u00fcnl\u00fc \u015fark\u0131c\u0131 Y\u0131ld\u0131z Tilbe&#8217;nin &#8216;Domuz yemiyoruz neden domuz gribi oluyoruz?&#8217; sorusuna ve bedava ila\u00e7 iste\u011fine yan\u0131t verdi. Koca, &#8220;Y\u0131ld\u0131z Han\u0131m aile hekimine m\u00fcracaat ederse oradan \u00fccretsiz alabilir. Gripten korunman\u0131n en \u00f6nemli unsuru elleri s\u0131k s\u0131k y\u0131kamak, istirahat ve bol s\u0131v\u0131&#8221; dedi. T\u00fcrkiye&#8217;de g\u00f6r\u00fclen grip vakalar\u0131yla ilgili a\u00e7\u0131klama yapan Sa\u011fl\u0131k Bakan\u0131 Koca, &hellip;<\/p>\n","protected":false},"author":4,"featured_media":274498,"comment_status":"open","ping_status":"open","sticky":false,"template":"","format":"standard","meta":{"_acf_changed":false,"footnotes":""},"categories":[6155,5005,6669],"tags":[961,109616],"class_list":["post-274497","post","type-post","status-publish","format-standard","has-post-thumbnail","hentry","category-gundem","category-manset","category-saglik","tag-domuz-gribi","tag-yildiz-tilbe"],"acf":[],"_links":{"self":[{"href":"https:\/\/www.nationalturk.com\/tr\/wp-json\/wp\/v2\/posts\/274497","targetHints":{"allow":["GET"]}}],"collection":[{"href":"https:\/\/www.nationalturk.com\/tr\/wp-json\/wp\/v2\/posts"}],"about":[{"href":"https:\/\/www.nationalturk.com\/tr\/wp-json\/wp\/v2\/types\/post"}],"author":[{"embeddable":true,"href":"https:\/\/www.nationalturk.com\/tr\/wp-json\/wp\/v2\/users\/4"}],"replies":[{"embeddable":true,"href":"https:\/\/www.nationalturk.com\/tr\/wp-json\/wp\/v2\/comments?post=274497"}],"version-history":[{"count":0,"href":"https:\/\/www.nationalturk.com\/tr\/wp-json\/wp\/v2\/posts\/274497\/revisions"}],"wp:featuredmedia":[{"embeddable":true,"href":"https:\/\/www.nationalturk.com\/tr\/wp-json\/wp\/v2\/media\/274498"}],"wp:attachment":[{"href":"https:\/\/www.nationalturk.com\/tr\/wp-json\/wp\/v2\/media?parent=274497"}],"wp:term":[{"taxonomy":"category","embeddable":true,"href":"https:\/\/www.nationalturk.com\/tr\/wp-json\/wp\/v2\/categories?post=274497"},{"taxonomy":"post_tag","embeddable":true,"href":"https:\/\/www.nationalturk.com\/tr\/wp-json\/wp\/v2\/tags?post=274497"}],"curies":[{"name":"wp","href":"https:\/\/api.w.org\/{rel}","templated":true}]}}