{"id":274741,"date":"2019-03-04T09:35:59","date_gmt":"2019-03-04T06:35:59","guid":{"rendered":"https:\/\/www.nationalturk.com\/?p=274741"},"modified":"2019-03-04T09:35:59","modified_gmt":"2019-03-04T06:35:59","slug":"kaybedeceklerini-gordukce-agizlari-kirlenmeye-basladi","status":"publish","type":"post","link":"https:\/\/www.nationalturk.com\/tr\/kaybedeceklerini-gordukce-agizlari-kirlenmeye-basladi\/","title":{"rendered":"&#8220;Kaybedeceklerini g\u00f6rd\u00fck\u00e7e a\u011f\u0131zlar\u0131 kirlenmeye ba\u015flad\u0131&#8221;"},"content":{"rendered":"<h2>CHP Ankara B\u00fcy\u00fck\u015fehir Belediye Ba\u015fkan aday\u0131 Mansur Yava\u015f, Cumhurba\u015fkan\u0131 Recep Tayyip Erdo\u011fan&#8217;\u0131n &#8220;Anketlere g\u00fcvenmiyoruz&#8221; ifadesini de\u011ferlendirdi. Yava\u015f, &#8220;Bu anketlerde kaybedeceklerini g\u00f6rd\u00fck\u00e7e, aradaki fark a\u00e7\u0131ld\u0131k\u00e7a, a\u011f\u0131zlar\u0131 kirlenmeye ba\u015flad\u0131, kirli siyasete ba\u015flad\u0131lar, \u00fcsluplar\u0131 kirlendi&#8221; dedi.<\/h2>\n<p>CHP taraf\u0131ndan Ankara B\u00fcy\u00fck\u015fehir Belediye Ba\u015fkanl\u0131\u011f\u0131&#8217;na aday g\u00f6sterilen Mansur Yava\u015f, kahvalt\u0131l\u0131 sohbette bir grup gazetecinin sorular\u0131n\u0131 yan\u0131tlad\u0131.<\/p>\n<p>Yeni\u00e7a\u011f yazar\u0131 Orhan U\u011furo\u011flu, &#8220;Mansur Yava\u015f&#8217;tan m\u00fcthi\u015f proje&#8221; ba\u015fl\u0131\u011f\u0131yla yay\u0131mlanan yaz\u0131s\u0131nda s\u00f6z konusu sohbete dair ayr\u0131nt\u0131lar\u0131 okurlar\u0131na \u015f\u00f6yle aktard\u0131:<\/p>\n<p>&#8216;Bu anketlerde kaybedeceklerini g\u00f6rd\u00fck\u00e7e, aradaki fark a\u00e7\u0131ld\u0131k\u00e7a, a\u011f\u0131zlar\u0131 kirlenmeye ba\u015flad\u0131, kirli siyasete ba\u015flad\u0131lar, \u00fcsluplar\u0131 kirlendi. Ben bunlara cevap vermeyi bile z\u00fcl addederim.<\/p>\n<p>\u00d6nce kendi ge\u00e7mi\u015flerine bakacaklar, kendi konu\u015ftuklar\u0131ndan utan\u0131p mahkemeye ba\u015fvurup yay\u0131n durdurma al\u0131yorlar. Bu laf\u0131 siz etmi\u015fsiniz, kendi konu\u015fmalar\u0131n\u0131, &#8216;benim ki\u015filik haklar\u0131m\u0131 ihlal ediyor&#8217; diye mahkemeye ba\u015fvurup yay\u0131n durdurma al\u0131yorlar.<\/p>\n<p>&#8216;Anketlere g\u00fcvenmiyoruz&#8217; diyorlar, \u015fimdiye kadar anketleri h\u00fck\u00fcmete yak\u0131n kurulu\u015flar\u0131n yapt\u0131klar\u0131 anketler var ki benim onlara tesir etme \u015fans\u0131m var m\u0131? Elbette yok.&#8217;<\/p>\n<!-- Error, Advert is not available at this time due to schedule\/geolocation restrictions! -->\n","protected":false},"excerpt":{"rendered":"<p>CHP Ankara B\u00fcy\u00fck\u015fehir Belediye Ba\u015fkan aday\u0131 Mansur Yava\u015f, Cumhurba\u015fkan\u0131 Recep Tayyip Erdo\u011fan&#8217;\u0131n &#8220;Anketlere g\u00fcvenmiyoruz&#8221; ifadesini de\u011ferlendirdi. Yava\u015f, &#8220;Bu anketlerde kaybedeceklerini g\u00f6rd\u00fck\u00e7e, aradaki fark a\u00e7\u0131ld\u0131k\u00e7a, a\u011f\u0131zlar\u0131 kirlenmeye ba\u015flad\u0131, kirli siyasete ba\u015flad\u0131lar, \u00fcsluplar\u0131 kirlendi&#8221; dedi. CHP taraf\u0131ndan Ankara B\u00fcy\u00fck\u015fehir Belediye Ba\u015fkanl\u0131\u011f\u0131&#8217;na aday g\u00f6sterilen Mansur Yava\u015f, kahvalt\u0131l\u0131 sohbette bir grup gazetecinin sorular\u0131n\u0131 yan\u0131tlad\u0131. Yeni\u00e7a\u011f yazar\u0131 Orhan U\u011furo\u011flu, &#8220;Mansur &hellip;<\/p>\n","protected":false},"author":4,"featured_media":274742,"comment_status":"open","ping_status":"open","sticky":false,"template":"","format":"standard","meta":{"_acf_changed":false,"footnotes":""},"categories":[6155,5005,6202],"tags":[1688,8723,134344],"class_list":["post-274741","post","type-post","status-publish","format-standard","has-post-thumbnail","hentry","category-gundem","category-manset","category-politika","tag-ankara","tag-chp","tag-mansur-yavas"],"acf":[],"_links":{"self":[{"href":"https:\/\/www.nationalturk.com\/tr\/wp-json\/wp\/v2\/posts\/274741","targetHints":{"allow":["GET"]}}],"collection":[{"href":"https:\/\/www.nationalturk.com\/tr\/wp-json\/wp\/v2\/posts"}],"about":[{"href":"https:\/\/www.nationalturk.com\/tr\/wp-json\/wp\/v2\/types\/post"}],"author":[{"embeddable":true,"href":"https:\/\/www.nationalturk.com\/tr\/wp-json\/wp\/v2\/users\/4"}],"replies":[{"embeddable":true,"href":"https:\/\/www.nationalturk.com\/tr\/wp-json\/wp\/v2\/comments?post=274741"}],"version-history":[{"count":0,"href":"https:\/\/www.nationalturk.com\/tr\/wp-json\/wp\/v2\/posts\/274741\/revisions"}],"wp:featuredmedia":[{"embeddable":true,"href":"https:\/\/www.nationalturk.com\/tr\/wp-json\/wp\/v2\/media\/274742"}],"wp:attachment":[{"href":"https:\/\/www.nationalturk.com\/tr\/wp-json\/wp\/v2\/media?parent=274741"}],"wp:term":[{"taxonomy":"category","embeddable":true,"href":"https:\/\/www.nationalturk.com\/tr\/wp-json\/wp\/v2\/categories?post=274741"},{"taxonomy":"post_tag","embeddable":true,"href":"https:\/\/www.nationalturk.com\/tr\/wp-json\/wp\/v2\/tags?post=274741"}],"curies":[{"name":"wp","href":"https:\/\/api.w.org\/{rel}","templated":true}]}}