{"id":274799,"date":"2019-03-05T09:31:21","date_gmt":"2019-03-05T06:31:21","guid":{"rendered":"https:\/\/www.nationalturk.com\/?p=274799"},"modified":"2022-09-10T16:34:27","modified_gmt":"2022-09-10T13:34:27","slug":"suriyeliler-kendi-nufuslarini-korumak-icin-dogum-oranlarini-yuksek-tutuyor-12-yil-sonra-daha-fazla-olacaklar","status":"publish","type":"post","link":"https:\/\/www.nationalturk.com\/tr\/suriyeliler-kendi-nufuslarini-korumak-icin-dogum-oranlarini-yuksek-tutuyor-12-yil-sonra-daha-fazla-olacaklar\/","title":{"rendered":"&#8220;Suriyeliler kendi n\u00fcfuslar\u0131n\u0131 korumak i\u00e7in do\u011fum oranlar\u0131n\u0131 y\u00fcksek tutuyor, 12 y\u0131l sonra daha fazla olacaklar&#8221;"},"content":{"rendered":"<h2>31 Mart yerel se\u00e7imlerinde CHP Hatay B\u00fcy\u00fck\u015fehir Belediye Ba\u015fkan aday\u0131 olan L\u00fctf\u00fc Sava\u015f, kentte ya\u015fayan Suriyelilere ili\u015fkin konu\u015ftu. Sava\u015f, &#8220;Kendi n\u00fcfuslar\u0131n\u0131 korumak i\u00e7in do\u011fum oranlar\u0131n\u0131 y\u00fcksek tutuyorlar. 3 y\u0131l \u00f6nce Hatayl\u0131 ve Suriyeli kad\u0131nlar\u0131n do\u011fum oran\u0131 ayn\u0131yken bug\u00fcn bu oran y\u00fczde 60&#8217;a y\u00fczde 40 oran\u0131nda Suriyelilerin lehinde&#8221; dedi.<\/h2>\n<p>Yeni\u00e7a\u011f Gazetesi Ankara Temsilcisi Ahmet Takan&#8217;a konu\u015fan ve &#8220;Yedi y\u0131ld\u0131r her \u015feyimizi Suriyelilerle payla\u015f\u0131yoruz, fakat sava\u015f bittikten sonra bu misafirlerimizin kendi \u00f6z yurtlar\u0131na d\u00f6nmelerini istiyoruz&#8221; diyen Sava\u015f, \u015fu anda \u015fehirde 500 binden fazla Suriyeliyi a\u011f\u0131rlad\u0131klar\u0131n\u0131 belirtti.<\/p>\n<p>Yak\u0131n zamanda konuya dair baz\u0131 a\u00e7\u0131klamalarda bulundu\u011funu ancak bunlar\u0131 &#8216;\u0131rk\u00e7\u0131l\u0131k yapmak i\u00e7in&#8217; s\u00f6ylemedi\u011fini kaydeden Sava\u015f, \u015f\u00f6yle devam etti:<\/p>\n<p>&#8220;Bu topraklar bizim co\u011frafyam\u0131z. 20 y\u0131l m\u00fccadele ederek kazand\u0131\u011f\u0131m\u0131z topraklar. Ancak Suriyeli vatanda\u015flar n\u00fcfus plans\u0131zl\u0131\u011f\u0131 ile birlikte T\u00fcrkiye Cumhuriyeti vatanda\u015fl\u0131\u011f\u0131 alarak bu kentte ve \u00fclkede s\u00f6z sahibi olabilecekler. \u00d6rne\u011fin bug\u00fcn bir il\u00e7emizde 2 Suriyeli muhtar aday\u0131 olmu\u015f. 5 sene sonra belediye ba\u015fkan\u0131 aday\u0131 olabilecek. Kendi n\u00fcfuslar\u0131n\u0131 korumak i\u00e7in do\u011fum oranlar\u0131n\u0131 y\u00fcksek tutuyorlar. 3 y\u0131l \u00f6nce Hatayl\u0131 kad\u0131nlar\u0131n do\u011fum oran\u0131 ile Suriyeli kad\u0131nlar\u0131n do\u011fum oran\u0131 ayn\u0131 iken bug\u00fcn bu oran y\u00fczde 60&#8217;a y\u00fczde 40 oran\u0131nda Suriyelilerin lehinde. 3 y\u0131l sonra y\u00fczde 75&#8217;e 25 olacak. 12 y\u0131l sonra T\u00fcrk n\u00fcfusu Suriyeli n\u00fcfusun alt\u0131nda kalacak.<\/p>\n<p>Ondan sonra hi\u00e7 kimse Hatayl\u0131 olup da belediye ba\u015fkan\u0131 aday\u0131 olmaya cesaret edemez. Ben bunlar\u0131n hi\u00e7birini \u0131rk\u00e7\u0131l\u0131k yapmak i\u00e7in s\u00f6ylemedim. Hatay halk\u0131 ben bunlar\u0131 s\u00f6yleyeyim diye beni se\u00e7ti. Ben sussam bile ger\u00e7ekler de\u011fi\u015fmeyecek. \u00c7\u00fcnk\u00fc bu bir mill\u00ee mesele. \u00c7orbada tuzu olmayanlar\u0131n sofrada g\u00f6z\u00fcn\u00fcn olmas\u0131 do\u011fru de\u011fil.7 y\u0131ld\u0131r sava\u015f\u0131n g\u00f6lgesinde ya\u015f\u0131yoruz ve \u015fehrimiz bu durumdan \u00f6zellikle ekonomik olarak olumsuz etkilendi. Sava\u015f\u0131n etkileri ve Suriyeli vatanda\u015flar\u0131n \u015fehrimize gelmesiyle birlikte ki\u015fi ba\u015f\u0131na d\u00fc\u015fen gelirimiz bin 515 dolar d\u00fc\u015ft\u00fc. Esnaf\u0131m\u0131z, \u00fcreticimiz, i\u015f\u00e7ilerimiz, i\u015f insanlar\u0131m\u0131z\u2026 K\u0131sacas\u0131 herkes ma\u011fdur oldu ve biz bu ma\u011fduriyetimizi gidermesi i\u00e7in Ankara&#8217;daki devlet b\u00fcy\u00fcklerimize sesleniyoruz. Devletimizin s\u0131cak elini omzumuzda hissetmek istiyoruz.&#8221;<\/p>\n<!-- Error, Advert is not available at this time due to schedule\/geolocation restrictions! -->\n","protected":false},"excerpt":{"rendered":"<p>31 Mart yerel se\u00e7imlerinde CHP Hatay B\u00fcy\u00fck\u015fehir Belediye Ba\u015fkan aday\u0131 olan L\u00fctf\u00fc Sava\u015f, kentte ya\u015fayan Suriyelilere ili\u015fkin konu\u015ftu. Sava\u015f, &#8220;Kendi n\u00fcfuslar\u0131n\u0131 korumak i\u00e7in do\u011fum oranlar\u0131n\u0131 y\u00fcksek tutuyorlar. 3 y\u0131l \u00f6nce Hatayl\u0131 ve Suriyeli kad\u0131nlar\u0131n do\u011fum oran\u0131 ayn\u0131yken bug\u00fcn bu oran y\u00fczde 60&#8217;a y\u00fczde 40 oran\u0131nda Suriyelilerin lehinde&#8221; dedi. Yeni\u00e7a\u011f Gazetesi Ankara Temsilcisi Ahmet Takan&#8217;a konu\u015fan &hellip;<\/p>\n","protected":false},"author":4,"featured_media":274800,"comment_status":"open","ping_status":"open","sticky":false,"template":"","format":"standard","meta":{"_acf_changed":false,"footnotes":""},"categories":[6155,5005,6772,6202,349],"tags":[217057,219178,8723,34258,1396,204613,806],"class_list":["post-274799","post","type-post","status-publish","format-standard","has-post-thumbnail","hentry","category-gundem","category-manset","category-ortadogu","category-politika","category-son-dakika","tag-2019-secimleri","tag-31-mart-yerel-secimleri","tag-chp","tag-chp-hatay","tag-hatay","tag-lutfu-savas","tag-suriye"],"acf":[],"_links":{"self":[{"href":"https:\/\/www.nationalturk.com\/tr\/wp-json\/wp\/v2\/posts\/274799","targetHints":{"allow":["GET"]}}],"collection":[{"href":"https:\/\/www.nationalturk.com\/tr\/wp-json\/wp\/v2\/posts"}],"about":[{"href":"https:\/\/www.nationalturk.com\/tr\/wp-json\/wp\/v2\/types\/post"}],"author":[{"embeddable":true,"href":"https:\/\/www.nationalturk.com\/tr\/wp-json\/wp\/v2\/users\/4"}],"replies":[{"embeddable":true,"href":"https:\/\/www.nationalturk.com\/tr\/wp-json\/wp\/v2\/comments?post=274799"}],"version-history":[{"count":0,"href":"https:\/\/www.nationalturk.com\/tr\/wp-json\/wp\/v2\/posts\/274799\/revisions"}],"wp:featuredmedia":[{"embeddable":true,"href":"https:\/\/www.nationalturk.com\/tr\/wp-json\/wp\/v2\/media\/274800"}],"wp:attachment":[{"href":"https:\/\/www.nationalturk.com\/tr\/wp-json\/wp\/v2\/media?parent=274799"}],"wp:term":[{"taxonomy":"category","embeddable":true,"href":"https:\/\/www.nationalturk.com\/tr\/wp-json\/wp\/v2\/categories?post=274799"},{"taxonomy":"post_tag","embeddable":true,"href":"https:\/\/www.nationalturk.com\/tr\/wp-json\/wp\/v2\/tags?post=274799"}],"curies":[{"name":"wp","href":"https:\/\/api.w.org\/{rel}","templated":true}]}}