{"id":274802,"date":"2019-03-05T09:52:49","date_gmt":"2019-03-05T06:52:49","guid":{"rendered":"https:\/\/www.nationalturk.com\/?p=274802"},"modified":"2019-03-05T09:52:49","modified_gmt":"2019-03-05T06:52:49","slug":"erzurumsporda-hamzaoglu-donemi","status":"publish","type":"post","link":"https:\/\/www.nationalturk.com\/tr\/erzurumsporda-hamzaoglu-donemi\/","title":{"rendered":"Erzurumspor&#8217;da Hamzao\u011flu d\u00f6nemi"},"content":{"rendered":"<h2>Spor Toto S\u00fcper Lig ekiplerinden B\u00fcy\u00fck\u015fehir Belediye Erzurumspor&#8217;da teknik direkt\u00f6rl\u00fck g\u00f6revi i\u00e7in Hamza Hamzao\u011flu ile anla\u015fmaya var\u0131ld\u0131.<\/h2>\n<p>B\u00fcy\u00fck\u015fehir Belediye Erzurumspor&#8217;un resmi Twitter hesab\u0131ndan yap\u0131lan a\u00e7\u0131klamada, Mehmet \u00d6zdilek&#8217;ten bo\u015falan teknik direkt\u00f6rl\u00fck g\u00f6revi i\u00e7in Hamza Hamzao\u011flu ile prensipte anla\u015f\u0131ld\u0131\u011f\u0131 belirtildi.<\/p>\n<p>A\u00e7\u0131klamada, &#8220;Kul\u00fcb\u00fcm\u00fcz, teknik direkt\u00f6r Hamza Hamzao\u011flu ile prensip anla\u015fmas\u0131na varm\u0131\u015ft\u0131r. Hay\u0131rl\u0131 olsun.&#8221; ifadeleri kullan\u0131ld\u0131.<\/p>\n<!-- Error, Advert is not available at this time due to schedule\/geolocation restrictions! -->\n","protected":false},"excerpt":{"rendered":"<p>Spor Toto S\u00fcper Lig ekiplerinden B\u00fcy\u00fck\u015fehir Belediye Erzurumspor&#8217;da teknik direkt\u00f6rl\u00fck g\u00f6revi i\u00e7in Hamza Hamzao\u011flu ile anla\u015fmaya var\u0131ld\u0131. B\u00fcy\u00fck\u015fehir Belediye Erzurumspor&#8217;un resmi Twitter hesab\u0131ndan yap\u0131lan a\u00e7\u0131klamada, Mehmet \u00d6zdilek&#8217;ten bo\u015falan teknik direkt\u00f6rl\u00fck g\u00f6revi i\u00e7in Hamza Hamzao\u011flu ile prensipte anla\u015f\u0131ld\u0131\u011f\u0131 belirtildi. A\u00e7\u0131klamada, &#8220;Kul\u00fcb\u00fcm\u00fcz, teknik direkt\u00f6r Hamza Hamzao\u011flu ile prensip anla\u015fmas\u0131na varm\u0131\u015ft\u0131r. Hay\u0131rl\u0131 olsun.&#8221; ifadeleri kullan\u0131ld\u0131.<\/p>\n","protected":false},"author":4,"featured_media":274803,"comment_status":"open","ping_status":"open","sticky":false,"template":"","format":"standard","meta":{"_acf_changed":false,"footnotes":""},"categories":[6774,6155,349],"tags":[54437,61332,39686],"class_list":["post-274802","post","type-post","status-publish","format-standard","has-post-thumbnail","hentry","category-futbol","category-gundem","category-son-dakika","tag-erzurumspor","tag-hamza-hamzaoglu","tag-mehmet-ozdilek"],"acf":[],"_links":{"self":[{"href":"https:\/\/www.nationalturk.com\/tr\/wp-json\/wp\/v2\/posts\/274802","targetHints":{"allow":["GET"]}}],"collection":[{"href":"https:\/\/www.nationalturk.com\/tr\/wp-json\/wp\/v2\/posts"}],"about":[{"href":"https:\/\/www.nationalturk.com\/tr\/wp-json\/wp\/v2\/types\/post"}],"author":[{"embeddable":true,"href":"https:\/\/www.nationalturk.com\/tr\/wp-json\/wp\/v2\/users\/4"}],"replies":[{"embeddable":true,"href":"https:\/\/www.nationalturk.com\/tr\/wp-json\/wp\/v2\/comments?post=274802"}],"version-history":[{"count":0,"href":"https:\/\/www.nationalturk.com\/tr\/wp-json\/wp\/v2\/posts\/274802\/revisions"}],"wp:featuredmedia":[{"embeddable":true,"href":"https:\/\/www.nationalturk.com\/tr\/wp-json\/wp\/v2\/media\/274803"}],"wp:attachment":[{"href":"https:\/\/www.nationalturk.com\/tr\/wp-json\/wp\/v2\/media?parent=274802"}],"wp:term":[{"taxonomy":"category","embeddable":true,"href":"https:\/\/www.nationalturk.com\/tr\/wp-json\/wp\/v2\/categories?post=274802"},{"taxonomy":"post_tag","embeddable":true,"href":"https:\/\/www.nationalturk.com\/tr\/wp-json\/wp\/v2\/tags?post=274802"}],"curies":[{"name":"wp","href":"https:\/\/api.w.org\/{rel}","templated":true}]}}