{"id":274883,"date":"2019-03-06T17:02:19","date_gmt":"2019-03-06T14:02:19","guid":{"rendered":"https:\/\/www.nationalturk.com\/?p=274883"},"modified":"2019-03-06T17:02:19","modified_gmt":"2019-03-06T14:02:19","slug":"100-milyon-dolarlik-cami-yarin-aciliyor","status":"publish","type":"post","link":"https:\/\/www.nationalturk.com\/tr\/100-milyon-dolarlik-cami-yarin-aciliyor\/","title":{"rendered":"100 milyon dolarl\u0131k cami yar\u0131n a\u00e7\u0131l\u0131yor"},"content":{"rendered":"<p>Temeli 6 y\u0131l \u00f6nce at\u0131lan \u00c7aml\u0131ca Camisi \u00fc\u00e7 aylar\u0131n ba\u015flang\u0131c\u0131 olan Regaip Kandili ile yar\u0131n cemaate a\u00e7\u0131l\u0131yor. \u00c7aml\u0131ca camisinin resmi olarak a\u00e7\u0131klanmayan <a href=\"http:\/\/www.hurriyet.com.tr\/yazarlar\/vahap-munyar\/camlicadaki-cami-100-milyon-dolara-bitiyor-40867948\" rel=\"noopener noreferrer\" target=\"_blank\">maliyetinin 100 milyon dolar oldu\u011fu<\/a> san\u0131l\u0131yor.<\/p>\n<p>Anadolu Ajans\u0131&#8217;n\u0131n haberi;<\/p>\n<p>Ayn\u0131 anda 63 bin ki\u015finin ibadet edebilece\u011fi bir kompleks olarak tasarlanan T\u00fcrkiye&#8217;nin en b\u00fcy\u00fck camisi \u00c7aml\u0131ca Camisi, yar\u0131n ibadete a\u00e7\u0131lacak. \u00c7aml\u0131ca Camisi&#8217;nin her bir b\u00f6l\u00fcm\u00fcnde son r\u00f6tu\u015flar yap\u0131lmaya devam edilirken, yar\u0131n ilk ezan\u0131n okunacak olmas\u0131 nedeniyle m\u00fcezzinler taraf\u0131ndan akustik \u00e7al\u0131\u015fmas\u0131 da yap\u0131l\u0131yor.<\/p>\n<p>\u0130\u00e7ine girildi\u011fi andan itibaren \u0130stanbul&#8217;un simgesi haline gelen selatin camilerinin adeta devam\u0131 hissini uyand\u0131ran \u00c7aml\u0131ca Camisi, her bir b\u00f6l\u00fcm\u00fcnde en ince ayr\u0131nt\u0131s\u0131na kadar d\u00fc\u015f\u00fcn\u00fclen detaylar\u0131yla ilgi \u00e7ekiyor.<\/p>\n<p>Caminin yan\u0131 s\u0131ra m\u00fcze, sanat galerisi, k\u00fct\u00fcphane, konferans salonu, sanat at\u00f6lyesi ve otopark\u0131n da yer ald\u0131\u011f\u0131 \u00c7aml\u0131ca Camisi&#8217;nin in\u015fas\u0131nda bir\u00e7ok yenilik ve farkl\u0131l\u0131k da hayata ge\u00e7irildi. <\/p>\n<p>Osmanl\u0131-Sel\u00e7uklu mimari tarz\u0131 ile bug\u00fcn\u00fcn \u00e7izgilerinin b\u00fct\u00fcnle\u015fti\u011fi \u00c7aml\u0131ca Camisi, kentin yeni sembollerinden biri haline geldi.<\/p>\n<p>G\u00f6rkemli mimarisiyle \u0130stanbul&#8217;un her noktas\u0131ndan rahatl\u0131kla g\u00f6r\u00fclebilen \u00c7aml\u0131ca Camisi, bu heybetli yap\u0131s\u0131na yak\u0131\u015f\u0131r anlamda baz\u0131 rakamsal b\u00fcy\u00fckl\u00fckleri de ihtiva ediyor.<\/p>\n<p>\u0130man\u0131n \u015fart\u0131n\u0131 temsilen 6 minareli in\u015fa edilen \u00c7aml\u0131ca Camisi&#8217;nin \u00fc\u00e7 \u015ferefeli 4 minaresi Malazgirt Zaferi&#8217;ne ithafen 107,1 metre, iki \u015ferefeli 2 minaresi ise 90 metre y\u00fcksekli\u011finde yap\u0131ld\u0131.<\/p>\n<p>Caminin 72 metre y\u00fckseklikteki ana kubbesi \u0130stanbul&#8217;da ya\u015fayan 72 milleti, 34 metre \u00e7ap\u0131ndaki kubbesi \u0130stanbul&#8217;u simgeliyor.<\/p>\n<p>Kubbenin i\u00e7 y\u00fczeyine, 16 T\u00fcrk devletine ithafen Allah&#8217;\u0131n isimlerinden 16&#8217;s\u0131, Ha\u015fr Suresi&#8217;nin son iki ayetinden istifade edilerek yaz\u0131ld\u0131.   <\/p>\n<h3>D\u00fcnyan\u0131n en b\u00fcy\u00fck alemine sahip<\/h3>\n<!-- Error, Advert is not available at this time due to schedule\/geolocation restrictions! -->\n<p>Ana kubbenin \u00fczerine 3 metre 12 santimetre geni\u015fli\u011finde, 7 metre 77 santimetre y\u00fcksekli\u011finde, 4,5 ton a\u011f\u0131rl\u0131\u011f\u0131nda alem yerle\u015ftirildi. Nanoteknolojiyle renklendirilen ve 3 par\u00e7adan olu\u015fan alem, d\u00fcnyan\u0131n en b\u00fcy\u00fck alemi olma \u00f6zelli\u011fini ta\u015f\u0131yor.<\/p>\n<p>Caminin d\u0131\u015far\u0131dan ana avluya giri\u015finde yer alan ve mermerle kaplanan ta\u00e7 kap\u0131, b\u00fcy\u00fckl\u00fc\u011f\u00fcyle de g\u00f6z dolduruyor. Ta\u00e7 kap\u0131n\u0131n avlunun i\u00e7ine bakan k\u0131sm\u0131nda, Kasas Suresi&#8217;nin 77. ayeti yer al\u0131yor. Caminin i\u00e7ine girilen kap\u0131n\u0131n \u00fczerine ise Al-i \u0130mran Suresi&#8217;nin 132-136. ayetleri i\u015flendi.<\/p>\n<p>Caminin kubbe alt\u0131ndaki d\u00f6rt ayr\u0131 b\u00f6l\u00fcmde yer alan aslan g\u00f6\u011f\u00fcslerine, paslanmaz \u00e7elikten nanoteknolojiyle \u00fcretilen hatla Arap\u00e7a &#8220;Ey ihtiya\u00e7lar\u0131 gideren&#8221;, &#8220;Dualara icabet eden&#8221;, &#8220;Sesleri duyan&#8221;, &#8220;Dualar\u0131m\u0131z\u0131 kabul et&#8221; s\u00f6zleri yaz\u0131ld\u0131. Yine nanoteknoloji \u00fcr\u00fcn\u00fc 220 metre boyunda ve yakla\u015f\u0131k 9 bin par\u00e7adan olu\u015fan Fetih Suresi&#8217;nin tamam\u0131, kubbe alt\u0131ndaki kemerlere monte edildi.<\/p>\n<p>\u00c7aml\u0131ca Camisi, hal\u0131 serili alan\u0131nda 25 bin olmak \u00fczere 63 bin ki\u015finin ayn\u0131 anda ibadet edebilece\u011fi bir cami kompleksi olarak tasarland\u0131. Camide ayn\u0131 anda 8 cenazenin namaz\u0131 k\u0131l\u0131nabilecek.<\/p>\n<p>\u00c7aml\u0131ca Camisi ibadet alan\u0131n\u0131n yan\u0131 s\u0131ra 11 bin metrekarelik m\u00fcze, 3 bin 500 metrekarelik sanat galerisi, 3 bin metrekarelik k\u00fct\u00fcphane, bin ki\u015filik konferans salonu, 8 sanat at\u00f6lyesi, 3 bin 500 ara\u00e7l\u0131k kapal\u0131 otopark\u0131 b\u00fcnyesinde bar\u0131nd\u0131r\u0131yor.  <\/p>\n<p>Cami, ses, \u0131\u015f\u0131k, \u0131s\u0131tma, havaland\u0131rma, g\u00fcvenlik ve zay\u0131f ak\u0131m sistemleriyle de fark\u0131n\u0131 ortaya koyuyor.<\/p>\n<p>\u00c7aml\u0131ca Camisi&#8217;ne y\u00fczde y\u00fcz antibakteriyel \u00f6zelli\u011fe sahip, 17 bin metrekare b\u00fcy\u00fckl\u00fc\u011f\u00fcnde \u00f6zel dokuma hal\u0131 serildi.<\/p>\n<p>Cami, 5 metre geni\u015fli\u011finde, 6,5 metre y\u00fcksekli\u011finde ve 6 ton a\u011f\u0131rl\u0131\u011f\u0131ndaki ana kap\u0131s\u0131yla, d\u00fcnyadaki en b\u00fcy\u00fck ibadethane kap\u0131lar\u0131ndan birine sahip. Kap\u0131, Konya&#8217;da geleneksel T\u00fcrk ah\u015fap sanat\u0131n\u0131n en g\u00fczel \u00f6rne\u011fi olan k\u00fcndekari i\u015f\u00e7ilik denilen \u00e7ivisiz sistemle bir araya getirildi, sedef ve kaplama i\u015fleri ise \u0130stanbul&#8217;da ger\u00e7ekle\u015ftirildi.<\/p>\n<p>\u00c7aml\u0131ca Camisi&#8217;nin b\u00fcy\u00fckl\u00fc\u011f\u00fcyle orant\u0131l\u0131 olarak minberi ile vaaz k\u00fcrs\u00fcs\u00fc de normallerine g\u00f6re farkl\u0131l\u0131klar\u0131yla dikkati \u00e7ekiyor. Caminin minberi 21 metre y\u00fcksekli\u011finde ve gerek g\u00f6r\u00fcld\u00fc\u011f\u00fcnde asans\u00f6rle \u00e7\u0131k\u0131labilecek. \u0130stanbul&#8217;da sedefkarlar\u0131n bir y\u0131ll\u0131k \u00e7al\u0131\u015fmas\u0131yla haz\u0131rlanan vaaz k\u00fcrs\u00fcs\u00fc yakla\u015f\u0131k 4 metre y\u00fcksekli\u011finde yap\u0131ld\u0131.  <\/p>\n<h3>Cami, yar\u0131ndan itibaren hizmet vermeye ba\u015flayacak<\/h3>\n<p>\u0130stanbul Cami ve K\u00fclt\u00fcr Hizmet Birimleri Yapt\u0131rma ve Ya\u015fatma Derne\u011fi Ba\u015fkan\u0131 Ergin K\u00fcl\u00fcnk, AA muhabirine yapt\u0131\u011f\u0131 a\u00e7\u0131klamada, yakla\u015f\u0131k 2 bin g\u00fcnl\u00fck bir ser\u00fcvenin ard\u0131ndan yar\u0131n sabah namaz\u0131nda, ba\u015flang\u0131c\u0131n ba\u015f\u0131 olarak de\u011ferlendirilebilecek bir g\u00fcn ya\u015fanaca\u011f\u0131n\u0131 s\u00f6yledi.<\/p>\n<p>K\u00fcl\u00fcnk, Regaip Kandili dolay\u0131s\u0131yla yar\u0131n sabah itibar\u0131yla camiyi ibadete a\u00e7acaklar\u0131n\u0131 belirterek, &#8220;Camimizi yar\u0131n sadece ibadete a\u00e7\u0131yoruz. Resmi a\u00e7\u0131l\u0131\u015f\u0131n\u0131 yapm\u0131yoruz. A\u00e7\u0131l\u0131\u015f program\u0131 Say\u0131n Cumhurba\u015fkan\u0131m\u0131z Recep Tayyip Erdo\u011fan&#8217;\u0131n te\u015frifleriyle daha ileri ki bir tarihte olacak. Yar\u0131n sabahtan itibaren camimiz cemaate hizmet vermeye ba\u015flayacak.&#8221; dedi.<\/p>\n<p>\u00c7ok yo\u011fun bir gayretle geriye kalan r\u00f6tu\u015flar\u0131n tamamlanmak \u00fczere oldu\u011funu anlatan K\u00fcl\u00fcnk, &#8220;Camimizin akustik \u00e7al\u0131\u015fmalar\u0131 uzun zamand\u0131r devam ediyor. M\u00fcezzin arkada\u015flar\u0131m\u0131z yar\u0131n en g\u00fczel, en teknik, en rahats\u0131z etmeyen sesi verebilmek ad\u0131na hassasiyetle \u00e7al\u0131\u015f\u0131yor.&#8221; diye konu\u015ftu.<\/p>\n<p>Caminin d\u0131\u015f ayd\u0131nlatma sisteminin \u0130stanbul B\u00fcy\u00fck\u015fehir Belediyesi taraf\u0131ndan g\u00fcn \u0131\u015f\u0131\u011f\u0131 baz al\u0131narak yap\u0131lan \u00f6zel bir proje oldu\u011funu aktaran K\u00fcl\u00fcnk, &#8220;Ak\u015fam vakti g\u00f6r\u00fcnt\u00fclenen renk c\u00fcmb\u00fc\u015f\u00fc, renklerimizi test i\u00e7in yap\u0131lan bir \u00e7al\u0131\u015fmayd\u0131. Camimizin ana rengi g\u00fcn \u0131\u015f\u0131\u011f\u0131 dedi\u011fimiz renk. Bundan sonra da hep bu rengi g\u00f6rece\u011fiz.&#8221; ifadelerini kulland\u0131.<\/p>\n<!-- Error, Advert is not available at this time due to schedule\/geolocation restrictions! -->\n","protected":false},"excerpt":{"rendered":"<p>Temeli 6 y\u0131l \u00f6nce at\u0131lan \u00c7aml\u0131ca Camisi \u00fc\u00e7 aylar\u0131n ba\u015flang\u0131c\u0131 olan Regaip Kandili ile yar\u0131n cemaate a\u00e7\u0131l\u0131yor. \u00c7aml\u0131ca camisinin resmi olarak a\u00e7\u0131klanmayan maliyetinin 100 milyon dolar oldu\u011fu san\u0131l\u0131yor. Anadolu Ajans\u0131&#8217;n\u0131n haberi; Ayn\u0131 anda 63 bin ki\u015finin ibadet edebilece\u011fi bir kompleks olarak tasarlanan T\u00fcrkiye&#8217;nin en b\u00fcy\u00fck camisi \u00c7aml\u0131ca Camisi, yar\u0131n ibadete a\u00e7\u0131lacak. \u00c7aml\u0131ca Camisi&#8217;nin her bir &hellip;<\/p>\n","protected":false},"author":4,"featured_media":274884,"comment_status":"open","ping_status":"open","sticky":false,"template":"","format":"standard","meta":{"_acf_changed":false,"footnotes":""},"categories":[6155,5005,6805],"tags":[93194,93193,116789,1011,787],"class_list":["post-274883","post","type-post","status-publish","format-standard","has-post-thumbnail","hentry","category-gundem","category-manset","category-turkiye","tag-aa","tag-anadolu-ajansi","tag-camlica-camisi","tag-istanbul","tag-recep-tayyip-erdogan"],"acf":[],"_links":{"self":[{"href":"https:\/\/www.nationalturk.com\/tr\/wp-json\/wp\/v2\/posts\/274883","targetHints":{"allow":["GET"]}}],"collection":[{"href":"https:\/\/www.nationalturk.com\/tr\/wp-json\/wp\/v2\/posts"}],"about":[{"href":"https:\/\/www.nationalturk.com\/tr\/wp-json\/wp\/v2\/types\/post"}],"author":[{"embeddable":true,"href":"https:\/\/www.nationalturk.com\/tr\/wp-json\/wp\/v2\/users\/4"}],"replies":[{"embeddable":true,"href":"https:\/\/www.nationalturk.com\/tr\/wp-json\/wp\/v2\/comments?post=274883"}],"version-history":[{"count":0,"href":"https:\/\/www.nationalturk.com\/tr\/wp-json\/wp\/v2\/posts\/274883\/revisions"}],"wp:featuredmedia":[{"embeddable":true,"href":"https:\/\/www.nationalturk.com\/tr\/wp-json\/wp\/v2\/media\/274884"}],"wp:attachment":[{"href":"https:\/\/www.nationalturk.com\/tr\/wp-json\/wp\/v2\/media?parent=274883"}],"wp:term":[{"taxonomy":"category","embeddable":true,"href":"https:\/\/www.nationalturk.com\/tr\/wp-json\/wp\/v2\/categories?post=274883"},{"taxonomy":"post_tag","embeddable":true,"href":"https:\/\/www.nationalturk.com\/tr\/wp-json\/wp\/v2\/tags?post=274883"}],"curies":[{"name":"wp","href":"https:\/\/api.w.org\/{rel}","templated":true}]}}