{"id":274991,"date":"2019-03-11T13:48:27","date_gmt":"2019-03-11T10:48:27","guid":{"rendered":"https:\/\/www.nationalturk.com\/?p=274991"},"modified":"2019-03-11T13:48:27","modified_gmt":"2019-03-11T10:48:27","slug":"mansur-yavastan-sahte-senet-aciklamasi","status":"publish","type":"post","link":"https:\/\/www.nationalturk.com\/tr\/mansur-yavastan-sahte-senet-aciklamasi\/","title":{"rendered":"Mansur Yava\u015f&#8217;tan &#8220;sahte senet&#8221; a\u00e7\u0131klamas\u0131"},"content":{"rendered":"<h2>Hakk\u0131nda \u00e7\u0131kan &#8216;sahte senet&#8217; haberlerine ve AK Parti S\u00f6zc\u00fcs\u00fc \u00d6mer \u00c7elik&#8217;in a\u00e7\u0131klamalar\u0131na yan\u0131t veren CHP&#8217;nin Ankara B\u00fcy\u00fck\u015fehir Belediye Ba\u015fkan aday\u0131 Mansur Yava\u015f, &#8220;\u0130nan\u0131yoruz ki bize y\u00f6nelik iftiralara ve provokasyonlara en g\u00fczel cevab\u0131 Ankaral\u0131 hem\u015fehrilerimiz sand\u0131kta verecektir&#8221; dedi.<\/h2>\n<p>CHP&#8217;nin Ankara aday\u0131 Mansur Yava\u015f, Sabah gazetesinin duyurdu\u011fu ve bug\u00fcn AK Parti S\u00f6zc\u00fcs\u00fc \u00d6mer \u00c7elik&#8217;in g\u00fcndeme getirdi\u011fi &#8216;sahte senetle icra takibi yapt\u0131rd\u0131\u011f\u0131&#8217; iddialar\u0131yla ilgili a\u00e7\u0131klama yapt\u0131.<\/p>\n<p>Twitter hesab\u0131ndan a\u00e7\u0131klama yapan Yava\u015f, &#8220;Biz projelerimizle ve Ankara i\u00e7in yapacaklar\u0131m\u0131zla buraday\u0131z. \u0130nan\u0131yoruz ki bize y\u00f6nelik iftiralara ve provokasyonlara en g\u00fczel cevab\u0131 Ankaral\u0131 hem\u015fehrilerimiz sand\u0131kta verecektir&#8221; ifadelerini kulland\u0131.<\/p>\n<p>Yava\u015f, konuyla ilgili yar\u0131n a\u00e7\u0131klama yapaca\u011f\u0131n\u0131 dile getirdi.<\/p>\n<p>AK Parti S\u00f6zc\u00fcs\u00fc \u00c7elik, Yava\u015f&#8217;\u0131n avukatl\u0131\u011f\u0131 d\u00f6neminde sahte bir senetle icra takibi yap\u0131p yapmad\u0131\u011f\u0131n\u0131 sorarak, &#8220;Sahte senet kulland\u0131\u011f\u0131 2016&#8217;da Yarg\u0131tay karar\u0131yla kesinle\u015fen bu \u015fah\u0131sla ilgili olarak g\u00fcnlerdir bas\u0131nda iddialar yer almas\u0131na ra\u011fmen Cumhuriyet Halk Partisi y\u00f6netimi buna ni\u00e7in cevap vermemi\u015ftir? Vatanda\u015f\u0131n \u00f6n\u00fcne temiz aday \u00e7\u0131karmak b\u00fct\u00fcn siyasi partilerin g\u00f6revidir&#8221; demi\u015fti.<\/p>\n<p>Sabah&#8217;\u0131n haberine g\u00f6re, Yava\u015f hakk\u0131nda yediemin olarak teslim ald\u0131\u011f\u0131 600 bin dolarl\u0131k senedi tahsil etmeye kalk\u0131\u015fmak su\u00e7undan dava a\u00e7\u0131ld\u0131. Ceza almas\u0131 durumunda, 31 Mart yerel se\u00e7imlerinde Ankara B\u00fcy\u00fck\u015fehir Belediye Ba\u015fkan\u0131 se\u00e7ilse bile Yava\u015f&#8217;\u0131n ba\u015fkanl\u0131\u011f\u0131 d\u00fc\u015fecek.<\/p>\n<!-- Error, Advert is not available at this time due to schedule\/geolocation restrictions! -->\n","protected":false},"excerpt":{"rendered":"<p>Hakk\u0131nda \u00e7\u0131kan &#8216;sahte senet&#8217; haberlerine ve AK Parti S\u00f6zc\u00fcs\u00fc \u00d6mer \u00c7elik&#8217;in a\u00e7\u0131klamalar\u0131na yan\u0131t veren CHP&#8217;nin Ankara B\u00fcy\u00fck\u015fehir Belediye Ba\u015fkan aday\u0131 Mansur Yava\u015f, &#8220;\u0130nan\u0131yoruz ki bize y\u00f6nelik iftiralara ve provokasyonlara en g\u00fczel cevab\u0131 Ankaral\u0131 hem\u015fehrilerimiz sand\u0131kta verecektir&#8221; dedi. CHP&#8217;nin Ankara aday\u0131 Mansur Yava\u015f, Sabah gazetesinin duyurdu\u011fu ve bug\u00fcn AK Parti S\u00f6zc\u00fcs\u00fc \u00d6mer \u00c7elik&#8217;in g\u00fcndeme getirdi\u011fi &#8216;sahte &hellip;<\/p>\n","protected":false},"author":4,"featured_media":272636,"comment_status":"open","ping_status":"open","sticky":false,"template":"","format":"standard","meta":{"_acf_changed":false,"footnotes":""},"categories":[6155,763,349],"tags":[1688,8723,134344,37280],"class_list":["post-274991","post","type-post","status-publish","format-standard","has-post-thumbnail","hentry","category-gundem","category-gunun-olayi","category-son-dakika","tag-ankara","tag-chp","tag-mansur-yavas","tag-sabah-gazetesi"],"acf":[],"_links":{"self":[{"href":"https:\/\/www.nationalturk.com\/tr\/wp-json\/wp\/v2\/posts\/274991","targetHints":{"allow":["GET"]}}],"collection":[{"href":"https:\/\/www.nationalturk.com\/tr\/wp-json\/wp\/v2\/posts"}],"about":[{"href":"https:\/\/www.nationalturk.com\/tr\/wp-json\/wp\/v2\/types\/post"}],"author":[{"embeddable":true,"href":"https:\/\/www.nationalturk.com\/tr\/wp-json\/wp\/v2\/users\/4"}],"replies":[{"embeddable":true,"href":"https:\/\/www.nationalturk.com\/tr\/wp-json\/wp\/v2\/comments?post=274991"}],"version-history":[{"count":0,"href":"https:\/\/www.nationalturk.com\/tr\/wp-json\/wp\/v2\/posts\/274991\/revisions"}],"wp:featuredmedia":[{"embeddable":true,"href":"https:\/\/www.nationalturk.com\/tr\/wp-json\/wp\/v2\/media\/272636"}],"wp:attachment":[{"href":"https:\/\/www.nationalturk.com\/tr\/wp-json\/wp\/v2\/media?parent=274991"}],"wp:term":[{"taxonomy":"category","embeddable":true,"href":"https:\/\/www.nationalturk.com\/tr\/wp-json\/wp\/v2\/categories?post=274991"},{"taxonomy":"post_tag","embeddable":true,"href":"https:\/\/www.nationalturk.com\/tr\/wp-json\/wp\/v2\/tags?post=274991"}],"curies":[{"name":"wp","href":"https:\/\/api.w.org\/{rel}","templated":true}]}}