{"id":275090,"date":"2019-03-14T16:02:36","date_gmt":"2019-03-14T13:02:36","guid":{"rendered":"https:\/\/www.nationalturk.com\/?p=275090"},"modified":"2019-03-14T16:02:36","modified_gmt":"2019-03-14T13:02:36","slug":"son-dakika-firat-aydinusun-cezasi-aciklandi","status":"publish","type":"post","link":"https:\/\/www.nationalturk.com\/tr\/son-dakika-firat-aydinusun-cezasi-aciklandi\/","title":{"rendered":"Son Dakika: F\u0131rat Ayd\u0131nus&#8217;un cezas\u0131 a\u00e7\u0131kland\u0131"},"content":{"rendered":"<h2>T\u00fcrkiye Futbol Federasyonu (TFF) Profesyonel Futbol Disiplin Kurulu (PFDK), hakem F\u0131rat Ayd\u0131nus&#8217;a 30 g\u00fcn hak mahrumiyeti cezas\u0131 verdi. \/ Son Dakika&#8230;<\/h2>\n<p>TFF&#8217;den yap\u0131lan a\u00e7\u0131klamada, Spor Toto S\u00fcper Lig&#8217;in 24. haftas\u0131ndaki Evkur Yeni Malatyaspor-Medipol Ba\u015fak\u015fehir ma\u00e7\u0131n\u0131 y\u00f6neten F\u0131rat Ayd\u0131nus&#8217;a, &#8220;futbol camias\u0131n\u0131 k\u00fc\u00e7\u00fck d\u00fc\u015f\u00fcrecek tutum ve davran\u0131\u015flarda bulunmas\u0131&#8221; gerek\u00e7esiyle 30 g\u00fcn hak mahrumiyeti cezas\u0131 verildi\u011fi belirtildi. <\/p>\n<p>S\u00f6z konusu kar\u015f\u0131la\u015fmada ikinci yard\u0131mc\u0131 hakem olarak g\u00f6rev alan Yusuf Bozdo\u011fan&#8217;a da 10 g\u00fcn hak mahrumiyeti cezas\u0131 verildi\u011fi kaydedildi. <\/p>\n<!-- Error, Advert is not available at this time due to schedule\/geolocation restrictions! -->\n","protected":false},"excerpt":{"rendered":"<p>T\u00fcrkiye Futbol Federasyonu (TFF) Profesyonel Futbol Disiplin Kurulu (PFDK), hakem F\u0131rat Ayd\u0131nus&#8217;a 30 g\u00fcn hak mahrumiyeti cezas\u0131 verdi. \/ Son Dakika&#8230; TFF&#8217;den yap\u0131lan a\u00e7\u0131klamada, Spor Toto S\u00fcper Lig&#8217;in 24. haftas\u0131ndaki Evkur Yeni Malatyaspor-Medipol Ba\u015fak\u015fehir ma\u00e7\u0131n\u0131 y\u00f6neten F\u0131rat Ayd\u0131nus&#8217;a, &#8220;futbol camias\u0131n\u0131 k\u00fc\u00e7\u00fck d\u00fc\u015f\u00fcrecek tutum ve davran\u0131\u015flarda bulunmas\u0131&#8221; gerek\u00e7esiyle 30 g\u00fcn hak mahrumiyeti cezas\u0131 verildi\u011fi belirtildi. S\u00f6z &hellip;<\/p>\n","protected":false},"author":4,"featured_media":253148,"comment_status":"open","ping_status":"open","sticky":false,"template":"","format":"standard","meta":{"_acf_changed":false,"footnotes":""},"categories":[6774,6155,5005,349],"tags":[9305],"class_list":["post-275090","post","type-post","status-publish","format-standard","has-post-thumbnail","hentry","category-futbol","category-gundem","category-manset","category-son-dakika","tag-firat-aydinus"],"acf":[],"_links":{"self":[{"href":"https:\/\/www.nationalturk.com\/tr\/wp-json\/wp\/v2\/posts\/275090","targetHints":{"allow":["GET"]}}],"collection":[{"href":"https:\/\/www.nationalturk.com\/tr\/wp-json\/wp\/v2\/posts"}],"about":[{"href":"https:\/\/www.nationalturk.com\/tr\/wp-json\/wp\/v2\/types\/post"}],"author":[{"embeddable":true,"href":"https:\/\/www.nationalturk.com\/tr\/wp-json\/wp\/v2\/users\/4"}],"replies":[{"embeddable":true,"href":"https:\/\/www.nationalturk.com\/tr\/wp-json\/wp\/v2\/comments?post=275090"}],"version-history":[{"count":0,"href":"https:\/\/www.nationalturk.com\/tr\/wp-json\/wp\/v2\/posts\/275090\/revisions"}],"wp:featuredmedia":[{"embeddable":true,"href":"https:\/\/www.nationalturk.com\/tr\/wp-json\/wp\/v2\/media\/253148"}],"wp:attachment":[{"href":"https:\/\/www.nationalturk.com\/tr\/wp-json\/wp\/v2\/media?parent=275090"}],"wp:term":[{"taxonomy":"category","embeddable":true,"href":"https:\/\/www.nationalturk.com\/tr\/wp-json\/wp\/v2\/categories?post=275090"},{"taxonomy":"post_tag","embeddable":true,"href":"https:\/\/www.nationalturk.com\/tr\/wp-json\/wp\/v2\/tags?post=275090"}],"curies":[{"name":"wp","href":"https:\/\/api.w.org\/{rel}","templated":true}]}}