{"id":275234,"date":"2019-03-20T13:26:23","date_gmt":"2019-03-20T10:26:23","guid":{"rendered":"https:\/\/www.nationalturk.com\/?p=275234"},"modified":"2019-03-20T13:26:23","modified_gmt":"2019-03-20T10:26:23","slug":"hdp-milletvekiline-hapis-cezasi","status":"publish","type":"post","link":"https:\/\/www.nationalturk.com\/tr\/hdp-milletvekiline-hapis-cezasi\/","title":{"rendered":"HDP milletvekiline hapis cezas\u0131"},"content":{"rendered":"<h2>HDP \u015eanl\u0131urfa Milletvekili Ay\u015fe S\u00fcr\u00fcc\u00fc&#8217;ye, &#8220;Toplant\u0131 ve G\u00f6steri Y\u00fcr\u00fcy\u00fc\u015fleri Kanunu&#8217;na muhalefet&#8221; su\u00e7undan yarg\u0131land\u0131\u011f\u0131 davada, 1 y\u0131l 8 ay hapis cezas\u0131 verildi.<\/h2>\n<p>\u015eanl\u0131urfa 6. A\u011f\u0131r Ceza Mahkemesindeki duru\u015fmaya, tutuksuz yarg\u0131lanan S\u00fcr\u00fcc\u00fc&#8217;n\u00fcn avukat\u0131 Hidayet Enmek kat\u0131ld\u0131.<\/p>\n<p>Duru\u015fma savc\u0131s\u0131 esas hakk\u0131nda m\u00fctalaas\u0131nda, san\u0131\u011f\u0131n 8 Mart 2016&#8217;da \u015eanl\u0131urfa Valili\u011fi taraf\u0131ndan yasaklanan eylem ve etkinliklere kat\u0131ld\u0131\u011f\u0131n\u0131 belirterek, at\u0131l\u0131 su\u00e7tan cezaland\u0131r\u0131lmas\u0131n\u0131 talep etti.<\/p>\n<p>Mahkeme heyeti, san\u0131\u011fa &#8220;Toplant\u0131 ve G\u00f6steri Y\u00fcr\u00fcy\u00fc\u015fleri Kanunu&#8217;na muhalefet&#8221; su\u00e7undan 1 y\u0131l 8 ay hapis cezas\u0131 verdi.<\/p>\n<!-- Error, Advert is not available at this time due to schedule\/geolocation restrictions! -->\n","protected":false},"excerpt":{"rendered":"<p>HDP \u015eanl\u0131urfa Milletvekili Ay\u015fe S\u00fcr\u00fcc\u00fc&#8217;ye, &#8220;Toplant\u0131 ve G\u00f6steri Y\u00fcr\u00fcy\u00fc\u015fleri Kanunu&#8217;na muhalefet&#8221; su\u00e7undan yarg\u0131land\u0131\u011f\u0131 davada, 1 y\u0131l 8 ay hapis cezas\u0131 verildi. \u015eanl\u0131urfa 6. A\u011f\u0131r Ceza Mahkemesindeki duru\u015fmaya, tutuksuz yarg\u0131lanan S\u00fcr\u00fcc\u00fc&#8217;n\u00fcn avukat\u0131 Hidayet Enmek kat\u0131ld\u0131. Duru\u015fma savc\u0131s\u0131 esas hakk\u0131nda m\u00fctalaas\u0131nda, san\u0131\u011f\u0131n 8 Mart 2016&#8217;da \u015eanl\u0131urfa Valili\u011fi taraf\u0131ndan yasaklanan eylem ve etkinliklere kat\u0131ld\u0131\u011f\u0131n\u0131 belirterek, at\u0131l\u0131 su\u00e7tan cezaland\u0131r\u0131lmas\u0131n\u0131 &hellip;<\/p>\n","protected":false},"author":4,"featured_media":275235,"comment_status":"open","ping_status":"open","sticky":false,"template":"","format":"standard","meta":{"_acf_changed":false,"footnotes":""},"categories":[6155,5005,6202,349],"tags":[146668,1471],"class_list":["post-275234","post","type-post","status-publish","format-standard","has-post-thumbnail","hentry","category-gundem","category-manset","category-politika","category-son-dakika","tag-hdp","tag-sanliurfa"],"acf":[],"_links":{"self":[{"href":"https:\/\/www.nationalturk.com\/tr\/wp-json\/wp\/v2\/posts\/275234","targetHints":{"allow":["GET"]}}],"collection":[{"href":"https:\/\/www.nationalturk.com\/tr\/wp-json\/wp\/v2\/posts"}],"about":[{"href":"https:\/\/www.nationalturk.com\/tr\/wp-json\/wp\/v2\/types\/post"}],"author":[{"embeddable":true,"href":"https:\/\/www.nationalturk.com\/tr\/wp-json\/wp\/v2\/users\/4"}],"replies":[{"embeddable":true,"href":"https:\/\/www.nationalturk.com\/tr\/wp-json\/wp\/v2\/comments?post=275234"}],"version-history":[{"count":0,"href":"https:\/\/www.nationalturk.com\/tr\/wp-json\/wp\/v2\/posts\/275234\/revisions"}],"wp:featuredmedia":[{"embeddable":true,"href":"https:\/\/www.nationalturk.com\/tr\/wp-json\/wp\/v2\/media\/275235"}],"wp:attachment":[{"href":"https:\/\/www.nationalturk.com\/tr\/wp-json\/wp\/v2\/media?parent=275234"}],"wp:term":[{"taxonomy":"category","embeddable":true,"href":"https:\/\/www.nationalturk.com\/tr\/wp-json\/wp\/v2\/categories?post=275234"},{"taxonomy":"post_tag","embeddable":true,"href":"https:\/\/www.nationalturk.com\/tr\/wp-json\/wp\/v2\/tags?post=275234"}],"curies":[{"name":"wp","href":"https:\/\/api.w.org\/{rel}","templated":true}]}}