{"id":27553,"date":"2010-06-10T15:24:52","date_gmt":"2010-06-10T13:24:52","guid":{"rendered":"http:\/\/www.nationalturk.com\/?p=27553"},"modified":"2010-07-17T17:14:43","modified_gmt":"2010-07-17T15:14:43","slug":"miranda-kerrin-rahibe-fotograflari-57319648","status":"publish","type":"post","link":"https:\/\/www.nationalturk.com\/tr\/miranda-kerrin-rahibe-fotograflari-57319648\/","title":{"rendered":"Miranda Kerr&#8217;in rahibe foto\u011fraflar\u0131 olay yaratt\u0131"},"content":{"rendered":"<h1 style=\"font-size: 1.5em;\"><a href=\"http:\/\/www.nationalturk.com\/tr\/wp-content\/uploads\/2010\/06\/miranda-kerr-rahibe.jpg\"><img loading=\"lazy\" decoding=\"async\" class=\"alignleft size-medium wp-image-27571\" title=\"Miranda Kerr&#039;in rahibe foto\u011fraflar\u0131 olay yaratt\u0131\" src=\"http:\/\/www.nationalturk.com\/tr\/wp-content\/uploads\/2010\/06\/miranda-kerr-rahibe-280x179.jpg\" alt=\"\" width=\"280\" height=\"179\" srcset=\"https:\/\/www.nationalturk.com\/tr\/wp-content\/uploads\/2010\/06\/miranda-kerr-rahibe-280x179.jpg 280w, https:\/\/www.nationalturk.com\/tr\/wp-content\/uploads\/2010\/06\/miranda-kerr-rahibe.jpg 450w\" sizes=\"auto, (max-width: 280px) 100vw, 280px\" \/><\/a>Victoria\u2019s Secret modellerinden olan Miranda Kerr&#8217;in, Frans\u0131z Numero dergisine verdi\u011fi pozlar ortal\u0131\u011f\u0131 kar\u0131\u015ft\u0131rd\u0131.<\/h1>\n<p><strong>Greg Kadel\u2019in \u00e7ekti\u011fi resimlerde Miranda Kerr, rahibe kost\u00fcm\u00fc i\u00e7erisinde olduk\u00e7a cesur pozlar veriyor.<\/strong><\/p>\n<p>\u00c7ekimlerde rahibe ve \u00f6\u011frenci kost\u00fcm\u00fc de giyen Kerr, sa\u00e7lar\u0131n\u0131 ve ka\u015flar\u0131n\u0131 da sar\u0131ya boyatt\u0131.<\/p>\n<p>Kerr&#8217;in baz\u0131 foto\u011fraflar\u0131nda rahibe kost\u00fcm\u00fc giymi\u015f bir kad\u0131nla s\u0131cak pozlar\u0131 \u00f6zellikle Katolik d\u00fcnyas\u0131ndan b\u00fcy\u00fck tepki g\u00f6rd\u00fc.<\/p>\n<p>27 ya\u015f\u0131ndaki modelin resmi internet sitesine tepki mailleri geldi\u011fi iddia ediliyor.<\/p>\n<p><strong>\u0130\u015fte Miranda Kerr&#8217;in olay yaratan foto\u011fraflar\u0131:<\/strong><\/p>\n<p><strong>[flagallery gid=56 name=&#8221;Gallery&#8221;]<\/strong><\/p>\n<span style=\"font-weight: bold; color: #f00;\">Error, group does not exist! Check your syntax! (ID: 102)<\/span>\n<span style=\"font-weight: bold; color: #f00;\">Error, group does not exist! Check your syntax! (ID: 52)<\/span>\n<p><strong><br \/>\n<\/strong><\/p>\n","protected":false},"excerpt":{"rendered":"<p>Miranda Kerr&#8217;in rahibe foto\u011fraflar\u0131 olay yaratt\u0131<\/p>\n","protected":false},"author":3,"featured_media":191439,"comment_status":"open","ping_status":"open","sticky":false,"template":"","format":"standard","meta":{"_acf_changed":false,"footnotes":""},"categories":[5005,6229],"tags":[6975,6976,6977,6978,6979,30126,30127,30128,6982,30129,6986],"class_list":["post-27553","post","type-post","status-publish","format-standard","has-post-thumbnail","hentry","category-manset","category-moda","tag-miranda-kerr","tag-miranda-kerr-cesur-pozlar","tag-miranda-kerr-ciplak","tag-miranda-kerr-fotograflari","tag-miranda-kerr-galeri","tag-miranda-kerr-rahibe","tag-miranda-kerr-rahibe-fotograflari","tag-miranda-kerr-rahibe-fotograflari-olay","tag-miranda-kerr-resimleri","tag-miranda-kerr-video","tag-v-magazine-miranda-kerr"],"acf":[],"_links":{"self":[{"href":"https:\/\/www.nationalturk.com\/tr\/wp-json\/wp\/v2\/posts\/27553","targetHints":{"allow":["GET"]}}],"collection":[{"href":"https:\/\/www.nationalturk.com\/tr\/wp-json\/wp\/v2\/posts"}],"about":[{"href":"https:\/\/www.nationalturk.com\/tr\/wp-json\/wp\/v2\/types\/post"}],"author":[{"embeddable":true,"href":"https:\/\/www.nationalturk.com\/tr\/wp-json\/wp\/v2\/users\/3"}],"replies":[{"embeddable":true,"href":"https:\/\/www.nationalturk.com\/tr\/wp-json\/wp\/v2\/comments?post=27553"}],"version-history":[{"count":0,"href":"https:\/\/www.nationalturk.com\/tr\/wp-json\/wp\/v2\/posts\/27553\/revisions"}],"wp:featuredmedia":[{"embeddable":true,"href":"https:\/\/www.nationalturk.com\/tr\/wp-json\/wp\/v2\/media\/191439"}],"wp:attachment":[{"href":"https:\/\/www.nationalturk.com\/tr\/wp-json\/wp\/v2\/media?parent=27553"}],"wp:term":[{"taxonomy":"category","embeddable":true,"href":"https:\/\/www.nationalturk.com\/tr\/wp-json\/wp\/v2\/categories?post=27553"},{"taxonomy":"post_tag","embeddable":true,"href":"https:\/\/www.nationalturk.com\/tr\/wp-json\/wp\/v2\/tags?post=27553"}],"curies":[{"name":"wp","href":"https:\/\/api.w.org\/{rel}","templated":true}]}}