{"id":27639,"date":"2010-06-11T07:55:02","date_gmt":"2010-06-11T05:55:02","guid":{"rendered":"http:\/\/www.nationalturk.com\/?p=27639"},"modified":"2022-08-07T12:59:24","modified_gmt":"2022-08-07T09:59:24","slug":"sahte-curuk-raporu-albay-ucok-sibel-carmikli-6448201","status":"publish","type":"post","link":"https:\/\/www.nationalturk.com\/tr\/sahte-curuk-raporu-albay-ucok-sibel-carmikli-6448201\/","title":{"rendered":"\u00c7\u00fcr\u00fck\u00e7\u00fc albaya 403, Sibel \u00c7arm\u0131kl\u0131&#8217;ya 17.5 y\u0131l istendi!"},"content":{"rendered":"<p><strong>\u0130stanbul Cumhuriyet Savc\u0131s\u0131 Hikmet Usta taraf\u0131ndan haz\u0131rlanan \u201csahte \u00e7\u00fcr\u00fck raporu \u00e7etesi\u201d ne y\u00f6nelik 247 sayfal\u0131k iddianame \u0130stanbul 11. A\u011f\u0131r Ceza Mahkemesi\u2019nce kabul edildi. <\/strong><\/p>\n<p>Askeri Savc\u0131 Ahmet Zeki \u00dc\u00e7ok\u2019un da aralar\u0131nda oldu\u011fu 8\u2019i tutuklu 17 \u015f\u00fcphelinin yer ald\u0131\u011f\u0131 davan\u0131n ilk duru\u015fmas\u0131 29 Eyl\u00fcl ve 1 Ekim\u2019de yap\u0131lacak. 29 Eyl\u00fcl\u2019deki duru\u015fmada san\u0131klar dinlenecek, 1 Ekim\u2019deki duru\u015fmada ise Aziz Y\u0131ld\u0131r\u0131m\u2019\u0131n da aralar\u0131nda oldu\u011fu m\u00fc\u015ftekiler haz\u0131r olacak.<\/p>\n<p><strong>1 numaral\u0131 m\u00fc\u015fteki<\/strong><\/p>\n<p>Fenerbah\u00e7e Spor Kul\u00fcb\u00fc Ba\u015fkan\u0131 Aziz Y\u0131ld\u0131r\u0131m\u2019\u0131n bir numaral\u0131 m\u00fc\u015fteki oldu\u011fu iddianamede dizi film oyuncusu Engin Aky\u00fcrek ve film yap\u0131mc\u0131s\u0131 \u0130smail K\u0131l\u0131\u00e7arslan\u2019\u0131n da aralar\u0131nda bulundu\u011fu toplam 61 m\u00fc\u015fteki bulunuyor. \u0130ddianamede \u201cbir numaral\u0131\u201d tutuklu san\u0131k Ahmet Zeki \u00dc\u00e7ok\u2019un, \u201csu\u00e7 i\u015flemek amac\u0131yla \u00f6rg\u00fct kurma\u201d su\u00e7undan 2 ile 6, 4 kez \u201cnitelikli ya\u011fma\u201d su\u00e7undan 20 ile 30, 48 kez \u201cnitelikli doland\u0131r\u0131c\u0131l\u0131k\u201d su\u00e7undan 96 ile 336, 6 kez \u201cnitelikli doland\u0131r\u0131c\u0131l\u0131\u011fa te\u015febb\u00fcs\u201d su\u00e7undan 6 ile 21 ve \u201ckamu g\u00f6revini k\u00f6t\u00fcye kullanmak\u201d su\u00e7undan da 5 ile 10 y\u0131l olmak \u00fczere toplam 129 ile 403 y\u0131l aras\u0131nda de\u011fi\u015fen hapisle cezaland\u0131r\u0131lmas\u0131 talep edildi. \u0130ddianamede, \u201csu\u00e7 \u00f6rg\u00fct\u00fc kurdu\u011fu\u201d iddia edilen 2 numaral\u0131 tutuklu san\u0131k Murat Tugay Tepe i\u00e7in de Albay \u00dc\u00e7ok ile ayn\u0131 su\u00e7lardan ve \u201cfuhu\u015f i\u00e7in arac\u0131l\u0131k ve yer temin etme\u201d su\u00e7undan da toplam 134 ile 413 y\u0131l aras\u0131nda de\u011fi\u015fen hapis cezas\u0131 istendi.<\/p>\n<p><strong>\u00c7arm\u0131kl\u0131\u2019ya 17.5 y\u0131l<\/strong><\/p>\n<p>Tutuksuz san\u0131klardan i\u015f kad\u0131n\u0131 Sibel Fatma \u00c7arm\u0131kl\u0131 ve o\u011flu Murat Can \u00c7arm\u0131kl\u0131 hakk\u0131nda \u201csu\u00e7 \u00f6rg\u00fct\u00fcne \u00fcyelik\u201d, \u201cnitelikli ya\u011fma\u201d ve \u201cnitelikli doland\u0131r\u0131c\u0131l\u0131k\u201d su\u00e7lar\u0131ndan toplam 8 ile 17.5 y\u0131l aras\u0131nda de\u011fi\u015fen hapis cezas\u0131 talep edilen iddianamede 6\u2019s\u0131 tutuklu 13 san\u0131\u011f\u0131n da benzer su\u00e7lardan 1 ile 403 y\u0131l aras\u0131nda de\u011fi\u015fen hapisle cezaland\u0131r\u0131lmas\u0131 istendi. Soru\u015fturman\u0131n 9 A\u011fustos 2009\u2019da 155 Polis \u0130hbar hatt\u0131na gelen bir maille ba\u015flad\u0131\u011f\u0131n\u0131n anlat\u0131ld\u0131\u011f\u0131 iddianamede, ihbarda i\u00e7inde devlet g\u00f6revlilerinin de bulundu\u011fu \u00f6rg\u00fct\u00fcn tehdit ve \u015fantajla \u00e7\u0131kar sa\u011flamaya \u00e7al\u0131\u015ft\u0131\u011f\u0131, askere gidecek ki\u015filere para kar\u015f\u0131l\u0131\u011f\u0131 \u00e7\u00fcr\u00fck raporu ayarlad\u0131klar\u0131, askeri lise s\u0131navlar\u0131na girecek \u00f6\u011frencilere yard\u0131m i\u00e7in adam ayarlamaya \u00e7al\u0131\u015ft\u0131klar\u0131, 2B arazilerinin pe\u015fke\u015f \u00e7ekilmesi, yurt d\u0131\u015f\u0131 yasa\u011f\u0131n\u0131n kald\u0131r\u0131lmas\u0131, kara para transferi, kad\u0131n pazarlama ve r\u00fc\u015fvet alma gibi su\u00e7lar i\u015fledikleri, \u00f6rg\u00fct \u00fcyelerinin aralar\u0131nda \u201cbamya, elma\u201d gibi \u015fifreli isimler kulland\u0131klar\u0131 y\u00f6n\u00fcnde bilgiler oldu\u011fu anlat\u0131ld\u0131. Mailde \u00f6rg\u00fct\u00fcn Ankara sorumlusu Fehmi Suna, Ankara\u2019da ofisi bulunan Astsubay Erdem K\u0131l\u0131\u00e7 ve \u0130stanbul Anadolu yakas\u0131 b\u00f6lge sorumlusu Murat Tugay Tepe\u2019nin askerlik, \u00e7\u00fcr\u00fck raporu ve hayat kad\u0131n\u0131 i\u015flerine bakt\u0131klar\u0131, Hava Maliye Albay Ahmet Metin K\u00f6kenek\u2019in ise para ayarlama ve kad\u0131n ayarlama i\u015flerinden sorumlu oldu\u011fu kaydedildi.<\/p>\n<p><strong>D\u00f6rt y\u00f6netici var<\/strong><\/p>\n<p>Teknik ve fiziki takip \u00e7al\u0131\u015fmalar\u0131 sonucunda ihbarda \u00f6ne s\u00fcr\u00fclen iddialar\u0131n do\u011fru oldu\u011funun anlat\u0131ld\u0131\u011f\u0131 iddianamede, bu kapsamda \u015f\u00fcpheliler Ahmet Zeki \u00dc\u00e7ok, Murat Tugay Tepe, Erdem K\u0131l\u0131\u00e7 ve Fehmi Suna\u2019n\u0131n y\u00f6neticili\u011finde bir su\u00e7 \u00f6rg\u00fct\u00fcn\u00fcn var oldu\u011fu anlat\u0131ld\u0131. \u00d6rg\u00fct\u00fcn y\u00f6neticileri olduklar\u0131 iddia edilen Murat Tugay Tepe, Ahmet Zeki \u00dc\u00e7ok, Fehmi Suna ve Erdem K\u0131l\u0131\u00e7\u2019\u0131n 2009 y\u0131l\u0131nda birlikteliklerinin ba\u015flad\u0131\u011f\u0131 ifade edildi. Suna ve K\u0131l\u0131\u00e7\u2019\u0131n emekli asker olmalar\u0131 nedeniyle TSK i\u00e7ersinde bir\u00e7ok yerde devreleri ve arkada\u015flar\u0131n\u0131n bulundu\u011fu, di\u011fer taraftan Zeki \u00dc\u00e7ok\u2019un halen g\u00f6revde olmas\u0131ndan dolay\u0131 ayr\u0131 bir etkinli\u011finin oldu\u011fu \u00f6ne s\u00fcr\u00fcld\u00fc.<\/p>\n<p>Savc\u0131 Hikmet Usta\u2019n\u0131n \u201cBurada \u00f6rg\u00fct\u00fcn bir k\u0131s\u0131m askeri konular\u0131 yerine getirmi\u015f olabilece\u011fi de akla gelebilir ancak \u015f\u00fcphelilerin askeri konulara m\u00fcdahale imkanlar\u0131n\u0131n olmad\u0131\u011f\u0131n\u0131 ifadelerinde a\u00e7\u0131klam\u0131\u015flard\u0131r\u201d \u015feklinde yorum yapt\u0131\u011f\u0131 iddianamede \u00f6rg\u00fct\u00fcn kimseyi Kuzey K\u0131br\u0131s T\u00fcrk Cumhuriyeti\u2019ne ya da ba\u015fka bir \u00fclkeye vatanda\u015fl\u0131\u011f\u0131na ge\u00e7irme imkan\u0131n\u0131n olmad\u0131\u011f\u0131, ba\u015fka \u00fclkelerde kimse ad\u0131na i\u015f imkan\u0131 olu\u015fturma potansiyeline sahip bulunmad\u0131\u011f\u0131 anlat\u0131ld\u0131. \u015e\u00fcpheli Ahmet Zeki \u00dc\u00e7ok\u2019un su\u00e7 tarihlerinde Hava Kuvvetleri Askeri Savc\u0131l\u0131\u011f\u0131\u2019nda g\u00f6rev yapt\u0131\u011f\u0131, \u015f\u00fcpheliler Fehmi Suna\u2019n\u0131n emekli binba\u015f\u0131, Erdem K\u0131l\u0131\u00e7\u2019\u0131n ise emekli sa\u011fl\u0131k ba\u015f\u00e7avu\u015fu olduklar\u0131 anlat\u0131larak \u201c\u015e\u00fcphelilerin asker olmalar\u0131 nedeniyle kendilerine halk aras\u0131nda sayg\u0131 duyuldu\u011fu ve kendilerinden \u00e7ekinildi\u011fi, ad\u0131 ge\u00e7en \u015f\u00fcphelilerin T\u00fcrk Silahl\u0131 Kuvvetleri i\u00e7erisinde bir\u00e7ok irtibatlar\u0131n\u0131n ve etkinliklerinin\u201d oldu\u011fu anlat\u0131ld\u0131.<\/p>\n<p><strong>Ya\u011fmay\u0131 y\u00f6nlendiriyor<\/strong><\/p>\n<p>\u0130ddianamede, \u00dc\u00e7ok\u2019un g\u00f6rev yeri ve \u00fcnvan\u0131n\u0131 etkin bir \u015fekilde kulland\u0131\u011f\u0131, hatta askeri savc\u0131 olarak y\u00fcr\u00fctt\u00fc\u011f\u00fc soru\u015fturmalarda \u015f\u00fcpheli konumunda bulunan baz\u0131 \u015fah\u0131slara \u015fantaj ve tehdit yap\u0131larak \u00e7\u0131kar elde etmeye \u00e7al\u0131\u015ft\u0131\u011f\u0131 kaydedildi. \u0130ddianamede \u00f6rg\u00fct y\u00f6neticisi olduklar\u0131 iddia edilen Murat Tugay Tepe ile Erdem K\u0131l\u0131\u00e7 aras\u0131ndaki bir g\u00f6r\u00fc\u015fmeye yer verildi. G\u00f6r\u00fc\u015fmede Tepe\u2019nin \u201cMerak etti\u011fin bir i\u015f vard\u0131 ya s\u00f6yleyeyim mi?\u201d, \u201cKim al\u0131yor biliyor musun \u015fok olacaks\u0131n Aziz Y\u0131ld\u0131r\u0131m on be\u015finde\u201d, \u201cHem de elimde belgelerle&#8230; Bunu de\u011ferlendir dedi bana\u201d s\u00f6zleri \u00fczerine K\u0131l\u0131\u00e7\u2019\u0131n bu konuda hemen faaliyete ge\u00e7meyi teklif eti\u011fi anlat\u0131ld\u0131. Bunun \u00fczerine Tepe\u2019nin \u201cSen s\u00f6yle nas\u0131l yapaca\u011f\u0131n\u0131 ona dan\u0131\u015fmadan hi\u00e7bir i\u015f yapmayal\u0131m\u201d, \u201cBuna on milyon dolar bak \u00f6yle bir belge var ya\u201d diyerek ger\u00e7ekle\u015ftirmeye \u00e7al\u0131\u015ft\u0131klar\u0131 ya\u011fma olay\u0131n\u0131n ayr\u0131nt\u0131lar\u0131n\u0131 konu\u015ftuklar\u0131, olay\u0131n tamamen \u00dc\u00e7ok\u2019un y\u00f6nlendirmesi ve kontrol\u00fc ile yapacaklar\u0131n\u0131 ifade ettiklerine iddianamede yer verildi.<\/p>\n<p><strong>Tatile yolluyordu<\/strong><\/p>\n<p>\u0130ddianamede, \u00dc\u00e7ok\u2019un \u00e7ok gizli bir \u015fekilde y\u00fcr\u00fctt\u00fc\u011f\u00fc yan\u0131nda g\u00f6rev yapan askeri savc\u0131lar\u0131n dahi bilgileri olmad\u0131\u011f\u0131 soru\u015fturmalar\u0131n neredeyse t\u00fcm detaylar\u0131ndan Murat Tugay Tepe\u2019nin bilgisinin oldu\u011fu, hatta \u00dc\u00e7ok\u2019un iddianame \u00e7al\u0131\u015fmalar\u0131n\u0131 rahat bir ortamda ger\u00e7ekle\u015ftirebilmesi i\u00e7in \u00e7ok l\u00fcks otellere tatile g\u00f6nderdi\u011fi anlat\u0131ld\u0131. \u00dc\u00e7ok ile Tepe\u2019nin \u00f6rg\u00fctsel faaliyetlerini gizleyebilmek i\u00e7in aralar\u0131nda \u201c\u00f6zel hat\u201d kulland\u0131klar\u0131 da iddianamede yer ald\u0131.<\/p>\n<p><strong>\u00d6RG\u00dcT\u00dcN A\u015eK OTELLER\u0130<\/strong><\/p>\n<p>\u0130ddianamede, \u00f6rg\u00fct\u00fcn elde etti\u011fi haks\u0131z kazan\u00e7 ile \u00f6rg\u00fct y\u00f6neticilerinin de\u011fi\u015fik tarihlerde Holiday Inn Otel, Kuum Otel ve Yuu Otel gibi l\u00fcks otellerde tatil ama\u00e7l\u0131 ya da fuhu\u015f ama\u00e7l\u0131 konaklad\u0131klar\u0131 tespit edildi\u011fi belirtiliyor. Soru\u015fturma kapsam\u0131nda kay\u0131t alt\u0131na al\u0131nan ileti\u015fim tespit ve fiziki takip tutanaklar\u0131ndan \u015f\u00fcpheli Murat Tugay Tepe\u2019nin 03-06\/09\/2009 tarihleri aras\u0131nda \u015f\u00fcpheli Ahmet Zeki \u00dc\u00e7ok\u2019u \u0130stanbul\u2019da bulunan Holiday Inn otelde a\u011f\u0131rlad\u0131\u011f\u0131 ve \u015fahsa fuhu\u015f ama\u00e7l\u0131 olarak G\u00fcl\u015fah Acar ve \u015f\u00fcpheli Derya Aydo\u011fan\u2019\u0131 temin etti\u011fi bilgisi iddianamede yer al\u0131yor. (Vatan)<\/p>\n<ul>\n<li><a href=\"https:\/\/www.nationalturk.com\/gundem\/besiktas-kulubu-ikinci-baskani-engin-baltaci\/\" target=\"_blank\" rel=\"noopener\">Be\u015fikta\u015f Kul\u00fcb\u00fc ikinci ba\u015fkan\u0131 Mesut Y\u0131lmaz d\u00f6neminin DGM Savc\u0131s\u0131 Engin Baltac\u0131 T\u00fcrkiye\u2019nin g\u00fcndeminde<\/a><\/li>\n<\/ul>\n<blockquote class=\"wp-embedded-content\" data-secret=\"Va5ssMqyMU\"><p><a href=\"https:\/\/www.nationalturk.com\/tr\/mesut-yilmaz-kimdir\/\">Mesut Y\u0131lmaz Kimdir?<\/a><\/p><\/blockquote>\n<p><iframe loading=\"lazy\" class=\"wp-embedded-content\" sandbox=\"allow-scripts\" security=\"restricted\" style=\"position: absolute; clip: rect(1px, 1px, 1px, 1px);\" title=\"&#8220;Mesut Y\u0131lmaz Kimdir?&#8221; &#8212; NationalTurk\" src=\"https:\/\/www.nationalturk.com\/tr\/mesut-yilmaz-kimdir\/embed\/#?secret=3aSnnXhDLz#?secret=Va5ssMqyMU\" data-secret=\"Va5ssMqyMU\" width=\"500\" height=\"282\" frameborder=\"0\" marginwidth=\"0\" marginheight=\"0\" scrolling=\"no\"><\/iframe><\/p>\n","protected":false},"excerpt":{"rendered":"<p>Sahte \u00e7\u00fcr\u00fck raporu ald\u0131rd\u0131\u011f\u0131 iddia edilen DGM Savc\u0131s\u0131 Ahmet Zeki \u00dc\u00e7ok 129 Sibel Fatma \u00c7arm\u0131kl\u0131 ve o\u011flu i\u00e7in 17.5 y\u0131l aras\u0131nda hapis istendi<\/p>\n","protected":false},"author":4,"featured_media":191430,"comment_status":"open","ping_status":"open","sticky":false,"template":"","format":"standard","meta":{"_acf_changed":false,"footnotes":""},"categories":[6155,5005,6202,6805],"tags":[30225,120352,5058,17493,30232,66082,49818,30235,30236,30231,30239,30234,30226,30238],"class_list":["post-27639","post","type-post","status-publish","format-standard","has-post-thumbnail","hentry","category-gundem","category-manset","category-politika","category-turkiye","tag-ahmet-zeki-ucok","tag-albay","tag-aziz-yildirim","tag-aziz-yildirim-curuk-raporu","tag-derya-aydogan","tag-dgm","tag-engin-baltaci","tag-erdem-kilic","tag-fehmi-suna","tag-gulsah-acar","tag-murat-can-carmikli","tag-murat-tugay-tepe","tag-sahte-curuk-raporu","tag-sibel-carmikli"],"acf":[],"_links":{"self":[{"href":"https:\/\/www.nationalturk.com\/tr\/wp-json\/wp\/v2\/posts\/27639","targetHints":{"allow":["GET"]}}],"collection":[{"href":"https:\/\/www.nationalturk.com\/tr\/wp-json\/wp\/v2\/posts"}],"about":[{"href":"https:\/\/www.nationalturk.com\/tr\/wp-json\/wp\/v2\/types\/post"}],"author":[{"embeddable":true,"href":"https:\/\/www.nationalturk.com\/tr\/wp-json\/wp\/v2\/users\/4"}],"replies":[{"embeddable":true,"href":"https:\/\/www.nationalturk.com\/tr\/wp-json\/wp\/v2\/comments?post=27639"}],"version-history":[{"count":0,"href":"https:\/\/www.nationalturk.com\/tr\/wp-json\/wp\/v2\/posts\/27639\/revisions"}],"wp:featuredmedia":[{"embeddable":true,"href":"https:\/\/www.nationalturk.com\/tr\/wp-json\/wp\/v2\/media\/191430"}],"wp:attachment":[{"href":"https:\/\/www.nationalturk.com\/tr\/wp-json\/wp\/v2\/media?parent=27639"}],"wp:term":[{"taxonomy":"category","embeddable":true,"href":"https:\/\/www.nationalturk.com\/tr\/wp-json\/wp\/v2\/categories?post=27639"},{"taxonomy":"post_tag","embeddable":true,"href":"https:\/\/www.nationalturk.com\/tr\/wp-json\/wp\/v2\/tags?post=27639"}],"curies":[{"name":"wp","href":"https:\/\/api.w.org\/{rel}","templated":true}]}}