{"id":276824,"date":"2019-03-29T10:28:40","date_gmt":"2019-03-29T07:28:40","guid":{"rendered":"https:\/\/www.nationalturk.com\/?p=276824"},"modified":"2019-03-29T10:46:21","modified_gmt":"2019-03-29T07:46:21","slug":"son-dakika-ankarada-yangin-5-olu","status":"publish","type":"post","link":"https:\/\/www.nationalturk.com\/tr\/son-dakika-ankarada-yangin-5-olu\/","title":{"rendered":"Son Dakika! Ankara&#8217;da yang\u0131n: 5 \u00f6l\u00fc"},"content":{"rendered":"<h2>Ankara&#8217;daki \u0130skitler Ata Sanayi Sitesi&#8217;nde 3 katl\u0131 metruk binada \u00e7\u0131kan yang\u0131nda, ilk belirlemelere g\u00f6re 5 ki\u015fi hayat\u0131n\u0131 kaybetti. \/ Son Dakika&#8230;<\/h2>\n<p>Ba\u015fkentte \u0130skitler Ata Sanayi Sitesi&#8217;nde 3 katl\u0131 metruk binada \u00e7\u0131kan yang\u0131nda, ilk belirlemelere g\u00f6re 5 ki\u015fi ya\u015fam\u0131n\u0131 yitirdi. <\/p>\n<p>Alt\u0131nda\u011f il\u00e7esi \u0130skitler Ata Sanayi Sitesi&#8217;nde 3 katl\u0131 metruk binada sabah saatlerinde hen\u00fcz belirlenemeyen nedenle yang\u0131n \u00e7\u0131kt\u0131.<\/p>\n<p>B\u00f6lgeye, itfaiye ekipleri ve UMKE personeli ile \u00e7ok say\u0131da ambulans sevk edildi. <\/p>\n<p>Bina etraf\u0131nda \u00e7evre g\u00fcvenli\u011fi al\u0131nd\u0131, itfaiye ekipleri k\u0131sa s\u00fcrede yang\u0131n\u0131 s\u00f6nd\u00fcrerek so\u011futma \u00e7al\u0131\u015fmalar\u0131na ba\u015flad\u0131. <\/p>\n<p>\u00c7o\u011funlu\u011funu Afganistan uyruklular\u0131n olu\u015fturdu\u011fu ka\u011f\u0131t toplayac\u0131lar\u0131n\u0131n kald\u0131\u011f\u0131 belirlenen binan\u0131n alt kat\u0131n\u0131n depo, \u00fcst kat\u0131n\u0131n ise bar\u0131nma ama\u00e7l\u0131 kullan\u0131ld\u0131\u011f\u0131 \u00f6\u011frenildi.<\/p>\n<p>Yang\u0131nda, ilk belirlemelere g\u00f6re 5 ki\u015fi hayat\u0131n\u0131 kaybetti.<\/p>\n<p>Dumandan etkilenen 11 ki\u015fi, ambulanslarla hastanelere kald\u0131r\u0131ld\u0131. <\/p>\n<p>\u00d6len ve yaralananlara ili\u015fkin kimlik tespit \u00e7al\u0131\u015fmalar\u0131 s\u00fcr\u00fcyor. <\/p>\n<!-- Error, Advert is not available at this time due to schedule\/geolocation restrictions! -->\n","protected":false},"excerpt":{"rendered":"<p>Ankara&#8217;daki \u0130skitler Ata Sanayi Sitesi&#8217;nde 3 katl\u0131 metruk binada \u00e7\u0131kan yang\u0131nda, ilk belirlemelere g\u00f6re 5 ki\u015fi hayat\u0131n\u0131 kaybetti. \/ Son Dakika&#8230; Ba\u015fkentte \u0130skitler Ata Sanayi Sitesi&#8217;nde 3 katl\u0131 metruk binada \u00e7\u0131kan yang\u0131nda, ilk belirlemelere g\u00f6re 5 ki\u015fi ya\u015fam\u0131n\u0131 yitirdi. Alt\u0131nda\u011f il\u00e7esi \u0130skitler Ata Sanayi Sitesi&#8217;nde 3 katl\u0131 metruk binada sabah saatlerinde hen\u00fcz belirlenemeyen nedenle yang\u0131n &hellip;<\/p>\n","protected":false},"author":4,"featured_media":251048,"comment_status":"open","ping_status":"open","sticky":false,"template":"","format":"standard","meta":{"_acf_changed":false,"footnotes":""},"categories":[6155,5005,349,6805],"tags":[1688,27382,25429],"class_list":["post-276824","post","type-post","status-publish","format-standard","has-post-thumbnail","hentry","category-gundem","category-manset","category-son-dakika","category-turkiye","tag-ankara","tag-son-dakika","tag-yangin"],"acf":[],"_links":{"self":[{"href":"https:\/\/www.nationalturk.com\/tr\/wp-json\/wp\/v2\/posts\/276824","targetHints":{"allow":["GET"]}}],"collection":[{"href":"https:\/\/www.nationalturk.com\/tr\/wp-json\/wp\/v2\/posts"}],"about":[{"href":"https:\/\/www.nationalturk.com\/tr\/wp-json\/wp\/v2\/types\/post"}],"author":[{"embeddable":true,"href":"https:\/\/www.nationalturk.com\/tr\/wp-json\/wp\/v2\/users\/4"}],"replies":[{"embeddable":true,"href":"https:\/\/www.nationalturk.com\/tr\/wp-json\/wp\/v2\/comments?post=276824"}],"version-history":[{"count":0,"href":"https:\/\/www.nationalturk.com\/tr\/wp-json\/wp\/v2\/posts\/276824\/revisions"}],"wp:featuredmedia":[{"embeddable":true,"href":"https:\/\/www.nationalturk.com\/tr\/wp-json\/wp\/v2\/media\/251048"}],"wp:attachment":[{"href":"https:\/\/www.nationalturk.com\/tr\/wp-json\/wp\/v2\/media?parent=276824"}],"wp:term":[{"taxonomy":"category","embeddable":true,"href":"https:\/\/www.nationalturk.com\/tr\/wp-json\/wp\/v2\/categories?post=276824"},{"taxonomy":"post_tag","embeddable":true,"href":"https:\/\/www.nationalturk.com\/tr\/wp-json\/wp\/v2\/tags?post=276824"}],"curies":[{"name":"wp","href":"https:\/\/api.w.org\/{rel}","templated":true}]}}