{"id":276990,"date":"2019-04-03T12:23:31","date_gmt":"2019-04-03T09:23:31","guid":{"rendered":"https:\/\/www.nationalturk.com\/?p=276990"},"modified":"2019-04-03T13:03:51","modified_gmt":"2019-04-03T10:03:51","slug":"imamoglu-somut-tespitlerimiz-var-isparkta-neler-oldugunu-biliyoruz","status":"publish","type":"post","link":"https:\/\/www.nationalturk.com\/tr\/imamoglu-somut-tespitlerimiz-var-isparkta-neler-oldugunu-biliyoruz\/","title":{"rendered":"\u0130mamo\u011flu: Somut tespitlerimiz var, \u0130SPARK&#8217;ta neler oldu\u011funu biliyoruz"},"content":{"rendered":"<h2>Y\u00fcksek Se\u00e7im Kurulu (YSK) verilerine g\u00f6re \u0130stanbul B\u00fcy\u00fck\u015fehir Belediye (\u0130BB) Ba\u015fkanl\u0131\u011f\u0131&#8217;na se\u00e7ilen CHP&#8217;li Ekrem \u0130mamo\u011flu, &#8220;Biz adalet istiyoruz, mazbatam\u0131z\u0131 talep ediyoruz&#8221; dedi.<\/h2>\n<p>\u0130mamo\u011flu&#8217;nun a\u00e7\u0131klamalar\u0131ndan baz\u0131 b\u00f6l\u00fcmler \u015f\u00f6yle;<\/p>\n<h3>Biz adalet istiyoruz, mazbatam\u0131z\u0131 talep ediyoruz.<\/h3>\n<p>&#8216;T\u00fcrkiye en g\u00fcvenilir se\u00e7im sistemine sahip \u00fclke&#8217; diyen bakanlar\u0131n, 24 Haziran sonras\u0131na kadar verilen t\u00fcm beyanatlar\u0131 s\u0131ralayabilirim. \u015eimdi &#8216;Bu T\u00fcrkiye tarihinin en \u015faibeli se\u00e7imidir&#8217; diyorlar.<\/p>\n<h3>\u0130SPARK&#8217;ta neler oldu\u011funu biliyoruz.<\/h3>\n<p>\u0130BB i\u00e7inde bu s\u00fcre\u00e7te neler olabilece\u011fine dair duyumlar\u0131m\u0131z ve somut tespitlerimiz var. \u0130ptal edemedikleri dijital veriler i\u00e7in baz\u0131 kurumlardan destek istiyorlar. Oraya gitti\u011fimiz an bunlar\u0131 payla\u015faca\u011f\u0131z. \u0130SPARK&#8217;ta neler oldu\u011funu biliyoruz.<\/p>\n<h3>\u0130BB personeli usuls\u00fcz i\u015flere l\u00fctfen &#8216;Dur&#8217; desin.<\/h3>\n<p>\u0130BB personeli kendilerinden yap\u0131lmas\u0131 istenen usuls\u00fcz i\u015flere l\u00fctfen &#8216;Dur&#8217; desin. 16 milyon \u0130stanbullunun vicdan\u0131 onlar\u0131n elinde. Bizim elimizde de onlarca tutanak var. Bak\u0131rk\u00f6y&#8217;deki 1239 numaral\u0131 sand\u0131kta oyumuz 177, ama YSK&#8217;da 1.&#8221;<\/p>\n<!-- Error, Advert is not available at this time due to schedule\/geolocation restrictions! -->\n","protected":false},"excerpt":{"rendered":"<p>Y\u00fcksek Se\u00e7im Kurulu (YSK) verilerine g\u00f6re \u0130stanbul B\u00fcy\u00fck\u015fehir Belediye (\u0130BB) Ba\u015fkanl\u0131\u011f\u0131&#8217;na se\u00e7ilen CHP&#8217;li Ekrem \u0130mamo\u011flu, &#8220;Biz adalet istiyoruz, mazbatam\u0131z\u0131 talep ediyoruz&#8221; dedi. \u0130mamo\u011flu&#8217;nun a\u00e7\u0131klamalar\u0131ndan baz\u0131 b\u00f6l\u00fcmler \u015f\u00f6yle; Biz adalet istiyoruz, mazbatam\u0131z\u0131 talep ediyoruz. &#8216;T\u00fcrkiye en g\u00fcvenilir se\u00e7im sistemine sahip \u00fclke&#8217; diyen bakanlar\u0131n, 24 Haziran sonras\u0131na kadar verilen t\u00fcm beyanatlar\u0131 s\u0131ralayabilirim. \u015eimdi &#8216;Bu T\u00fcrkiye tarihinin en &hellip;<\/p>\n","protected":false},"author":4,"featured_media":276931,"comment_status":"open","ping_status":"open","sticky":false,"template":"","format":"standard","meta":{"_acf_changed":false,"footnotes":""},"categories":[6155,5005,6202,349],"tags":[8723,213620,41520,54087],"class_list":["post-276990","post","type-post","status-publish","format-standard","has-post-thumbnail","hentry","category-gundem","category-manset","category-politika","category-son-dakika","tag-chp","tag-ekrem-imamoglu","tag-ibb","tag-ispark"],"acf":[],"_links":{"self":[{"href":"https:\/\/www.nationalturk.com\/tr\/wp-json\/wp\/v2\/posts\/276990","targetHints":{"allow":["GET"]}}],"collection":[{"href":"https:\/\/www.nationalturk.com\/tr\/wp-json\/wp\/v2\/posts"}],"about":[{"href":"https:\/\/www.nationalturk.com\/tr\/wp-json\/wp\/v2\/types\/post"}],"author":[{"embeddable":true,"href":"https:\/\/www.nationalturk.com\/tr\/wp-json\/wp\/v2\/users\/4"}],"replies":[{"embeddable":true,"href":"https:\/\/www.nationalturk.com\/tr\/wp-json\/wp\/v2\/comments?post=276990"}],"version-history":[{"count":0,"href":"https:\/\/www.nationalturk.com\/tr\/wp-json\/wp\/v2\/posts\/276990\/revisions"}],"wp:featuredmedia":[{"embeddable":true,"href":"https:\/\/www.nationalturk.com\/tr\/wp-json\/wp\/v2\/media\/276931"}],"wp:attachment":[{"href":"https:\/\/www.nationalturk.com\/tr\/wp-json\/wp\/v2\/media?parent=276990"}],"wp:term":[{"taxonomy":"category","embeddable":true,"href":"https:\/\/www.nationalturk.com\/tr\/wp-json\/wp\/v2\/categories?post=276990"},{"taxonomy":"post_tag","embeddable":true,"href":"https:\/\/www.nationalturk.com\/tr\/wp-json\/wp\/v2\/tags?post=276990"}],"curies":[{"name":"wp","href":"https:\/\/api.w.org\/{rel}","templated":true}]}}