{"id":277539,"date":"2019-04-15T11:42:05","date_gmt":"2019-04-15T08:42:05","guid":{"rendered":"https:\/\/www.nationalturk.com\/?p=277539"},"modified":"2019-04-15T11:42:25","modified_gmt":"2019-04-15T08:42:25","slug":"ordu-gostericileri-dagitmaya-basladi-muhalefet-meydanlara-inin-cagrisi-yapti","status":"publish","type":"post","link":"https:\/\/www.nationalturk.com\/tr\/ordu-gostericileri-dagitmaya-basladi-muhalefet-meydanlara-inin-cagrisi-yapti\/","title":{"rendered":"Ordu g\u00f6stericileri da\u011f\u0131tmaya ba\u015flad\u0131, muhalefet &#8220;meydanlara inin&#8221; \u00e7a\u011fr\u0131s\u0131 yapt\u0131"},"content":{"rendered":"<h2>Sudan&#8217;da ordu, Genelkurmay karargah\u0131 \u00f6n\u00fcndeki g\u00f6stericileri da\u011f\u0131tmaya ba\u015flad\u0131. Askerlerin ordu karargah\u0131 \u00f6n\u00fcndeki g\u00f6stericileri da\u011f\u0131tma giri\u015fimi \u00fczerine muhalif gruplar, halka meydanlara inme \u00e7a\u011fr\u0131s\u0131 yapt\u0131.<\/h2>\n<p>Askeri Ge\u00e7ici Konseyi S\u00f6zc\u00fcs\u00fc Korgeneral \u015eemseddin Kebba\u015fi d\u00fczenledi\u011fi bas\u0131n toplant\u0131s\u0131nda, konsey taraf\u0131ndan al\u0131nan kararlara ili\u015fkin a\u00e7\u0131klamalarda bulundu. <\/p>\n<p>Kebba\u015fi, gelecek olan h\u00fck\u00fcmetin siyasi gruplar ve partiler taraf\u0131ndan olu\u015fturulaca\u011f\u0131n\u0131, Askeri Konsey&#8217;in aday g\u00f6stermeyece\u011fini s\u00f6yledi.<\/p>\n<p>Ebu Bekir Mustafa&#8217;n\u0131n g\u00fcvenlik ve istihbarat\u0131n m\u00fcd\u00fcr\u00fc olarak atand\u0131\u011f\u0131n belirten Kebba\u015fi, g\u00fcvenlik ve istihbarat birimlerine ili\u015fkin birtak\u0131m d\u00fczenlemelerin yap\u0131ld\u0131\u011f\u0131n\u0131 dile getirdi.<\/p>\n<p>Konseye ba\u011fl\u0131 alt komisyonlar\u0131n olu\u015fturuldu\u011funu aktaran Kebba\u015fi, bunlara \u00f6rnek olarak Ekonomi ve D\u0131\u015f \u0130li\u015fkiler komisyonlar\u0131n\u0131 g\u00f6sterdi.<\/p>\n<p>Kebba\u015fi, insan haklar\u0131n\u0131 ihlal etmesi nedeniyle ilgili STK&#8217;lerin ele\u015ftirilerine maruz kalan \u0130ntizam Kanunu olarak bilinen &#8220;Genel G\u00f6r\u00fcn\u00fc\u015f ve Giyim Ku\u015fam Yasas\u0131&#8221;n\u0131n yeniden g\u00f6zden ge\u00e7irilmesine karar verildi\u011fini de s\u00f6yledi.<\/p>\n<p>&#8220;G\u00f6stericilerin korunmas\u0131 bizim sorumlulu\u011fumuz alt\u0131ndad\u0131r&#8221; diyen Kebba\u015fi, g\u00f6steri ve izin verilen protestolarla k\u00f6pr\u00fc ve yollar\u0131n kapat\u0131lmas\u0131na ise izin verilmeyece\u011fi uyar\u0131s\u0131nda bulundu.<\/p>\n<p>Kebba\u015fi, bir\u00e7ok kesim taraf\u0131nda bu a\u015famada yard\u0131m edilmesi konusunda vaatler ald\u0131klar\u0131n\u0131 dile getirdi. <\/p>\n<p>Ayr\u0131ca Askeri Ge\u00e7ici Konsey S\u00f6zc\u00fcs\u00fc Kebba\u015fi, yapt\u0131\u011f\u0131 a\u00e7\u0131klamada, Konsey Ba\u015fkan\u0131 Burhan&#8217;\u0131n ABD, \u0130ngiltere, Norve\u00e7 ve Avrupa Birli\u011fi ile Hartum&#8217;daki Ba\u015fkanl\u0131k Saray\u0131&#8217;nda heyetler aras\u0131 g\u00f6r\u00fc\u015fme yapt\u0131\u011f\u0131n\u0131 duyurdu. <\/p>\n<p>Burhan&#8217;\u0131n ABD&#8217;nin Hartum&#8217;daki Maslahatg\u00fczar\u0131 Steven Koutsis&#8217;le de bir araya geldi\u011fini belirten Kebba\u015fi, g\u00f6r\u00fc\u015fmenin i\u00e7eri\u011fine dair ayr\u0131nt\u0131l\u0131 bilgi vermedi.<\/p>\n<p>A\u00e7\u0131klamada, Kautsis&#8217;in ABD-Sudan ili\u015fkilerinin g\u00fc\u00e7lenmesi i\u00e7in iki \u00fclke aras\u0131ndaki i\u015f birli\u011finin s\u00fcrd\u00fcr\u00fclmesinin zorunlu oldu\u011funu dile getirdi\u011fi aktar\u0131ld\u0131. <\/p>\n<!-- Error, Advert is not available at this time due to schedule\/geolocation restrictions! -->\n","protected":false},"excerpt":{"rendered":"<p>Sudan&#8217;da ordu, Genelkurmay karargah\u0131 \u00f6n\u00fcndeki g\u00f6stericileri da\u011f\u0131tmaya ba\u015flad\u0131. Askerlerin ordu karargah\u0131 \u00f6n\u00fcndeki g\u00f6stericileri da\u011f\u0131tma giri\u015fimi \u00fczerine muhalif gruplar, halka meydanlara inme \u00e7a\u011fr\u0131s\u0131 yapt\u0131. Askeri Ge\u00e7ici Konseyi S\u00f6zc\u00fcs\u00fc Korgeneral \u015eemseddin Kebba\u015fi d\u00fczenledi\u011fi bas\u0131n toplant\u0131s\u0131nda, konsey taraf\u0131ndan al\u0131nan kararlara ili\u015fkin a\u00e7\u0131klamalarda bulundu. Kebba\u015fi, gelecek olan h\u00fck\u00fcmetin siyasi gruplar ve partiler taraf\u0131ndan olu\u015fturulaca\u011f\u0131n\u0131, Askeri Konsey&#8217;in aday g\u00f6stermeyece\u011fini s\u00f6yledi. &hellip;<\/p>\n","protected":false},"author":4,"featured_media":277540,"comment_status":"open","ping_status":"open","sticky":false,"template":"","format":"standard","meta":{"_acf_changed":false,"footnotes":""},"categories":[6767,6155,5005,349],"tags":[8512],"class_list":["post-277539","post","type-post","status-publish","format-standard","has-post-thumbnail","hentry","category-afrika","category-gundem","category-manset","category-son-dakika","tag-sudan"],"acf":[],"_links":{"self":[{"href":"https:\/\/www.nationalturk.com\/tr\/wp-json\/wp\/v2\/posts\/277539","targetHints":{"allow":["GET"]}}],"collection":[{"href":"https:\/\/www.nationalturk.com\/tr\/wp-json\/wp\/v2\/posts"}],"about":[{"href":"https:\/\/www.nationalturk.com\/tr\/wp-json\/wp\/v2\/types\/post"}],"author":[{"embeddable":true,"href":"https:\/\/www.nationalturk.com\/tr\/wp-json\/wp\/v2\/users\/4"}],"replies":[{"embeddable":true,"href":"https:\/\/www.nationalturk.com\/tr\/wp-json\/wp\/v2\/comments?post=277539"}],"version-history":[{"count":0,"href":"https:\/\/www.nationalturk.com\/tr\/wp-json\/wp\/v2\/posts\/277539\/revisions"}],"wp:featuredmedia":[{"embeddable":true,"href":"https:\/\/www.nationalturk.com\/tr\/wp-json\/wp\/v2\/media\/277540"}],"wp:attachment":[{"href":"https:\/\/www.nationalturk.com\/tr\/wp-json\/wp\/v2\/media?parent=277539"}],"wp:term":[{"taxonomy":"category","embeddable":true,"href":"https:\/\/www.nationalturk.com\/tr\/wp-json\/wp\/v2\/categories?post=277539"},{"taxonomy":"post_tag","embeddable":true,"href":"https:\/\/www.nationalturk.com\/tr\/wp-json\/wp\/v2\/tags?post=277539"}],"curies":[{"name":"wp","href":"https:\/\/api.w.org\/{rel}","templated":true}]}}