{"id":277621,"date":"2019-04-17T11:22:46","date_gmt":"2019-04-17T08:22:46","guid":{"rendered":"https:\/\/www.nationalturk.com\/?p=277621"},"modified":"2019-04-17T11:22:46","modified_gmt":"2019-04-17T08:22:46","slug":"binali-yildirimi-gordum-hic-kimse-kacamaz-kucaklayisimdan","status":"publish","type":"post","link":"https:\/\/www.nationalturk.com\/tr\/binali-yildirimi-gordum-hic-kimse-kacamaz-kucaklayisimdan\/","title":{"rendered":"&#8220;Binali Y\u0131ld\u0131r\u0131m&#8217;\u0131 g\u00f6rd\u00fcm, hi\u00e7 kimse ka\u00e7amaz kucaklay\u0131\u015f\u0131mdan&#8221;"},"content":{"rendered":"<h2>Resmi olmayan sonu\u00e7lara g\u00f6re \u0130stanbul B\u00fcy\u00fck\u015fehir Belediye (\u0130BB) Ba\u015fkanl\u0131\u011f\u0131 se\u00e7imini kazanan Ekrem \u0130mamo\u011flu, bug\u00fcn birle\u015ftirme tutana\u011f\u0131n\u0131n netle\u015fece\u011fini belirterek &#8220;Bu netle\u015fti\u011fi an mazbatan\u0131n bir anlam\u0131 kalm\u0131yor. Yani nikah k\u0131y\u0131ld\u0131, nikah defteri veriliyor&#8221; dedi.<\/h2>\n<p>Y\u00fcksek Se\u00e7im Kurulu (YSK) ve Anadolu Ajans\u0131 (AA) verilerine g\u00f6re \u0130stanbul B\u00fcy\u00fck\u015fehir Belediye (\u0130BB) Ba\u015fkanl\u0131\u011f\u0131 se\u00e7imlerini kazanan Ekrem \u0130mamo\u011flu, \u00f6l\u00fcm y\u0131l d\u00f6n\u00fcm\u00fc nedeniyle Turgut \u00d6zal&#8217;\u0131n kabrini ziyaret etti.<\/p>\n<h3>Burada g\u00fcndeme dair a\u00e7\u0131klamalarda bulunan Ekrem \u0130mamo\u011flu, \u015funlar\u0131 s\u00f6yledi:<\/h3>\n<p>&#8220;K\u0131smet oldu, b\u00f6yle bir g\u00fcn \u00e7al\u0131\u015f\u0131rken in\u015faat\u0131m\u0131zda bir se\u00e7im d\u00f6neminde konvoyun \u00f6n\u00fcnde durdum. \u0130lk kar\u015f\u0131la\u015fmam\u0131z \u00f6yle olmu\u015ftu. Trabzon&#8217;un sahilinde y\u00fcz y\u00fcze hat\u0131rl\u0131yorum. Ruhu \u015fad olsun. 12 Eyl\u00fcl sonras\u0131nda yeniden g\u00f6reve gelme s\u00fcrecinde m\u00fccadele etmi\u015f birisi. D\u00fcnyaya farkl\u0131 bir bak\u0131\u015f a\u00e7\u0131s\u0131. Rahmetli \u00d6zal siyasetin paradigmalar\u0131n\u0131 de\u011fi\u015ftiren farkl\u0131 bir boyut katt\u0131. Bug\u00fcne bakt\u0131\u011f\u0131m\u0131zda asl\u0131nda ne yaz\u0131k ki baz\u0131 benzer \u015feyler ya\u015f\u0131yoruz.<\/p>\n<p>\u200bSanki ter\u00f6r bu \u00fclkenin kaderiymi\u015f gibi. Ben rahmetli \u00d6zal&#8217;\u0131n manevi huzurunda bunu hat\u0131rlatmak istiyorum. Menderes&#8217;in ve \u00d6zal&#8217;\u0131n temsilcisiyiz diyorlar. Kabul etmiyorum. Biz do\u011frularla yol y\u00fcr\u00fcmek zorunday\u0131z. Biz ge\u00e7mi\u015fteki yanl\u0131\u015flarla de\u011fil, do\u011frularla bu \u00fclkeye y\u00f6n vermek zorunday\u0131z. Bug\u00fcn baz\u0131 vesayetler \u00fczerinden, bask\u0131 alt\u0131nda kurumlara y\u00f6n vererek karar ald\u0131rma \u00e7abas\u0131 var.<\/p>\n<p>Bir odada bavullar\u0131n i\u00e7inden tav\u015fan \u00e7\u0131kararak ne yapar\u0131z anlay\u0131\u015f\u0131yla milletin iradesini bask\u0131 alt\u0131na alma \u00e7abas\u0131n\u0131 g\u00f6r\u00fcyoruz. &#8216;S\u00f6z milletindir&#8217; anlay\u0131\u015f\u0131yla, egemenlik kay\u0131ts\u0131z \u015farts\u0131z milletindir anlay\u0131\u015f\u0131yla ge\u00e7mi\u015ften ders \u00e7\u0131kararak yol y\u00fcr\u00fcmeyi ders edinmi\u015f durumday\u0131z.&#8221;<\/p>\n<p>Cumhuriyet&#8217;in aktard\u0131\u011f\u0131na g\u00f6re \u0130mamo\u011flu, &#8220;Binali Y\u0131ld\u0131rm&#8217;la kar\u015f\u0131la\u015ft\u0131n\u0131z san\u0131r\u0131m&#8221; sorusuna, &#8220;Binali Y\u0131ld\u0131r\u0131m&#8217;\u0131 g\u00f6rd\u00fcm, inseydi onu kucaklard\u0131m da. Hi\u00e7 kimse ka\u00e7amaz kucaklay\u0131\u015f\u0131mdan&#8221; diye cevap verdi.<\/p>\n<!-- Error, Advert is not available at this time due to schedule\/geolocation restrictions! -->\n","protected":false},"excerpt":{"rendered":"<p>Resmi olmayan sonu\u00e7lara g\u00f6re \u0130stanbul B\u00fcy\u00fck\u015fehir Belediye (\u0130BB) Ba\u015fkanl\u0131\u011f\u0131 se\u00e7imini kazanan Ekrem \u0130mamo\u011flu, bug\u00fcn birle\u015ftirme tutana\u011f\u0131n\u0131n netle\u015fece\u011fini belirterek &#8220;Bu netle\u015fti\u011fi an mazbatan\u0131n bir anlam\u0131 kalm\u0131yor. Yani nikah k\u0131y\u0131ld\u0131, nikah defteri veriliyor&#8221; dedi. Y\u00fcksek Se\u00e7im Kurulu (YSK) ve Anadolu Ajans\u0131 (AA) verilerine g\u00f6re \u0130stanbul B\u00fcy\u00fck\u015fehir Belediye (\u0130BB) Ba\u015fkanl\u0131\u011f\u0131 se\u00e7imlerini kazanan Ekrem \u0130mamo\u011flu, \u00f6l\u00fcm y\u0131l d\u00f6n\u00fcm\u00fc nedeniyle &hellip;<\/p>\n","protected":false},"author":4,"featured_media":277622,"comment_status":"open","ping_status":"open","sticky":false,"template":"","format":"standard","meta":{"_acf_changed":false,"footnotes":""},"categories":[6155,5005,6202,349],"tags":[1079,32322,213620,1011,33119],"class_list":["post-277621","post","type-post","status-publish","format-standard","has-post-thumbnail","hentry","category-gundem","category-manset","category-politika","category-son-dakika","tag-binali-yildirim","tag-cumhuriyet","tag-ekrem-imamoglu","tag-istanbul","tag-turgut-ozal"],"acf":[],"_links":{"self":[{"href":"https:\/\/www.nationalturk.com\/tr\/wp-json\/wp\/v2\/posts\/277621","targetHints":{"allow":["GET"]}}],"collection":[{"href":"https:\/\/www.nationalturk.com\/tr\/wp-json\/wp\/v2\/posts"}],"about":[{"href":"https:\/\/www.nationalturk.com\/tr\/wp-json\/wp\/v2\/types\/post"}],"author":[{"embeddable":true,"href":"https:\/\/www.nationalturk.com\/tr\/wp-json\/wp\/v2\/users\/4"}],"replies":[{"embeddable":true,"href":"https:\/\/www.nationalturk.com\/tr\/wp-json\/wp\/v2\/comments?post=277621"}],"version-history":[{"count":0,"href":"https:\/\/www.nationalturk.com\/tr\/wp-json\/wp\/v2\/posts\/277621\/revisions"}],"wp:featuredmedia":[{"embeddable":true,"href":"https:\/\/www.nationalturk.com\/tr\/wp-json\/wp\/v2\/media\/277622"}],"wp:attachment":[{"href":"https:\/\/www.nationalturk.com\/tr\/wp-json\/wp\/v2\/media?parent=277621"}],"wp:term":[{"taxonomy":"category","embeddable":true,"href":"https:\/\/www.nationalturk.com\/tr\/wp-json\/wp\/v2\/categories?post=277621"},{"taxonomy":"post_tag","embeddable":true,"href":"https:\/\/www.nationalturk.com\/tr\/wp-json\/wp\/v2\/tags?post=277621"}],"curies":[{"name":"wp","href":"https:\/\/api.w.org\/{rel}","templated":true}]}}