{"id":277908,"date":"2019-04-24T10:55:27","date_gmt":"2019-04-24T07:55:27","guid":{"rendered":"https:\/\/www.nationalturk.com\/?p=277908"},"modified":"2019-04-24T10:55:27","modified_gmt":"2019-04-24T07:55:27","slug":"yuzlerce-gocmen-gozaltina-alindi","status":"publish","type":"post","link":"https:\/\/www.nationalturk.com\/tr\/yuzlerce-gocmen-gozaltina-alindi\/","title":{"rendered":"Y\u00fczlerce g\u00f6\u00e7men g\u00f6zalt\u0131na al\u0131nd\u0131"},"content":{"rendered":"<h2>Meksika&#8217;da Orta Amerika&#8217;dan gelen y\u00fczlerce g\u00f6\u00e7men g\u00f6zalt\u0131na al\u0131nd\u0131. G\u00f6\u00e7menlik dairesi yetkilileri yapt\u0131klar\u0131 a\u00e7\u0131klamada, Chiapas eyaletinde Orta Amerika \u00fclkelerinden gelen yakla\u015f\u0131k 400 g\u00f6\u00e7menin g\u00f6zalt\u0131na al\u0131nd\u0131\u011f\u0131n\u0131 kaydetti.<\/h2>\n<p>Chiapas&#8217;tan ABD s\u0131n\u0131r\u0131na ula\u015fmay\u0131 hedefleyen yakla\u015f\u0131k 3 bin ki\u015filik konvoya y\u00f6nelik Pijijiapan kentinde polisin d\u00fczenledi\u011fi operasyonda yakla\u015f\u0131k 400 g\u00f6\u00e7menin g\u00f6zalt\u0131na al\u0131nd\u0131\u011f\u0131 belirtildi.<\/p>\n<p>Bu ki\u015filerin g\u00f6\u00e7menlik merkezine g\u00f6t\u00fcr\u00fcld\u00fc\u011f\u00fc san\u0131l\u0131yor.<\/p>\n<p>G\u00f6\u00e7men Enstit\u00fcs\u00fc, 5 bin 336 g\u00f6\u00e7menin Chiapas\u2019ta bar\u0131naklarda kald\u0131\u011f\u0131n\u0131 ve bunlardan 1500\u2019\u00fcn\u00fcn s\u0131n\u0131r d\u0131\u015f\u0131 edilmeyi bekledi\u011fini a\u00e7\u0131klam\u0131\u015ft\u0131.<\/p>\n<p>Meksika s\u0131n\u0131r\u0131ndaki g\u00f6\u00e7men konvoyu<br \/>\nOrta Amerika&#8217;dan ABD&#8217;ye ula\u015fmak i\u00e7in yola \u00e7\u0131kan 7 binden fazla ki\u015finin yer ald\u0131\u011f\u0131 g\u00f6\u00e7men konvoyu ge\u00e7en y\u0131l aral\u0131k ay\u0131nda Meksika topraklar\u0131nda ilerleyerek kuzeydeki s\u0131n\u0131r kenti Tijuana&#8217;ya ula\u015fm\u0131\u015ft\u0131.<\/p>\n<p>ABD s\u0131n\u0131r muhaf\u0131zlar\u0131 ge\u00e7en ay s\u0131n\u0131r\u0131 ge\u00e7meye \u00e7al\u0131\u015fan, aralar\u0131nda \u00e7ocuklar\u0131n da bulundu\u011fu g\u00f6\u00e7menlere g\u00f6z ya\u015fart\u0131c\u0131 gazla m\u00fcdahale etmi\u015fti.<\/p>\n<p>ABD Ba\u015fkan\u0131 Donald Trump, Orta Amerika&#8217;dan ABD&#8217;ye ula\u015fmak i\u00e7in yola \u00e7\u0131kan g\u00f6\u00e7men konvoyundan hi\u00e7 kimsenin, mahkeme emri olmadan \u00fclkeye al\u0131nmayaca\u011f\u0131n\u0131 belirtmi\u015fti.<\/p>\n<p>Amerika ve Meksika h\u00fck\u00fcmetleri aras\u0131nda var\u0131lan &#8220;Meksika&#8217;da Kal&#8221; mutabakat\u0131 kapsam\u0131nda Meksika \u00fczerinden ABD&#8217;ye g\u00f6\u00e7 ba\u015fvurusunda bulunan \u00fc\u00e7\u00fcnc\u00fc \u00fclke vatanda\u015flar\u0131n\u0131n ba\u015fvuru i\u015flemleri sonu\u00e7lanana kadar s\u0131n\u0131r kenti Tijuana&#8217;da ikamet etmesi \u00f6ng\u00f6r\u00fclm\u00fc\u015ft\u00fc.<\/p>\n<p>Meksika Ulusal G\u00f6\u00e7 Komisyonu Ba\u015fkan\u0131 Tonatiuh Guillen, 29 Ocak&#8217;ta yapt\u0131\u011f\u0131 a\u00e7\u0131klamada, h\u00fck\u00fcmetin 1 Aral\u0131k 2018&#8217;den bu yana \u00e7o\u011funlu\u011fu Orta Amerika \u00fclkelerinden toplam 3 bin 983 g\u00f6\u00e7mene ge\u00e7i\u015f vizesi verdi\u011fini a\u00e7\u0131klam\u0131\u015ft\u0131.<\/p>\n<!-- Error, Advert is not available at this time due to schedule\/geolocation restrictions! -->\n","protected":false},"excerpt":{"rendered":"<p>Meksika&#8217;da Orta Amerika&#8217;dan gelen y\u00fczlerce g\u00f6\u00e7men g\u00f6zalt\u0131na al\u0131nd\u0131. G\u00f6\u00e7menlik dairesi yetkilileri yapt\u0131klar\u0131 a\u00e7\u0131klamada, Chiapas eyaletinde Orta Amerika \u00fclkelerinden gelen yakla\u015f\u0131k 400 g\u00f6\u00e7menin g\u00f6zalt\u0131na al\u0131nd\u0131\u011f\u0131n\u0131 kaydetti. Chiapas&#8217;tan ABD s\u0131n\u0131r\u0131na ula\u015fmay\u0131 hedefleyen yakla\u015f\u0131k 3 bin ki\u015filik konvoya y\u00f6nelik Pijijiapan kentinde polisin d\u00fczenledi\u011fi operasyonda yakla\u015f\u0131k 400 g\u00f6\u00e7menin g\u00f6zalt\u0131na al\u0131nd\u0131\u011f\u0131 belirtildi. Bu ki\u015filerin g\u00f6\u00e7menlik merkezine g\u00f6t\u00fcr\u00fcld\u00fc\u011f\u00fc san\u0131l\u0131yor. G\u00f6\u00e7men Enstit\u00fcs\u00fc, &hellip;<\/p>\n","protected":false},"author":4,"featured_media":277909,"comment_status":"open","ping_status":"open","sticky":false,"template":"","format":"standard","meta":{"_acf_changed":false,"footnotes":""},"categories":[6768,6155,6771,5005,349],"tags":[1887,827,83039],"class_list":["post-277908","post","type-post","status-publish","format-standard","has-post-thumbnail","hentry","category-amerika","category-gundem","category-latin-amerika","category-manset","category-son-dakika","tag-abd","tag-meksika","tag-orta-amerika"],"acf":[],"_links":{"self":[{"href":"https:\/\/www.nationalturk.com\/tr\/wp-json\/wp\/v2\/posts\/277908","targetHints":{"allow":["GET"]}}],"collection":[{"href":"https:\/\/www.nationalturk.com\/tr\/wp-json\/wp\/v2\/posts"}],"about":[{"href":"https:\/\/www.nationalturk.com\/tr\/wp-json\/wp\/v2\/types\/post"}],"author":[{"embeddable":true,"href":"https:\/\/www.nationalturk.com\/tr\/wp-json\/wp\/v2\/users\/4"}],"replies":[{"embeddable":true,"href":"https:\/\/www.nationalturk.com\/tr\/wp-json\/wp\/v2\/comments?post=277908"}],"version-history":[{"count":0,"href":"https:\/\/www.nationalturk.com\/tr\/wp-json\/wp\/v2\/posts\/277908\/revisions"}],"wp:featuredmedia":[{"embeddable":true,"href":"https:\/\/www.nationalturk.com\/tr\/wp-json\/wp\/v2\/media\/277909"}],"wp:attachment":[{"href":"https:\/\/www.nationalturk.com\/tr\/wp-json\/wp\/v2\/media?parent=277908"}],"wp:term":[{"taxonomy":"category","embeddable":true,"href":"https:\/\/www.nationalturk.com\/tr\/wp-json\/wp\/v2\/categories?post=277908"},{"taxonomy":"post_tag","embeddable":true,"href":"https:\/\/www.nationalturk.com\/tr\/wp-json\/wp\/v2\/tags?post=277908"}],"curies":[{"name":"wp","href":"https:\/\/api.w.org\/{rel}","templated":true}]}}