{"id":278005,"date":"2019-04-26T10:01:39","date_gmt":"2019-04-26T07:01:39","guid":{"rendered":"https:\/\/www.nationalturk.com\/?p=278005"},"modified":"2019-04-26T10:02:26","modified_gmt":"2019-04-26T07:02:26","slug":"eski-aym-baskanindan-salvolar-ne-pozitif-hukuk-kurallari-ne-de-ahlak-biraktilar","status":"publish","type":"post","link":"https:\/\/www.nationalturk.com\/tr\/eski-aym-baskanindan-salvolar-ne-pozitif-hukuk-kurallari-ne-de-ahlak-biraktilar\/","title":{"rendered":"Eski AYM ba\u015fkan\u0131ndan salvolar: Ne pozitif hukuk kurallar\u0131 ne de ahlak b\u0131rakt\u0131lar"},"content":{"rendered":"<h2>Eski Anayasa Mahkemesi Ba\u015fkan\u0131 Ha\u015fim K\u0131l\u0131\u00e7, AKP y\u00f6netimine birtak\u0131m ele\u015ftirilerde bulundu. K\u0131l\u0131\u00e7, &#8220;Ne yaz\u0131k ki \u00f6nce \u2018ahlak ve maneviyat&#8217; diye iktidara gelen bu arkada\u015flar\u0131m\u0131z, ne pozitif hukuk kurallar\u0131 b\u0131rakt\u0131lar ne de ahlak b\u0131rakt\u0131lar&#8221; dedi.<\/h2>\n<p>Eski Anayasa Mahkemesi Ba\u015fkan\u0131 Ha\u015fim K\u0131l\u0131\u00e7, Rekabet Derne\u011fi taraf\u0131ndan d\u00fczenlenen &#8216;Adil Rekabete Katk\u0131&#8217; \u00f6d\u00fcl t\u00f6renine kat\u0131ld\u0131.<\/p>\n<p><a href=\"https:\/\/www.sozcu.com.tr\/2019\/gundem\/bu-arkadaslar-ne-ahlak-ne-de-hukuk-biraktilar-4570243\/\" rel=\"noopener noreferrer\" target=\"_blank\">S\u00f6zc\u00fc&#8217;den Yavuz Alatan&#8217;\u0131n haberine g\u00f6re K\u0131l\u0131\u00e7<\/a>, burada k\u00fcrs\u00fcye \u00e7\u0131karak g\u00fcndeme dair baz\u0131 a\u00e7\u0131klamalarda bulundu.<\/p>\n<p>Kamu \u0130hale Kanunu&#8217;nun y\u00fcr\u00fcrl\u00fc\u011fe girdi\u011finden bu yana 186 kez de\u011fi\u015ftirildi\u011fini belirten K\u0131l\u0131\u00e7, \u015f\u00f6yle konu\u015ftu:<\/p>\n<p>\u201cBir kanun niye bu kadar de\u011fi\u015ftirilir? Pozitif hukuk kural\u0131n\u0131 kald\u0131r\u0131yorsunuz ki \u00f6b\u00fcr tarafa, ahlaki taraf\u0131 terk ediyorsunuz. Ne yaz\u0131k ki \u00f6nce \u2018ahlak ve maneviyat&#8217; diye iktidara gelen bu arkada\u015flar\u0131m\u0131z, ne pozitif hukuk kurallar\u0131 b\u0131rakt\u0131lar ne de ahlak b\u0131rakt\u0131lar. Dolay\u0131s\u0131yla ne bir rekabet, ne bir \u015fey s\u00f6z konusu olamayacakt\u0131r. Biz bu ahlaki daha do\u011frusu insanlar\u0131n subjektif alan\u0131na b\u0131rak\u0131lan i\u015fleri s\u0131f\u0131ra indirmedi\u011fimiz s\u00fcrece, bu \u00fclkede rahat edemeyece\u011fiz.\u201d<\/p>\n<!-- Error, Advert is not available at this time due to schedule\/geolocation restrictions! -->\n","protected":false},"excerpt":{"rendered":"<p>Eski Anayasa Mahkemesi Ba\u015fkan\u0131 Ha\u015fim K\u0131l\u0131\u00e7, AKP y\u00f6netimine birtak\u0131m ele\u015ftirilerde bulundu. K\u0131l\u0131\u00e7, &#8220;Ne yaz\u0131k ki \u00f6nce \u2018ahlak ve maneviyat&#8217; diye iktidara gelen bu arkada\u015flar\u0131m\u0131z, ne pozitif hukuk kurallar\u0131 b\u0131rakt\u0131lar ne de ahlak b\u0131rakt\u0131lar&#8221; dedi. Eski Anayasa Mahkemesi Ba\u015fkan\u0131 Ha\u015fim K\u0131l\u0131\u00e7, Rekabet Derne\u011fi taraf\u0131ndan d\u00fczenlenen &#8216;Adil Rekabete Katk\u0131&#8217; \u00f6d\u00fcl t\u00f6renine kat\u0131ld\u0131. S\u00f6zc\u00fc&#8217;den Yavuz Alatan&#8217;\u0131n haberine g\u00f6re &hellip;<\/p>\n","protected":false},"author":4,"featured_media":278006,"comment_status":"open","ping_status":"open","sticky":false,"template":"","format":"standard","meta":{"_acf_changed":false,"footnotes":""},"categories":[6155,5005,6202],"tags":[9476,11271,11198,82725],"class_list":["post-278005","post","type-post","status-publish","format-standard","has-post-thumbnail","hentry","category-gundem","category-manset","category-politika","tag-akp","tag-anayasa-mahkemesi","tag-hasim-kilic","tag-sozcu"],"acf":[],"_links":{"self":[{"href":"https:\/\/www.nationalturk.com\/tr\/wp-json\/wp\/v2\/posts\/278005","targetHints":{"allow":["GET"]}}],"collection":[{"href":"https:\/\/www.nationalturk.com\/tr\/wp-json\/wp\/v2\/posts"}],"about":[{"href":"https:\/\/www.nationalturk.com\/tr\/wp-json\/wp\/v2\/types\/post"}],"author":[{"embeddable":true,"href":"https:\/\/www.nationalturk.com\/tr\/wp-json\/wp\/v2\/users\/4"}],"replies":[{"embeddable":true,"href":"https:\/\/www.nationalturk.com\/tr\/wp-json\/wp\/v2\/comments?post=278005"}],"version-history":[{"count":0,"href":"https:\/\/www.nationalturk.com\/tr\/wp-json\/wp\/v2\/posts\/278005\/revisions"}],"wp:featuredmedia":[{"embeddable":true,"href":"https:\/\/www.nationalturk.com\/tr\/wp-json\/wp\/v2\/media\/278006"}],"wp:attachment":[{"href":"https:\/\/www.nationalturk.com\/tr\/wp-json\/wp\/v2\/media?parent=278005"}],"wp:term":[{"taxonomy":"category","embeddable":true,"href":"https:\/\/www.nationalturk.com\/tr\/wp-json\/wp\/v2\/categories?post=278005"},{"taxonomy":"post_tag","embeddable":true,"href":"https:\/\/www.nationalturk.com\/tr\/wp-json\/wp\/v2\/tags?post=278005"}],"curies":[{"name":"wp","href":"https:\/\/api.w.org\/{rel}","templated":true}]}}