{"id":278125,"date":"2019-04-30T09:37:47","date_gmt":"2019-04-30T06:37:47","guid":{"rendered":"https:\/\/www.nationalturk.com\/?p=278125"},"modified":"2023-07-28T22:51:24","modified_gmt":"2023-07-28T19:51:24","slug":"ak-partili-vekilin-dugununde-en-cok-alkisi-kim-almis-dersiniz","status":"publish","type":"post","link":"https:\/\/www.nationalturk.com\/tr\/ak-partili-vekilin-dugununde-en-cok-alkisi-kim-almis-dersiniz\/","title":{"rendered":"&#8220;AK Partili vekilin d\u00fc\u011f\u00fcn\u00fcnde en \u00e7ok alk\u0131\u015f\u0131 kim alm\u0131\u015f dersiniz?&#8221;"},"content":{"rendered":"<h2>Habert\u00fcrk yazar\u0131 Fatih Altayl\u0131, bir AK Partili milletvekilinin d\u00fc\u011f\u00fcn\u00fcne ya\u015fananlara dair baz\u0131 duyumlar\u0131n\u0131 aktard\u0131. Altayl\u0131, &#8220;Binali Y\u0131ld\u0131r\u0131m salonu girerken ortal\u0131k y\u0131k\u0131lm\u0131\u015f. Davetliler Binali Bey\u2019i ayakta dakikalarca alk\u0131\u015flam\u0131\u015flar&#8221; dedi.<\/h2>\n<p><a href=\"https:\/\/www.haberturk.com\/yazarlar\/fatih-altayli-1001\/2447014-tzortapozun-turkiye-seferleri\" rel=\"noopener noreferrer\" target=\"_blank\">Fatih Altayl\u0131, &#8220;Tzortapoz\u2019un T\u00fcrkiye seferleri&#8221; ba\u015fl\u0131\u011f\u0131yla yay\u0131mlanan yaz\u0131s\u0131nda<\/a> &#8220;\u00d6nceki ak\u015fam \u0130stanbul\u2019da AK Partililerin toplant\u0131, d\u00fc\u011f\u00fcn, iftar gibi etkinliklerinde en \u00e7ok tercih ettikleri otelde AK Partili bir milletvekili han\u0131mefendinin d\u00fc\u011f\u00fcn\u00fc vard\u0131&#8221; bilgisini verdi.<\/p>\n<p>Altayl\u0131 \u015f\u00f6yle devam etti:<\/p>\n<p>&#8220;Davetli de\u011fildim tabii ki!<\/p>\n<p>Ancak davetliler aras\u0131nda pek \u00e7ok tan\u0131d\u0131\u011f\u0131m vard\u0131.<\/p>\n<p>D\u00fc\u011f\u00fcn sonras\u0131 yapt\u0131\u011f\u0131m\u0131z dedikodulardan \u00f6\u011frendi\u011fim kadar\u0131 ile d\u00fc\u011f\u00fcne AK Parti\u2019nin pek \u00e7ok \u00fcst d\u00fczey y\u00f6neticisi kat\u0131lm\u0131\u015f.<\/p>\n<p>Peki salona giri\u015finde en \u00e7ok alk\u0131\u015f\u0131 kim alm\u0131\u015f dersiniz?<\/p>\n<p>Hay\u0131r bilemediniz.<\/p>\n<p>Binali Y\u0131ld\u0131r\u0131m salona girerken ortal\u0131k y\u0131k\u0131lm\u0131\u015f.<\/p>\n<p>Davetliler Binali Bey\u2019i ayakta dakikalarca alk\u0131\u015flam\u0131\u015flar.<\/p>\n<p>Binali Y\u0131ld\u0131r\u0131m K\u0131z\u0131lcahamam\u2019a davet edilmemi\u015f olabilir ama AK Partili kalplere davet edilmi\u015f belli ki.&#8221;<\/p>\n<!-- Error, Advert is not available at this time due to schedule\/geolocation restrictions! -->\n","protected":false},"excerpt":{"rendered":"<p>Habert\u00fcrk yazar\u0131 Fatih Altayl\u0131, bir AK Partili milletvekilinin d\u00fc\u011f\u00fcn\u00fcne ya\u015fananlara dair baz\u0131 duyumlar\u0131n\u0131 aktard\u0131. Altayl\u0131, &#8220;Binali Y\u0131ld\u0131r\u0131m salonu girerken ortal\u0131k y\u0131k\u0131lm\u0131\u015f. Davetliler Binali Bey\u2019i ayakta dakikalarca alk\u0131\u015flam\u0131\u015flar&#8221; dedi. Fatih Altayl\u0131, &#8220;Tzortapoz\u2019un T\u00fcrkiye seferleri&#8221; ba\u015fl\u0131\u011f\u0131yla yay\u0131mlanan yaz\u0131s\u0131nda &#8220;\u00d6nceki ak\u015fam \u0130stanbul\u2019da AK Partililerin toplant\u0131, d\u00fc\u011f\u00fcn, iftar gibi etkinliklerinde en \u00e7ok tercih ettikleri otelde AK Partili bir milletvekili &hellip;<\/p>\n","protected":false},"author":4,"featured_media":277035,"comment_status":"open","ping_status":"open","sticky":false,"template":"","format":"standard","meta":{"_acf_changed":false,"footnotes":""},"categories":[6155,220549,5005,6667,6202,220943],"tags":[3557,1079,8248,221259,221260,4110],"class_list":["post-278125","post","type-post","status-publish","format-standard","has-post-thumbnail","hentry","category-gundem","category-haber","category-manset","category-medya","category-politika","category-siyaset","tag-ak-parti","tag-binali-yildirim","tag-fatih-altayli","tag-fatih-altayli-yazilari","tag-fatih-altayli-yorum","tag-haberturk"],"acf":[],"_links":{"self":[{"href":"https:\/\/www.nationalturk.com\/tr\/wp-json\/wp\/v2\/posts\/278125","targetHints":{"allow":["GET"]}}],"collection":[{"href":"https:\/\/www.nationalturk.com\/tr\/wp-json\/wp\/v2\/posts"}],"about":[{"href":"https:\/\/www.nationalturk.com\/tr\/wp-json\/wp\/v2\/types\/post"}],"author":[{"embeddable":true,"href":"https:\/\/www.nationalturk.com\/tr\/wp-json\/wp\/v2\/users\/4"}],"replies":[{"embeddable":true,"href":"https:\/\/www.nationalturk.com\/tr\/wp-json\/wp\/v2\/comments?post=278125"}],"version-history":[{"count":0,"href":"https:\/\/www.nationalturk.com\/tr\/wp-json\/wp\/v2\/posts\/278125\/revisions"}],"wp:featuredmedia":[{"embeddable":true,"href":"https:\/\/www.nationalturk.com\/tr\/wp-json\/wp\/v2\/media\/277035"}],"wp:attachment":[{"href":"https:\/\/www.nationalturk.com\/tr\/wp-json\/wp\/v2\/media?parent=278125"}],"wp:term":[{"taxonomy":"category","embeddable":true,"href":"https:\/\/www.nationalturk.com\/tr\/wp-json\/wp\/v2\/categories?post=278125"},{"taxonomy":"post_tag","embeddable":true,"href":"https:\/\/www.nationalturk.com\/tr\/wp-json\/wp\/v2\/tags?post=278125"}],"curies":[{"name":"wp","href":"https:\/\/api.w.org\/{rel}","templated":true}]}}