{"id":278492,"date":"2019-05-13T12:13:00","date_gmt":"2019-05-13T09:13:00","guid":{"rendered":"https:\/\/www.nationalturk.com\/?p=278492"},"modified":"2022-09-06T16:56:26","modified_gmt":"2022-09-06T13:56:26","slug":"ataturk-ilk-kez-opera-sahnesinde-dunya-promiyeri-16-mayista","status":"publish","type":"post","link":"https:\/\/www.nationalturk.com\/tr\/ataturk-ilk-kez-opera-sahnesinde-dunya-promiyeri-16-mayista\/","title":{"rendered":"Atat\u00fcrk ilk kez opera sahnesinde! D\u00fcnya pr\u00f6miyeri 16 May\u0131s&#8217;ta"},"content":{"rendered":"<h2>Gazi Mustafa Kemal Atat\u00fcrk&#8217;\u00fcn Milli M\u00fccadele&#8217;yi ba\u015flatmas\u0131n\u0131n 100. y\u0131l\u0131 dolay\u0131s\u0131yla haz\u0131rlanan, Samsun Devlet Opera ve Balesince sahneye konulan operan\u0131n d\u00fcnya pr\u00f6miyeri, 16 May\u0131s&#8217;ta \u0130stanbul Hali\u00e7 Kongre Merkezi&#8217;nde yap\u0131lacak.<\/h2>\n<p>K\u00fcllt\u00fcr ve Turizm Bakanl\u0131\u011f\u0131ndan yap\u0131lan yaz\u0131l\u0131 a\u00e7\u0131klamaya g\u00f6re, Samsun Devlet Opera ve Balesi, Atat\u00fcrk&#8217;\u00fcn Samsun&#8217;a \u00e7\u0131k\u0131\u015f\u0131n\u0131n 100. y\u0131l\u0131n\u0131, \u00f6zel bir proje olan &#8220;Yeniden Do\u011fu\u015f&#8221; operas\u0131yla kutlamaya haz\u0131rlan\u0131yor.<\/p>\n<p>Eser, Mustafa Kemal Atat\u00fcrk ve silah arkada\u015flar\u0131n\u0131n Samsun&#8217;a gitmek \u00fczere \u0130stanbul&#8217;dan yola \u00e7\u0131kt\u0131klar\u0131 g\u00fcne at\u0131fla, ilk kez 16 May\u0131s&#8217;ta sahnelenecek. Opera, \u0130stanbul Hali\u00e7 Kongre Merkezi&#8217;nde sanatseverlerle bulu\u015facak.<\/p>\n<p>1912-1913 Balkan Sava\u015f\u0131 sonras\u0131 Rumeli&#8217;den \u0130stanbul&#8217;a g\u00f6\u00e7mek zorunda b\u0131rak\u0131lan halk\u0131n hikayesiyle a\u00e7\u0131lan eserde, 1. D\u00fcnya Sava\u015f\u0131 y\u0131llar\u0131, \u00c7anakkale Sava\u015f\u0131, i\u015fgal y\u0131llar\u0131ndaki \u0130stanbul, Band\u0131rma Vapuru ile Samsun yolculu\u011fu, Amasya, Erzurum ve Sivas kongreleri, B\u00fcy\u00fck Taarruz, Kurtulu\u015f Sava\u015f\u0131 ve cumhuriyetin ilan edilme s\u00fcreci, aryalar, d\u00fcetler, koro par\u00e7alar\u0131 ve danslarla anlat\u0131lacak.<\/p>\n<h3>Atat\u00fcrk ilk kez opera sahnesinde canland\u0131r\u0131lacak<\/h3>\n<p>T\u00fcrk opera tarihinde bir ilk olan eserde, Mustafa Kemal Atat\u00fcrk de ilk kez opera sahnesinde canland\u0131r\u0131lacak. &#8220;Yeniden Do\u011fu\u015f&#8221;ta Atat\u00fcrk rol\u00fcn\u00fc, \u0130stanbul Devlet Opera ve Balesi sanat\u00e7\u0131lar\u0131ndan tenor Ali Murat Ereng\u00fcl \u00fcstlenecek.<\/p>\n<p>Eserde Z\u00fcbeyde Han\u0131m rol\u00fcnde Hatice Zeliha K\u00f6kcek, Fikriye Han\u0131m rol\u00fcnde Eda Bing\u00f6l G\u00fcrkan, Makbule Han\u0131m rol\u00fcnde Sezgi Elh\u00fcseyni, \u0130smet \u0130n\u00f6n\u00fc rol\u00fcnde G\u00fcrkan Sezgin, Rauf Orbay rol\u00fcnde Murat G\u00f6\u00e7ken, Refet Bele rol\u00fcnde C\u00fcneyt Erdo\u011fan, Cevat Abbas rol\u00fcnde Yunusemre Kemal S\u00f6nmez, Asker Mehmet rol\u00fcnde Bilal Do\u011fan, \u0130talyan Komutan rol\u00fcnde Eray D\u00f6nmez, Kaptan rol\u00fcnde Hakk\u0131 Balka\u015f, Yunanl\u0131 rol\u00fcnde Metin Bayram, Kaz\u0131m Karabekir rol\u00fcnde ise Hasan \u00c7elik sahne alacak.<\/p>\n<p>Librettosu ve bestesi Tevfik Akba\u015fl\u0131&#8217;ya ait eser, bale ve orkestra sanat\u00e7\u0131lar\u0131ndan olu\u015fan yakla\u015f\u0131k 130 ki\u015filik ekip taraf\u0131ndan sahnelenecek.<\/p>\n<p>Serdar Yal\u00e7\u0131n&#8217;\u0131n orkestra \u015fefi oldu\u011fu &#8220;Yeniden Do\u011fu\u015f&#8221;u, \u015eahan G\u00fcrkan sahneye koyacak.<\/p>\n<p>Projeyi ortaya \u00e7\u0131karan Devlet Opera ve Balesi Genel M\u00fcd\u00fcr\u00fc ve Genel Sanat Y\u00f6netmeni Murat Karahan, operan\u0131n sanat y\u00f6netmenli\u011fini de \u00fcstleniyor.<\/p>\n<p>&#8220;Yeniden Do\u011fu\u015f&#8221;un \u0130stanbul&#8217;daki d\u00fcnya pr\u00f6miyeri i\u00e7in biletler Biletiva internet sayfas\u0131ndan sat\u0131\u015fa sunuldu.<\/p>\n<p>Samsun&#8217;da 20 May\u0131s&#8217;ta sahnelenecek eserde, Samsun Devlet Opera ve Balesi koro, orkestra ve bale sanat\u00e7\u0131lar\u0131n\u0131n yan\u0131 s\u0131ra \u0130stanbul Devlet Opera ve Balesi Korosundan ve Modern Dans Toplulu\u011fu (\u0130stanbul) dans\u00e7\u0131lar\u0131ndan olu\u015fan 34 ki\u015filik ekip de yer alacak.<\/p>\n<!-- Error, Advert is not available at this time due to schedule\/geolocation restrictions! -->\n","protected":false},"excerpt":{"rendered":"<p>Gazi Mustafa Kemal Atat\u00fcrk&#8217;\u00fcn Milli M\u00fccadele&#8217;yi ba\u015flatmas\u0131n\u0131n 100. y\u0131l\u0131 dolay\u0131s\u0131yla haz\u0131rlanan, Samsun Devlet Opera ve Balesince sahneye konulan operan\u0131n d\u00fcnya pr\u00f6miyeri, 16 May\u0131s&#8217;ta \u0130stanbul Hali\u00e7 Kongre Merkezi&#8217;nde yap\u0131lacak. K\u00fcllt\u00fcr ve Turizm Bakanl\u0131\u011f\u0131ndan yap\u0131lan yaz\u0131l\u0131 a\u00e7\u0131klamaya g\u00f6re, Samsun Devlet Opera ve Balesi, Atat\u00fcrk&#8217;\u00fcn Samsun&#8217;a \u00e7\u0131k\u0131\u015f\u0131n\u0131n 100. y\u0131l\u0131n\u0131, \u00f6zel bir proje olan &#8220;Yeniden Do\u011fu\u015f&#8221; operas\u0131yla kutlamaya haz\u0131rlan\u0131yor. &hellip;<\/p>\n","protected":false},"author":4,"featured_media":278493,"comment_status":"open","ping_status":"open","sticky":false,"template":"","format":"standard","meta":{"_acf_changed":false,"footnotes":""},"categories":[6155,5005,6670],"tags":[7579,10,211761,3728],"class_list":["post-278492","post","type-post","status-publish","format-standard","has-post-thumbnail","hentry","category-gundem","category-manset","category-sanat","tag-ataturk","tag-italya","tag-opera","tag-samsun"],"acf":[],"_links":{"self":[{"href":"https:\/\/www.nationalturk.com\/tr\/wp-json\/wp\/v2\/posts\/278492","targetHints":{"allow":["GET"]}}],"collection":[{"href":"https:\/\/www.nationalturk.com\/tr\/wp-json\/wp\/v2\/posts"}],"about":[{"href":"https:\/\/www.nationalturk.com\/tr\/wp-json\/wp\/v2\/types\/post"}],"author":[{"embeddable":true,"href":"https:\/\/www.nationalturk.com\/tr\/wp-json\/wp\/v2\/users\/4"}],"replies":[{"embeddable":true,"href":"https:\/\/www.nationalturk.com\/tr\/wp-json\/wp\/v2\/comments?post=278492"}],"version-history":[{"count":0,"href":"https:\/\/www.nationalturk.com\/tr\/wp-json\/wp\/v2\/posts\/278492\/revisions"}],"wp:featuredmedia":[{"embeddable":true,"href":"https:\/\/www.nationalturk.com\/tr\/wp-json\/wp\/v2\/media\/278493"}],"wp:attachment":[{"href":"https:\/\/www.nationalturk.com\/tr\/wp-json\/wp\/v2\/media?parent=278492"}],"wp:term":[{"taxonomy":"category","embeddable":true,"href":"https:\/\/www.nationalturk.com\/tr\/wp-json\/wp\/v2\/categories?post=278492"},{"taxonomy":"post_tag","embeddable":true,"href":"https:\/\/www.nationalturk.com\/tr\/wp-json\/wp\/v2\/tags?post=278492"}],"curies":[{"name":"wp","href":"https:\/\/api.w.org\/{rel}","templated":true}]}}