{"id":278514,"date":"2019-05-13T19:56:57","date_gmt":"2019-05-13T16:56:57","guid":{"rendered":"https:\/\/www.nationalturk.com\/?p=278514"},"modified":"2022-08-17T10:35:49","modified_gmt":"2022-08-17T07:35:49","slug":"hurser-tekinoktay-gerekirse-secime-girmeyiz-besiktas-baskanini-besiktaslilar-secsin","status":"publish","type":"post","link":"https:\/\/www.nationalturk.com\/tr\/hurser-tekinoktay-gerekirse-secime-girmeyiz-besiktas-baskanini-besiktaslilar-secsin\/","title":{"rendered":"H\u00fcrser Tekinoktay: Gerekirse se\u00e7ime girmeyiz, Be\u015fikta\u015f ba\u015fkan\u0131n\u0131 Be\u015fikta\u015fl\u0131lar se\u00e7sin"},"content":{"rendered":"<h2>Be\u015fikta\u015f&#8217;\u0131n d\u00fcn yap\u0131lan Ola\u011fan Genel Kurulunda Fikret Orman ile birlikte ba\u015fkanl\u0131k i\u00e7in yar\u0131\u015fan H\u00fcrser Tekinoktay, usuls\u00fcz \u00fcyeliklerle ilgili yeni bir giri\u015fimde bulunacaklar\u0131n\u0131 a\u00e7\u0131klad\u0131.<\/h2>\n<p>NationalTurk&#8217;e a\u00e7\u0131klamalarda bulunan Tekinoktay \u015funlar\u0131 s\u00f6yledi:<\/p>\n<p>&#8220;\u0130simleri belli, i\u00e7inde sendikac\u0131lar\u0131n da bulundu\u011fu 5268 sahte ve usuls\u00fcz \u00fcyeyle ilgili devam eden davadaki belgelerle se\u00e7imi iptal ettirmek i\u00e7in ba\u015fvuruda bulunaca\u011f\u0131z.<\/p>\n<p>Gerekirse tekrarlanan se\u00e7ime girmeyece\u011fiz. \u00d6nemli olan bu usuls\u00fcz \u00fcyelerden, Be\u015fikta\u015fl\u0131 olmayan ki\u015filerden kongremizi ar\u0131nd\u0131rmak. Kimin ba\u015fkan olmas\u0131 \u00f6nemli de\u011fil, gerekirse Fikret Orman, yenilenecek se\u00e7ime tek ba\u015f\u0131na girsin ve \u00f6nemli olan Be\u015fikta\u015f Ba\u015fkan\u0131 sendikac\u0131lar\u0131n, Galatasarayl\u0131, Fenerbah\u00e7eli, Bursasporlular\u0131n de\u011fil Be\u015fikta\u015fl\u0131lar\u0131n oylar\u0131yla se\u00e7ilsin.<\/p>\n<p>Be\u015fikta\u015f ba\u015fkan\u0131n\u0131 ger\u00e7ek Be\u015fikta\u015fl\u0131lar\u0131n se\u00e7mesini istiyoruz.&#8221;<\/p>\n","protected":false},"excerpt":{"rendered":"<p>Be\u015fikta\u015f&#8217;\u0131n d\u00fcn yap\u0131lan Ola\u011fan Genel Kurulunda Fikret Orman ile birlikte ba\u015fkanl\u0131k i\u00e7in yar\u0131\u015fan H\u00fcrser Tekinoktay, usuls\u00fcz \u00fcyeliklerle ilgili yeni bir giri\u015fimde bulunacaklar\u0131n\u0131 a\u00e7\u0131klad\u0131. NationalTurk&#8217;e a\u00e7\u0131klamalarda bulunan Tekinoktay \u015funlar\u0131 s\u00f6yledi: &#8220;\u0130simleri belli, i\u00e7inde sendikac\u0131lar\u0131n da bulundu\u011fu 5268 sahte ve usuls\u00fcz \u00fcyeyle ilgili devam eden davadaki belgelerle se\u00e7imi iptal ettirmek i\u00e7in ba\u015fvuruda bulunaca\u011f\u0131z. Gerekirse tekrarlanan se\u00e7ime girmeyece\u011fiz. &hellip;<\/p>\n","protected":false},"author":69742,"featured_media":278516,"comment_status":"open","ping_status":"open","sticky":false,"template":"","format":"standard","meta":{"_acf_changed":false,"footnotes":""},"categories":[6774,6155,6194],"tags":[1748,17641],"class_list":["post-278514","post","type-post","status-publish","format-standard","has-post-thumbnail","hentry","category-futbol","category-gundem","category-spor","tag-besiktas","tag-hurser-tekinoktay"],"acf":[],"_links":{"self":[{"href":"https:\/\/www.nationalturk.com\/tr\/wp-json\/wp\/v2\/posts\/278514","targetHints":{"allow":["GET"]}}],"collection":[{"href":"https:\/\/www.nationalturk.com\/tr\/wp-json\/wp\/v2\/posts"}],"about":[{"href":"https:\/\/www.nationalturk.com\/tr\/wp-json\/wp\/v2\/types\/post"}],"author":[{"embeddable":true,"href":"https:\/\/www.nationalturk.com\/tr\/wp-json\/wp\/v2\/users\/69742"}],"replies":[{"embeddable":true,"href":"https:\/\/www.nationalturk.com\/tr\/wp-json\/wp\/v2\/comments?post=278514"}],"version-history":[{"count":0,"href":"https:\/\/www.nationalturk.com\/tr\/wp-json\/wp\/v2\/posts\/278514\/revisions"}],"wp:featuredmedia":[{"embeddable":true,"href":"https:\/\/www.nationalturk.com\/tr\/wp-json\/wp\/v2\/media\/278516"}],"wp:attachment":[{"href":"https:\/\/www.nationalturk.com\/tr\/wp-json\/wp\/v2\/media?parent=278514"}],"wp:term":[{"taxonomy":"category","embeddable":true,"href":"https:\/\/www.nationalturk.com\/tr\/wp-json\/wp\/v2\/categories?post=278514"},{"taxonomy":"post_tag","embeddable":true,"href":"https:\/\/www.nationalturk.com\/tr\/wp-json\/wp\/v2\/tags?post=278514"}],"curies":[{"name":"wp","href":"https:\/\/api.w.org\/{rel}","templated":true}]}}