{"id":278550,"date":"2019-05-14T17:08:57","date_gmt":"2019-05-14T14:08:57","guid":{"rendered":"https:\/\/www.nationalturk.com\/?p=278550"},"modified":"2022-08-17T10:35:31","modified_gmt":"2022-08-17T07:35:31","slug":"yilin-kadini-olmaya-aday-nilay-yilmaz","status":"publish","type":"post","link":"https:\/\/www.nationalturk.com\/tr\/yilin-kadini-olmaya-aday-nilay-yilmaz\/","title":{"rendered":"Nilay Y\u0131lmaz tepki g\u00f6sterdi"},"content":{"rendered":"<p><strong>Be\u015fikta\u015f Ba\u015fkan\u0131 Fikret Orman kendisine y\u00f6neltilen ele\u015ftirilerle ilgili \u201c\u00c7\u0131k\u0131n delikanl\u0131 gibi konu\u015fun. Ger\u00e7i \u00f6yle bir delikanl\u0131 yok burada. Ancak kar\u0131 gibi \u00e7\u0131k\u0131p arkadan konu\u015furlar\u201d dedi.<\/strong><\/p>\n<p>Hakk\u0131nda yap\u0131lan yorumlarla ilgili olarak konu\u015fan Orman, \u201cHakk\u0131mda \u015faibeler var denildi. \u2018Kul\u00fcb\u00fcn u\u00e7a\u011f\u0131n\u0131 tutmu\u015f\u2019 dediler. \u2018B\u0131rak\u0131n u\u00e7a\u011f\u0131, bir tane drone g\u00f6stersinler\u2019 dedim. G\u00f6be\u011finden konu\u015fmayacaks\u0131n. B\u00f6yle bir \u015fey var ise \u00e7\u0131k\u0131p konu\u015fun. Delikanl\u0131 gibi \u00e7\u0131k\u0131n konu\u015fun. \u00d6yle bir delikanl\u0131 adam da yok burada, kar\u0131 gibi \u00e7\u0131k\u0131p arkadan konu\u015furlar\u201d ifadelerini kullanm\u0131\u015ft\u0131.<\/p>\n<p>Bu c\u00fcmleleri \u00fczerine genel kurulda tansiyon y\u00fckselirken Ba\u015fkan Fikret Orman\u2019a b\u00fcy\u00fck tepkiler geldi.<\/p>\n<div style=\"width: 640px;\" class=\"wp-video\"><video class=\"wp-video-shortcode\" id=\"video-278550-1\" width=\"640\" height=\"360\" preload=\"metadata\" controls=\"controls\"><source type=\"video\/mp4\" src=\"https:\/\/www.nationalturk.com\/tr\/wp-content\/uploads\/2019\/05\/fikret-orman-kari-gibi-arkadan-konusurlar.mp4?_=1\" \/><a href=\"https:\/\/www.nationalturk.com\/tr\/wp-content\/uploads\/2019\/05\/fikret-orman-kari-gibi-arkadan-konusurlar.mp4\">https:\/\/www.nationalturk.com\/tr\/wp-content\/uploads\/2019\/05\/fikret-orman-kari-gibi-arkadan-konusurlar.mp4<\/a><\/video><\/div>\n<p>&nbsp;<\/p>\n<h3>Fikret Orman \u201c\u00d6z\u00fcr diliyorum, orucuma verin.&#8221;<\/h3>\n<p>H\u00fcrser Tekinoktay\u2019\u0131n y\u00f6netim kurulu listesinde yer alan Nilay Y\u0131lmaz, Fikret Orman\u2019\u0131n cinsiyet\u00e7i yakla\u015f\u0131m\u0131na k\u00fcrs\u00fc \u00f6n\u00fcne gelerek b\u00fcy\u00fck tepki g\u00f6sterdi.<\/p>\n<p>Nilay Y\u0131lmaz\u2019\u0131n tepkisine kay\u0131ts\u0131z kalamayan Orman, \u201c\u00d6z\u00fcr diliyorum, orucuma verin. B\u00fct\u00fcn \u00fcyelerden, \u00f6zellikle kad\u0131n \u00fcyelerden \u00e7ok \u00f6z\u00fcr diliyorum\u201d ifadesini kulland\u0131.<\/p>\n<figure id=\"attachment_278568\" aria-describedby=\"caption-attachment-278568\" style=\"width: 890px\" class=\"wp-caption aligncenter\"><a href=\"https:\/\/www.nationalturk.com\/tr\/wp-content\/uploads\/2019\/05\/nilay-yilmaz-o-an.jpg\"><img loading=\"lazy\" decoding=\"async\" class=\"size-full wp-image-278568\" src=\"https:\/\/www.nationalturk.com\/tr\/wp-content\/uploads\/2019\/05\/nilay-yilmaz-o-an.jpg\" alt=\"Nilay Y\u0131lmaz O An!\" width=\"890\" height=\"1123\" title=\"\" srcset=\"https:\/\/www.nationalturk.com\/tr\/wp-content\/uploads\/2019\/05\/nilay-yilmaz-o-an.jpg 890w, https:\/\/www.nationalturk.com\/tr\/wp-content\/uploads\/2019\/05\/nilay-yilmaz-o-an-396x500.jpg 396w, https:\/\/www.nationalturk.com\/tr\/wp-content\/uploads\/2019\/05\/nilay-yilmaz-o-an-609x768.jpg 609w\" sizes=\"auto, (max-width: 890px) 100vw, 890px\" \/><\/a><figcaption id=\"caption-attachment-278568\" class=\"wp-caption-text\">Nilay Y\u0131lmaz O An!<\/figcaption><\/figure>\n<h3>Nilay Y\u0131lmaz Kimdir?<\/h3>\n<p>\u0130leti\u015fimci, Spor Yazar\u0131. \u0130stanbul \u00dcniversitesi \u0130leti\u015fim Fak\u00fcltesi Halkla \u0130li\u015fkiler ve Tan\u0131t\u0131m b\u00f6l\u00fcm\u00fcnden mezun olan Nilay Y\u0131lmaz, BJK \u00c7ar\u015f\u0131 grubunu anlatan Asi Ruh belgeselinin proje dan\u0131\u015fmanl\u0131\u011f\u0131n\u0131 yapm\u0131\u015ft\u0131r. S\u0131ras\u0131yla 2005-2010 aras\u0131 Milliyet gazetesinde spor yazar\u0131, 2008-2014 aras\u0131 NTVSpor\u2019da edit\u00f6r, prod\u00fckt\u00f6r ve spor yazar\u0131, 2015-2019 y\u0131llar\u0131 aras\u0131nda da Fanatik gazetesinde spor yazar\u0131 olarak \u00e7al\u0131\u015fm\u0131\u015ft\u0131r. Ayn\u0131 zamanda 2016\u2019dan beri Medyared \u0130leti\u0219im San. Ve Tic. Ltd.\u0218ti. Genel Direkt\u00f6r\u00fc olarak g\u00f6rev yapan Y\u0131lmaz, spor yazarl\u0131\u011f\u0131na devam ediyor.<\/p>\n","protected":false},"excerpt":{"rendered":"<p>Be\u015fikta\u015f Ba\u015fkan\u0131 Fikret Orman kendisine y\u00f6neltilen ele\u015ftirilerle ilgili \u201c\u00c7\u0131k\u0131n delikanl\u0131 gibi konu\u015fun. Ger\u00e7i \u00f6yle bir delikanl\u0131 yok burada. Ancak kar\u0131 gibi \u00e7\u0131k\u0131p arkadan konu\u015furlar\u201d dedi. Hakk\u0131nda yap\u0131lan yorumlarla ilgili olarak konu\u015fan Orman, \u201cHakk\u0131mda \u015faibeler var denildi. \u2018Kul\u00fcb\u00fcn u\u00e7a\u011f\u0131n\u0131 tutmu\u015f\u2019 dediler. \u2018B\u0131rak\u0131n u\u00e7a\u011f\u0131, bir tane drone g\u00f6stersinler\u2019 dedim. G\u00f6be\u011finden konu\u015fmayacaks\u0131n. B\u00f6yle bir \u015fey var ise \u00e7\u0131k\u0131p &hellip;<\/p>\n","protected":false},"author":69742,"featured_media":278569,"comment_status":"open","ping_status":"open","sticky":false,"template":"","format":"standard","meta":{"_acf_changed":false,"footnotes":""},"categories":[6774,6155,763,1,220554],"tags":[1748,37131,17641,200486],"class_list":["post-278550","post","type-post","status-publish","format-standard","has-post-thumbnail","hentry","category-futbol","category-gundem","category-gunun-olayi","category-nationalturk","category-spor-haberleri","tag-besiktas","tag-fikret-orman","tag-hurser-tekinoktay","tag-nilay-yilmaz"],"acf":[],"_links":{"self":[{"href":"https:\/\/www.nationalturk.com\/tr\/wp-json\/wp\/v2\/posts\/278550","targetHints":{"allow":["GET"]}}],"collection":[{"href":"https:\/\/www.nationalturk.com\/tr\/wp-json\/wp\/v2\/posts"}],"about":[{"href":"https:\/\/www.nationalturk.com\/tr\/wp-json\/wp\/v2\/types\/post"}],"author":[{"embeddable":true,"href":"https:\/\/www.nationalturk.com\/tr\/wp-json\/wp\/v2\/users\/69742"}],"replies":[{"embeddable":true,"href":"https:\/\/www.nationalturk.com\/tr\/wp-json\/wp\/v2\/comments?post=278550"}],"version-history":[{"count":0,"href":"https:\/\/www.nationalturk.com\/tr\/wp-json\/wp\/v2\/posts\/278550\/revisions"}],"wp:featuredmedia":[{"embeddable":true,"href":"https:\/\/www.nationalturk.com\/tr\/wp-json\/wp\/v2\/media\/278569"}],"wp:attachment":[{"href":"https:\/\/www.nationalturk.com\/tr\/wp-json\/wp\/v2\/media?parent=278550"}],"wp:term":[{"taxonomy":"category","embeddable":true,"href":"https:\/\/www.nationalturk.com\/tr\/wp-json\/wp\/v2\/categories?post=278550"},{"taxonomy":"post_tag","embeddable":true,"href":"https:\/\/www.nationalturk.com\/tr\/wp-json\/wp\/v2\/tags?post=278550"}],"curies":[{"name":"wp","href":"https:\/\/api.w.org\/{rel}","templated":true}]}}