{"id":27866,"date":"2010-06-12T13:22:17","date_gmt":"2010-06-12T11:22:17","guid":{"rendered":"http:\/\/www.nationalturk.com\/?p=27866"},"modified":"2010-06-12T13:22:17","modified_gmt":"2010-06-12T11:22:17","slug":"almanya-milli-takimi-2010-kadrosu-7462084","status":"publish","type":"post","link":"https:\/\/www.nationalturk.com\/tr\/almanya-milli-takimi-2010-kadrosu-7462084\/","title":{"rendered":"2010 D\u00fcnya Kupas\u0131 Almanya milli tak\u0131m\u0131 kadrosu"},"content":{"rendered":"<p><strong><img loading=\"lazy\" decoding=\"async\" class=\"alignleft size-full wp-image-27867\" title=\"Lukas Podolski\" src=\"http:\/\/www.nationalturk.com\/tr\/wp-content\/uploads\/2010\/06\/lukas_podolski.jpg\" alt=\"\" width=\"460\" height=\"276\" srcset=\"https:\/\/www.nationalturk.com\/tr\/wp-content\/uploads\/2010\/06\/lukas_podolski.jpg 460w, https:\/\/www.nationalturk.com\/tr\/wp-content\/uploads\/2010\/06\/lukas_podolski-280x168.jpg 280w\" sizes=\"auto, (max-width: 460px) 100vw, 460px\" \/>Turnuva tak\u0131m\u0131 Almanya, yenilenmi\u015f kadrosuyla 2010 D\u00fcnya Kupas\u0131&#8217;n\u0131n en b\u00fcy\u00fck s\u00fcrpriz adaylar\u0131ndan. <\/strong><\/p>\n<p>Bayer Leverkusen&#8217;in ba\u015far\u0131l\u0131 file bek\u00e7isi Rene Adler&#8217;in turnuvada yer alamayacak olmas\u0131n\u0131n \u015fokunu ya\u015fayan Almanya Milli Tak\u0131m\u0131&#8217;nda, kaleyi Schalke 04&#8217;\u00fcn ba\u015far\u0131l\u0131 kalecisi Manuel Neuer koruyacak.<\/p>\n<p>Neuer&#8217;in arkas\u0131nda ise Werder Bremen&#8217;den Tim Wiese ile Bayern M\u00fcnih&#8217;in tecr\u00fcbeli kalecisi Hans J\u00f6rg Butt olacak. Neuer, Bundesliga&#8217;da Schalke&#8217;nin 2. s\u0131rada tamamlad\u0131\u011f\u0131 ligde y\u00fcksek performans\u0131yla dikkatleri \u00e7ekti.<\/p>\n<p>Gen\u00e7 ve tecr\u00fcbeli oyuncular\u0131n harmanland\u0131\u011f\u0131 bir kadroya sahip olan Almanya Milli Tak\u0131m\u0131&#8217;nda savunman\u0131n solunda g\u00f6rev yapacak oyuncunun performans\u0131 \u00f6nemli bir etken olacak. Hamburg&#8217;da savunman\u0131n solunu koruyan Dennis Aogo, kaliteli bir oyuncu olmas\u0131na ra\u011fmen, ileri \u00e7\u0131kt\u0131\u011f\u0131nda \u00e7abuk geri d\u00f6nemedi\u011fi zamanlarda b\u00fcy\u00fck s\u0131k\u0131nt\u0131lar ya\u015fatabiliyor.<\/p>\n<p>Almanya&#8217;n\u0131n teknik direkt\u00f6r\u00fc Joachim L\u00f6w&#8217;\u00fcn elinde Philip Lahm gibi hem savunman\u0131n sa\u011f\u0131nda, hem de solunda g\u00f6rev yapabilecek kadar iyi bir kapasiteye sahip bir oyuncunun bulunmas\u0131 da avantaj. L\u00f6w&#8217;\u00fcn hemen hemen her b\u00f6lgede alternatifinin olmas\u0131 Almanlar\u0131 daha da g\u00fc\u00e7l\u00fc k\u0131l\u0131yor.<\/p>\n<p>Almanya Milli Tak\u0131m\u0131&#8217;n\u0131n orta sahas\u0131nda oynayacak futbolcular\u0131n ofansif anlamda daha etkin oldu\u011fu ger\u00e7e\u011fini kabul etmek gerekiyor. Defansif \u00f6zelli\u011fi \u00e7ok kuvvetli olan Simon Rolfes&#8217;in sakatl\u0131\u011f\u0131 nedeniyle D\u00fcnya Kupas\u0131&#8217;nda g\u00f6rev alamayacak olmas\u0131 bir dezavantaj. Ama as\u0131l sorun kaptan Michael Ballack&#8217;\u0131n oynamayacak olmas\u0131.<\/p>\n<p>Panzer&#8217;lerde orta saha, gen\u00e7 fakat tecr\u00fcbeli futbolcular\u0131n yapt\u0131\u011f\u0131 i\u015ften \u00e7ok daha fazlas\u0131n\u0131 ortaya koyabilecek oyunculardan kurulu durumda. Marko Marin, Mesut \u00d6zil, Schweinsteiger ve Trochowski gibi isimler rakip defans\u0131 \u00e7ok ciddi anlamda s\u0131k\u0131nt\u0131lara sokacakt\u0131r. Fakat orta sahada zaman zaman s\u0131k\u0131nt\u0131 ya\u015fayabilirler.<\/p>\n<p>Joachim L\u00f6w&#8217;\u00fcn \u00e7al\u0131\u015ft\u0131rd\u0131\u011f\u0131 Almanya Milli Tak\u0131m\u0131&#8217;n\u0131n forvet hatt\u0131 ise bir anlamda d\u00fc\u015f\u00fcnd\u00fcr\u00fcc\u00fc. L\u00f6w, otorite sa\u011flayabilmek ad\u0131na, disiplinsiz davran\u0131\u015flar\u0131yla dikkat \u00e7eken Kevin Kuranyi&#8217;yi kadroya davet etmedi. Alman bas\u0131n\u0131 bu konuda \u00e7ok ciddi ele\u015ftirilerde de bulunsa L\u00f6w tavr\u0131n\u0131 net bir \u015fekilde ortaya koydu.<\/p>\n<p>As ve alternatif oyuncular\u0131 ile tam bir turnuva tak\u0131m\u0131 olan Almanlar, birbirini tamamlayan futbolculardan kurulu olmas\u0131 ile 2010 D\u00fcnya Kupas\u0131&#8217;nda da ad\u0131ndan s\u0131k\u00e7a s\u00f6z ettirebilir. Almanya Milli Tak\u0131m\u0131&#8217;n\u0131n forvet hatt\u0131nda Cacau, Mario Gomez, Thomas M\u00fcller, Miroslav Klose, Stefan Kiessling ve Lukas Podolski yer al\u0131yor.<\/p>\n<p>Bayern M\u00fcnih&#8217;ten tekrar K\u00f6ln&#8217;e d\u00f6nen Podolski, Bundesliga&#8217;da geride kalan sezonda vasat bir g\u00f6r\u00fcnt\u00fc \u00e7izse de kadroda kendisine yer buldu. Klose&#8217;nin art\u0131k eski Klose olmad\u0131\u011f\u0131n\u0131 kabul etmek gerekiyor. Cacau, Kiessling, Gomez ve M\u00fcller isimleri de L\u00f6w&#8217;\u00fcn vazge\u00e7ilmezleri olacakt\u0131r.<\/p>\n<p><strong>\u0130\u015eTE ALMANYA 2010 KADROSU;<\/strong><\/p>\n<p><strong>Kaleciler<\/strong><\/p>\n<p>Manuel Neuer, Tim Wiese, Joerg Butt<\/p>\n<p><strong>Defans<\/strong><\/p>\n<p>Marcell Jansen, Arne Friedrich, Dennis Aogo, Serdar Ta\u015f\u00e7\u0131, Holger Badstuber, Philipp Lahm, Per Mertesacker, Jerome Boateng<\/p>\n<p><strong>Ortasaha<\/strong><\/p>\n<p>Sami Khedira, Bastian Schweinsteiger, Mesut \u00d6zil, Piotr Trochowski, Toni Kroos, Marko Marin<\/p>\n<p><strong>Forvet<\/strong><\/p>\n<p>Cacau, Stefan Kiessling, Lukas Podolski, Miroslav Klose, Thomas Mueller, Mario Gomez<\/p>\n<p><strong>F\u0130NALLERE NASIL GELD\u0130LER?<\/strong><\/p>\n<p>D\u00fcnya Kupas\u0131 Avrupa elemeleri 4. Grup&#8217;ta Rusya, Finlandiya, Galler, Azerbaycan ve Liechtenstein ile kar\u015f\u0131la\u015fan Almanya, oynad\u0131\u011f\u0131 10 ma\u00e7ta hi\u00e7 yenilgi y\u00fcz\u00fc g\u00f6rmedi ve 8 galibiyetle grubu birinci s\u0131rada tamamlayarak G\u00fcney Afrika biletini ald\u0131.<\/p>\n<span style=\"font-weight: bold; color: #f00;\">Error, group does not exist! Check your syntax! (ID: 103)<\/span>\n","protected":false},"excerpt":{"rendered":"<p>Turnuva tak\u0131m\u0131 Almanya, yenilenmi\u015f kadrosuyla 2010 D\u00fcnya Kupas\u0131&#8217;n\u0131n en b\u00fcy\u00fck s\u00fcrpriz adaylar\u0131ndan.<\/p>\n","protected":false},"author":4,"featured_media":27867,"comment_status":"open","ping_status":"open","sticky":false,"template":"","format":"standard","meta":{"_acf_changed":false,"footnotes":""},"categories":[8244,6774,6194],"tags":[2174,24003,30757,30756,30758,24001,30742,30747,30751,23982,30489,1017,195982,30744,23983,30740,30753,30738,30741,23996,23991,30748,30754,30746,30745,30749,23988,30743,30752,30755,30739,30750],"class_list":["post-27866","post","type-post","status-publish","format-standard","has-post-thumbnail","hentry","category-fifa-dunya-kupasi","category-futbol","category-spor","tag-almanya","tag-almanya-2010-kadrosu","tag-almanya-kadro","tag-almanya-kadrosu","tag-almanya-milli-takim-kadrosu","tag-almanya-milli-takimi-2010-kadrosu","tag-arne-friedrich","tag-bastian-schweinsteiger","tag-cacau","tag-dennis-aogo","tag-dunya-kupasi-kadrolari","tag-fifa-2010","tag-fifa-dunya-kupasi","tag-holger-badstuber","tag-jerome-boateng","tag-joerg-butt","tag-lukas-podolski","tag-manuel-neuer","tag-marcell-jansen","tag-mario-gomez","tag-marko-marin","tag-mesut-ozil","tag-miroslav-klose","tag-per-mertesacker","tag-philipp-lahm","tag-piotr-trochowski","tag-sami-khedira","tag-serdar-tasci","tag-stefan-kiessling","tag-thomas-mueller","tag-tim-wiese","tag-toni-kroos"],"acf":[],"_links":{"self":[{"href":"https:\/\/www.nationalturk.com\/tr\/wp-json\/wp\/v2\/posts\/27866","targetHints":{"allow":["GET"]}}],"collection":[{"href":"https:\/\/www.nationalturk.com\/tr\/wp-json\/wp\/v2\/posts"}],"about":[{"href":"https:\/\/www.nationalturk.com\/tr\/wp-json\/wp\/v2\/types\/post"}],"author":[{"embeddable":true,"href":"https:\/\/www.nationalturk.com\/tr\/wp-json\/wp\/v2\/users\/4"}],"replies":[{"embeddable":true,"href":"https:\/\/www.nationalturk.com\/tr\/wp-json\/wp\/v2\/comments?post=27866"}],"version-history":[{"count":0,"href":"https:\/\/www.nationalturk.com\/tr\/wp-json\/wp\/v2\/posts\/27866\/revisions"}],"wp:featuredmedia":[{"embeddable":true,"href":"https:\/\/www.nationalturk.com\/tr\/wp-json\/wp\/v2\/media\/27867"}],"wp:attachment":[{"href":"https:\/\/www.nationalturk.com\/tr\/wp-json\/wp\/v2\/media?parent=27866"}],"wp:term":[{"taxonomy":"category","embeddable":true,"href":"https:\/\/www.nationalturk.com\/tr\/wp-json\/wp\/v2\/categories?post=27866"},{"taxonomy":"post_tag","embeddable":true,"href":"https:\/\/www.nationalturk.com\/tr\/wp-json\/wp\/v2\/tags?post=27866"}],"curies":[{"name":"wp","href":"https:\/\/api.w.org\/{rel}","templated":true}]}}