{"id":278758,"date":"2019-05-21T16:30:13","date_gmt":"2019-05-21T13:30:13","guid":{"rendered":"https:\/\/www.nationalturk.com\/?p=278758"},"modified":"2019-05-21T16:30:13","modified_gmt":"2019-05-21T13:30:13","slug":"pusulalara-eyt-yazmayin-oylari-heba-etmeyin","status":"publish","type":"post","link":"https:\/\/www.nationalturk.com\/tr\/pusulalara-eyt-yazmayin-oylari-heba-etmeyin\/","title":{"rendered":"&#8220;Pusulalara EYT yazmay\u0131n, oylar\u0131 heba etmeyin&#8221;"},"content":{"rendered":"<h2>Eski\u015fehir\u2019de Emeklilikte Ya\u015fa Tak\u0131lanlar (EYT) ile iftar yeme\u011finde bir araya gelen CHP Eski\u015fehir milletvekilleri Utku \u00c7ak\u0131r\u00f6zer ve Jale Nur S\u00fcll\u00fc, 23 Haziran&#8217;da yap\u0131lacak olan \u0130stanbul se\u00e7imlerinde oy pusulalar\u0131na EYT yazmamalar\u0131 \u00e7a\u011fr\u0131s\u0131nda bulundu. \u00c7ak\u0131r\u00f6zer, &#8220;\u0130stanbul se\u00e7imlerinde l\u00fctfen pusulalara EYT yazmay\u0131n, oylar\u0131n\u0131z\u0131 heba etmeyin&#8221; dedi.<\/h2>\n<p>CHP&#8217;li milletvekilleri Utku \u00c7ak\u0131r\u00f6zer ile Jale Nur S\u00fcll\u00fc Eski\u015fehir&#8217;de Tepeba\u015f\u0131 Belediyesi&#8217;nin d\u00fczenledi\u011fi iftar yeme\u011finde bir araya geldi\u011fi EYT\u2019lilere 23 Haziran\u2019da yap\u0131lacak olan \u0130stanbul se\u00e7imlerinde oy pusulalar\u0131na EYT yazmamalar\u0131 \u00e7a\u011fr\u0131s\u0131nda bulundu.<\/p>\n<p>EYT\u2019lilerin hakl\u0131 m\u00fccadelelerinde g\u00f6sterdikleri dayan\u0131\u015fman\u0131n sadece T\u00fcrkiye\u2019ye de\u011fil t\u00fcm D\u00fcnya\u2019ya \u00f6rnek oldu\u011funu ve her zaman EYT\u2019lilerin yan\u0131nda olduklar\u0131n\u0131 dile getiren \u00c7ak\u0131r\u00f6zer ve S\u00fcll\u00fc, \u201c Sadece T\u00fcrkiye\u2019de de\u011fil D\u00fcnya\u2019ya \u00f6rnek bir dayan\u0131\u015fmay\u0131 \u00fclkenin d\u00f6rt bir yan\u0131nda \u00f6rg\u00fctlediniz. \u0130stanbul\u2019da, Ankara\u2019da meydanlar\u0131 nas\u0131l doldurdu\u011funuz, nas\u0131l g\u00fczel bir dayan\u0131\u015fma g\u00f6sterdiniz. Sizleri bir kez daha kutluyoruz ve hakl\u0131 m\u00fccadelenizde her zaman yan\u0131n\u0131zda oldu\u011fumuzu bilmenizi istiyoruz\u201d dedi.<\/p>\n<p>\u00c7ak\u0131r\u00f6zer, \u201cBiz sadece ve sadece sizin bu \u00f6rnek m\u00fccadelenizin sesi olmaya \u00e7al\u0131\u015f\u0131yoruz. Bu kutsal m\u00fccadelenize ses olmaya \u00e7al\u0131\u015f\u0131yoruz. M\u00fccadele sizindir. Hakl\u0131s\u0131n\u0131z, hakl\u0131y\u0131z, kazanaca\u011f\u0131z\u201d diye konu\u015ftu.<\/p>\n<p>31 Mart se\u00e7imlerinde EYT\u2019lilerin tepki olarak oy pusulalar\u0131na EYT yazmas\u0131n\u0131n oylar\u0131n iptaline neden oldu\u011funu ve binlerce oyun heba oldu\u011funu vurgulayan \u00c7ak\u0131r\u00f6zer, \u201cSe\u00e7imlerde tepkinizi g\u00f6sterdiniz hakl\u0131 olarak ama g\u00f6sterdi\u011finiz tepkiler oylar\u0131n iptali olarak sonu\u00e7land\u0131. Belki de \u0130stanbul\u2019da farkl\u0131 bir sonu\u00e7 olacakt\u0131, se\u00e7im belki daha fazla kazan\u0131lacakt\u0131\u201d dedi.<\/p>\n<p>\u00c7ak\u0131r\u00f6zer ve S\u00fcll\u00fc EYT\u2019lilere 23 Haziran se\u00e7imlerinde oy pusulalar\u0131na EYT yazmamalar\u0131 \u00e7a\u011fr\u0131s\u0131nda bulundu, \u201cSizlerden rica ediyoruz \u0130stanbul\u2019daki t\u00fcm EYT\u2019li dostlara bu ak\u015famdan ba\u015flayarak gerekirse her g\u00fcn, her ak\u015fam ama \u00f6zellikle de 22 Haziran ak\u015fam\u0131 s\u00f6yleyin l\u00fctfen oy pusulas\u0131na EYT yazmay\u0131n. Art\u0131k \u00e7ok basit bir oy var. Meclis\u2019te EYT\u2019ye evet diyenler ile hay\u0131r diyenler. Bu zor bir tercih de\u011fil, belki \u00f6ncesinde \u00e7ok tercih vard\u0131 ama art\u0131k sadece iki tercih var. EYT\u2019yi hay\u0131r diyenler, EYT\u2019ye evet diyenler, sizin kutsal m\u00fccadelenize ses olmak isteyenler, biz yan\u0131n\u0131zday\u0131z diyenler. L\u00fctfen oylar\u0131n\u0131 heba etmeyen. Bu ger\u00e7ekten \u00e7ok \u00f6nemli bir se\u00e7im ve ayn\u0131 zamanda T\u00fcrkiye\u2019nin kader se\u00e7imi. Bu se\u00e7imin kaderini siz belirleyeceksiniz buna inan\u0131n ve l\u00fctfen hata yapmay\u0131n. Her \u015fey \u00e7ok g\u00fczel olacak ve T\u00fcrkiye\u2019nin d\u00f6rt bir yan\u0131 bayram olacak\u201d diye konu\u015ftu.<\/p>\n<!-- Error, Advert is not available at this time due to schedule\/geolocation restrictions! -->\n","protected":false},"excerpt":{"rendered":"<p>Eski\u015fehir\u2019de Emeklilikte Ya\u015fa Tak\u0131lanlar (EYT) ile iftar yeme\u011finde bir araya gelen CHP Eski\u015fehir milletvekilleri Utku \u00c7ak\u0131r\u00f6zer ve Jale Nur S\u00fcll\u00fc, 23 Haziran&#8217;da yap\u0131lacak olan \u0130stanbul se\u00e7imlerinde oy pusulalar\u0131na EYT yazmamalar\u0131 \u00e7a\u011fr\u0131s\u0131nda bulundu. \u00c7ak\u0131r\u00f6zer, &#8220;\u0130stanbul se\u00e7imlerinde l\u00fctfen pusulalara EYT yazmay\u0131n, oylar\u0131n\u0131z\u0131 heba etmeyin&#8221; dedi. CHP&#8217;li milletvekilleri Utku \u00c7ak\u0131r\u00f6zer ile Jale Nur S\u00fcll\u00fc Eski\u015fehir&#8217;de Tepeba\u015f\u0131 Belediyesi&#8217;nin d\u00fczenledi\u011fi &hellip;<\/p>\n","protected":false},"author":4,"featured_media":278759,"comment_status":"open","ping_status":"open","sticky":false,"template":"","format":"standard","meta":{"_acf_changed":false,"footnotes":""},"categories":[6155,5005,6202,349],"tags":[8723,8985,219872,73722],"class_list":["post-278758","post","type-post","status-publish","format-standard","has-post-thumbnail","hentry","category-gundem","category-manset","category-politika","category-son-dakika","tag-chp","tag-eskisehir","tag-eyt","tag-utku-cakirozer"],"acf":[],"_links":{"self":[{"href":"https:\/\/www.nationalturk.com\/tr\/wp-json\/wp\/v2\/posts\/278758","targetHints":{"allow":["GET"]}}],"collection":[{"href":"https:\/\/www.nationalturk.com\/tr\/wp-json\/wp\/v2\/posts"}],"about":[{"href":"https:\/\/www.nationalturk.com\/tr\/wp-json\/wp\/v2\/types\/post"}],"author":[{"embeddable":true,"href":"https:\/\/www.nationalturk.com\/tr\/wp-json\/wp\/v2\/users\/4"}],"replies":[{"embeddable":true,"href":"https:\/\/www.nationalturk.com\/tr\/wp-json\/wp\/v2\/comments?post=278758"}],"version-history":[{"count":0,"href":"https:\/\/www.nationalturk.com\/tr\/wp-json\/wp\/v2\/posts\/278758\/revisions"}],"wp:featuredmedia":[{"embeddable":true,"href":"https:\/\/www.nationalturk.com\/tr\/wp-json\/wp\/v2\/media\/278759"}],"wp:attachment":[{"href":"https:\/\/www.nationalturk.com\/tr\/wp-json\/wp\/v2\/media?parent=278758"}],"wp:term":[{"taxonomy":"category","embeddable":true,"href":"https:\/\/www.nationalturk.com\/tr\/wp-json\/wp\/v2\/categories?post=278758"},{"taxonomy":"post_tag","embeddable":true,"href":"https:\/\/www.nationalturk.com\/tr\/wp-json\/wp\/v2\/tags?post=278758"}],"curies":[{"name":"wp","href":"https:\/\/api.w.org\/{rel}","templated":true}]}}