{"id":278779,"date":"2019-05-22T15:27:05","date_gmt":"2019-05-22T12:27:05","guid":{"rendered":"https:\/\/www.nationalturk.com\/?p=278779"},"modified":"2019-05-22T15:27:05","modified_gmt":"2019-05-22T12:27:05","slug":"chp-mecliste-sordu-100den-fazla-hizbullahci-tahliye-edildi-mi","status":"publish","type":"post","link":"https:\/\/www.nationalturk.com\/tr\/chp-mecliste-sordu-100den-fazla-hizbullahci-tahliye-edildi-mi\/","title":{"rendered":"CHP mecliste sordu: 100&#8217;den fazla Hizbullah\u00e7\u0131 tahliye edildi mi?"},"content":{"rendered":"<h2>Cumhuriyet Halk Partisi (CHP), cezaevlerinden 100\u2019e yak\u0131n Hizbullah y\u00f6neticisinin serbest b\u0131rak\u0131ld\u0131\u011f\u0131n\u0131n ve cezaevlerinde a\u011f\u0131r cezaya mahk\u00fbm Hizbullah h\u00fck\u00fcml\u00fcs\u00fcn\u00fcn kalmad\u0131\u011f\u0131n\u0131n ortaya \u00e7\u0131kmas\u0131 sonras\u0131 konuyu Meclis g\u00fcndemine ta\u015f\u0131d\u0131.<\/h2>\n<p>CHP Mersin Milletvekili Alpay Antmen, Adalet Bakan\u0131 Abd\u00fclhamit G\u00fcl\u2019\u00fcn yan\u0131tlamas\u0131 istemiyle verdi\u011fi soru \u00f6nergesinde, Anayasa Mahkemesi\u2019nin 2018\u2019de \u201cheyette askeri h\u00e2kim bulunmas\u0131 yeniden yarg\u0131lama nedenidir\u201d karar\u0131 vermesinden ve Van 1. A\u011f\u0131r Ceza Mahkemesi\u2019nin, 2011\u2019de \u00f6rg\u00fct\u00fcn y\u00f6neticilerini tahliye eden Yarg\u0131tay 9. Ceza Dairesi ba\u015fkan ve \u00fcyelerinin FET\u00d6\u2019den ihrac\u0131n\u0131 da yeniden yarg\u0131lama nedeni saymas\u0131ndan sonra T\u00fcrkiye\u2019nin d\u00f6rt bir yan\u0131ndaki mahkemelerin a\u011f\u0131r su\u00e7lardan h\u00fck\u00fcml\u00fc olan Hizbullah\u00e7\u0131lar i\u00e7in \u201ctahliye\u201d karar\u0131 verdi\u011fini ifade etti. Antmen, \u201cSerbest kalan Hizbullah mensuplar\u0131n\u0131n \u00f6nemli b\u00f6l\u00fcm\u00fcn\u00fcn \u2018anayasal d\u00fczeni zorla de\u011fi\u015ftirmek ve cinayet\u2019 su\u00e7lar\u0131ndan h\u00fck\u00fcml\u00fc olduklar\u0131 bilinmektedir\u201d dedi.<br \/>\nAntmen, \u00f6nergesinde \u015fu sorular\u0131 sordu:<\/p>\n<p>&#8211; 2010 y\u0131l\u0131ndan bu yana ge\u00e7en s\u00fcrede cezaevlerinde bulunan ka\u00e7 Hizbullah mensubu tahliye edilmi\u015ftir? Bunlardan ka\u00e7\u0131 tekrar eylemde bulunmu\u015ftur? Ka\u00e7\u0131 yurt d\u0131\u015f\u0131na \u00e7\u0131km\u0131\u015ft\u0131r?<\/p>\n<p>&#8211; \u015eu anda cezaevlerinde Hizbullah mensubu oldu\u011fu i\u00e7in tutulan ka\u00e7 ki\u015fi bulunmaktad\u0131r? 100\u2019den fazla Hizbullah mensubunu tahliye edildi\u011fi do\u011fru mudur? Ger\u00e7ek say\u0131 nedir?<\/p>\n<p>&#8211; Hizbullah mensuplar\u0131 ile ilgili karar veren hakimlerin FET\u00d6\u2019c\u00fc olmas\u0131 nedeniyle ka\u00e7 dava ve ka\u00e7 ki\u015finin davas\u0131 yeniden g\u00f6r\u00fclm\u00fc\u015ft\u00fcr? Bu davalar hangileridir?<br \/>\n&#8211; \u015eu anda cezaevlerinde ka\u00e7 ter\u00f6r \u00f6rg\u00fct\u00fc mensubu bulunmaktad\u0131r? Bu \u00f6rg\u00fctler hangileridir? Hizbullah mensuplar\u0131n\u0131n davalar\u0131n\u0131n yeniden g\u00f6r\u00fclmesi gerek\u00e7esi ile ba\u015fka bir ter\u00f6r \u00f6rg\u00fct\u00fc davas\u0131 yeniden g\u00f6r\u00fclm\u00fc\u015f m\u00fcd\u00fcr? Bunlar hangileridir? Bu davalarda tahliye bulunmakta m\u0131d\u0131r?<\/p>\n<!-- Error, Advert is not available at this time due to schedule\/geolocation restrictions! -->\n","protected":false},"excerpt":{"rendered":"<p>Cumhuriyet Halk Partisi (CHP), cezaevlerinden 100\u2019e yak\u0131n Hizbullah y\u00f6neticisinin serbest b\u0131rak\u0131ld\u0131\u011f\u0131n\u0131n ve cezaevlerinde a\u011f\u0131r cezaya mahk\u00fbm Hizbullah h\u00fck\u00fcml\u00fcs\u00fcn\u00fcn kalmad\u0131\u011f\u0131n\u0131n ortaya \u00e7\u0131kmas\u0131 sonras\u0131 konuyu Meclis g\u00fcndemine ta\u015f\u0131d\u0131. CHP Mersin Milletvekili Alpay Antmen, Adalet Bakan\u0131 Abd\u00fclhamit G\u00fcl\u2019\u00fcn yan\u0131tlamas\u0131 istemiyle verdi\u011fi soru \u00f6nergesinde, Anayasa Mahkemesi\u2019nin 2018\u2019de \u201cheyette askeri h\u00e2kim bulunmas\u0131 yeniden yarg\u0131lama nedenidir\u201d karar\u0131 vermesinden ve Van 1. &hellip;<\/p>\n","protected":false},"author":4,"featured_media":278780,"comment_status":"open","ping_status":"open","sticky":false,"template":"","format":"standard","meta":{"_acf_changed":false,"footnotes":""},"categories":[6155,5005,6202,349],"tags":[8723,9747],"class_list":["post-278779","post","type-post","status-publish","format-standard","has-post-thumbnail","hentry","category-gundem","category-manset","category-politika","category-son-dakika","tag-chp","tag-hizbullah"],"acf":[],"_links":{"self":[{"href":"https:\/\/www.nationalturk.com\/tr\/wp-json\/wp\/v2\/posts\/278779","targetHints":{"allow":["GET"]}}],"collection":[{"href":"https:\/\/www.nationalturk.com\/tr\/wp-json\/wp\/v2\/posts"}],"about":[{"href":"https:\/\/www.nationalturk.com\/tr\/wp-json\/wp\/v2\/types\/post"}],"author":[{"embeddable":true,"href":"https:\/\/www.nationalturk.com\/tr\/wp-json\/wp\/v2\/users\/4"}],"replies":[{"embeddable":true,"href":"https:\/\/www.nationalturk.com\/tr\/wp-json\/wp\/v2\/comments?post=278779"}],"version-history":[{"count":0,"href":"https:\/\/www.nationalturk.com\/tr\/wp-json\/wp\/v2\/posts\/278779\/revisions"}],"wp:featuredmedia":[{"embeddable":true,"href":"https:\/\/www.nationalturk.com\/tr\/wp-json\/wp\/v2\/media\/278780"}],"wp:attachment":[{"href":"https:\/\/www.nationalturk.com\/tr\/wp-json\/wp\/v2\/media?parent=278779"}],"wp:term":[{"taxonomy":"category","embeddable":true,"href":"https:\/\/www.nationalturk.com\/tr\/wp-json\/wp\/v2\/categories?post=278779"},{"taxonomy":"post_tag","embeddable":true,"href":"https:\/\/www.nationalturk.com\/tr\/wp-json\/wp\/v2\/tags?post=278779"}],"curies":[{"name":"wp","href":"https:\/\/api.w.org\/{rel}","templated":true}]}}